{"id":476968,"date":"2023-04-13T13:48:13","date_gmt":"2023-04-13T19:48:13","guid":{"rendered":"https:\/\/www.zunoticia.com\/noticias-de-hidalgo\/?p=476968"},"modified":"2023-04-13T13:48:14","modified_gmt":"2023-04-13T19:48:14","slug":"choque-por-alcance-deja-solo-danos","status":"publish","type":"post","link":"https:\/\/www.zunoticia.com\/noticias-de-hidalgo\/2023\/04\/13\/choque-por-alcance-deja-solo-danos\/","title":{"rendered":"Choque por alcance deja solo da\u00f1os"},"content":{"rendered":"<aside class=\"mashsb-container mashsb-main mashsb-stretched\"><div class=\"mashsb-box\"><div class=\"mashsb-count mash-large\" style=\"float:left\"><div class=\"counts mashsbcount\">14<\/div><span class=\"mashsb-sharetext\">SHARES<\/span><\/div><div class=\"mashsb-buttons\"><a class=\"mashicon-facebook mash-large mash-center mashsb-noshadow\" href=\"https:\/\/www.facebook.com\/sharer.php?u=https%3A%2F%2Fwww.zunoticia.com%2Fnoticias-de-hidalgo%2F2023%2F04%2F13%2Fchoque-por-alcance-deja-solo-danos%2F\" target=\"_top\" rel=\"nofollow\"><span class=\"icon\"><\/span><span class=\"text\">Share<\/span><\/a><a class=\"mashicon-twitter mash-large mash-center mashsb-noshadow\" href=\"https:\/\/twitter.com\/intent\/tweet?text=&amp;url=https:\/\/www.zunoticia.com\/noticias-de-hidalgo\/2023\/04\/13\/choque-por-alcance-deja-solo-danos\/\" target=\"_top\" rel=\"nofollow\"><span class=\"icon\"><\/span><span class=\"text\">Tweet<\/span><\/a><div class=\"onoffswitch2 mash-large mashsb-noshadow\" style=\"display:none\"><\/div><\/div>\n            <\/div>\n                <div style=\"clear:both\"><\/div><div class=\"mashsb-toggle-container\"><\/div><\/aside>\n            <!-- Share buttons by mashshare.net - Version: 4.0.47-->\n<p><\/p>\n\n\n\n<p><em>Por Francisco Rosas\/Zunoticia<\/em><\/p>\n\n\n\n<p><strong>Atlapexco, Hgo<\/strong>.- Un choque por alcance entre dos autos compactos que se registr\u00f3 en la v\u00eda federal \u00c1lamo-Tamazunchale, dej\u00f3 cuantiosos da\u00f1os materiales.<\/p>\n\n\n\n<p>El percance ocurri\u00f3 la tarde del pasado mi\u00e9rcoles, en el tramo de la carretera Huejutla-Atlapexco, a la altura de la localidad de Palo Gordo, perteneciente a este municipio.<\/p>\n\n\n\n<p>En el sitio, un veh\u00edculo de la marca Nissan Tsuru de color blanco, con placas de circulaci\u00f3n V52-AR6, que era conducido por Leonardo Bautista Bautista, de 40 a\u00f1os de edad, originario de la localidad de Texoloc, Xochiatipan, se impact\u00f3 en la parte trasera de un coche Renault Logan de color gris, con l\u00e1minas met\u00e1licas PCZ-35-55, que era tripulado por Jos\u00e9 San Juan N., de 65 a\u00f1os de edad, con domicilio en Atlaltipa Tecolotitla, Atlapexco.<\/p>\n\n\n\n<p>De los hechos tomaron conocimiento elementos de Seguridad P\u00fablica Municipal, quienes dialogaron con los conductores involucrados en el incidente para que llegaran a un acuerdo para la reparaci\u00f3n de los da\u00f1os materiales, ya que no hubo personas lesionadas.<\/p>\n\n\n\n<figure class=\"wp-block-image size-full\"><img fetchpriority=\"high\" decoding=\"async\" width=\"940\" height=\"788\" src=\"https:\/\/www.zunoticia.com\/noticias-de-hidalgo\/wp-content\/uploads\/2023\/04\/1-54.png\" alt=\"\" class=\"wp-image-476971\" srcset=\"https:\/\/www.zunoticia.com\/noticias-de-hidalgo\/wp-content\/uploads\/2023\/04\/1-54.png 940w, https:\/\/www.zunoticia.com\/noticias-de-hidalgo\/wp-content\/uploads\/2023\/04\/1-54-300x251.png 300w, https:\/\/www.zunoticia.com\/noticias-de-hidalgo\/wp-content\/uploads\/2023\/04\/1-54-768x644.png 768w\" sizes=\"(max-width: 940px) 100vw, 940px\" \/><\/figure>\n","protected":false},"excerpt":{"rendered":"<p>Por Francisco Rosas\/Zunoticia Atlapexco, Hgo.- Un choque por alcance entre dos autos compactos que se registr\u00f3 en la v\u00eda federal \u00c1lamo-Tamazunchale, dej\u00f3 cuantiosos da\u00f1os materiales. El percance ocurri\u00f3 la tarde del pasado mi\u00e9rcoles, en el tramo de la carretera Huejutla-Atlapexco, a la altura de la localidad de Palo Gordo, perteneciente a este municipio. En el&hellip; <a class=\"more-link\" href=\"https:\/\/www.zunoticia.com\/noticias-de-hidalgo\/2023\/04\/13\/choque-por-alcance-deja-solo-danos\/\">Seguir leyendo <span class=\"screen-reader-text\">Choque por alcance deja solo da\u00f1os<\/span><\/a><\/p>\n","protected":false},"author":20,"featured_media":476970,"comment_status":"closed","ping_status":"open","sticky":false,"template":"","format":"standard","meta":{"rop_custom_images_group":[],"rop_custom_messages_group":[],"rop_publish_now":"initial","rop_publish_now_accounts":{"facebook_10159540855086992_322828327761733":""},"rop_publish_now_history":[],"rop_publish_now_status":"pending","footnotes":""},"categories":[178],"tags":[259],"class_list":["post-476968","post","type-post","status-publish","format-standard","has-post-thumbnail","hentry","category-policiaca","tag-policiaca","entry"],"_links":{"self":[{"href":"https:\/\/www.zunoticia.com\/noticias-de-hidalgo\/wp-json\/wp\/v2\/posts\/476968","targetHints":{"allow":["GET"]}}],"collection":[{"href":"https:\/\/www.zunoticia.com\/noticias-de-hidalgo\/wp-json\/wp\/v2\/posts"}],"about":[{"href":"https:\/\/www.zunoticia.com\/noticias-de-hidalgo\/wp-json\/wp\/v2\/types\/post"}],"author":[{"embeddable":true,"href":"https:\/\/www.zunoticia.com\/noticias-de-hidalgo\/wp-json\/wp\/v2\/users\/20"}],"replies":[{"embeddable":true,"href":"https:\/\/www.zunoticia.com\/noticias-de-hidalgo\/wp-json\/wp\/v2\/comments?post=476968"}],"version-history":[{"count":1,"href":"https:\/\/www.zunoticia.com\/noticias-de-hidalgo\/wp-json\/wp\/v2\/posts\/476968\/revisions"}],"predecessor-version":[{"id":476972,"href":"https:\/\/www.zunoticia.com\/noticias-de-hidalgo\/wp-json\/wp\/v2\/posts\/476968\/revisions\/476972"}],"wp:featuredmedia":[{"embeddable":true,"href":"https:\/\/www.zunoticia.com\/noticias-de-hidalgo\/wp-json\/wp\/v2\/media\/476970"}],"wp:attachment":[{"href":"https:\/\/www.zunoticia.com\/noticias-de-hidalgo\/wp-json\/wp\/v2\/media?parent=476968"}],"wp:term":[{"taxonomy":"category","embeddable":true,"href":"https:\/\/www.zunoticia.com\/noticias-de-hidalgo\/wp-json\/wp\/v2\/categories?post=476968"},{"taxonomy":"post_tag","embeddable":true,"href":"https:\/\/www.zunoticia.com\/noticias-de-hidalgo\/wp-json\/wp\/v2\/tags?post=476968"}],"curies":[{"name":"wp","href":"https:\/\/api.w.org\/{rel}","templated":true}]}}