{"id":476973,"date":"2023-04-13T14:08:18","date_gmt":"2023-04-13T20:08:18","guid":{"rendered":"https:\/\/www.zunoticia.com\/noticias-de-hidalgo\/?p=476973"},"modified":"2023-04-13T14:08:19","modified_gmt":"2023-04-13T20:08:19","slug":"grupo-altruista-fortalece-la-campana-por-la-funcionalidad-de-todos","status":"publish","type":"post","link":"https:\/\/www.zunoticia.com\/noticias-de-hidalgo\/2023\/04\/13\/grupo-altruista-fortalece-la-campana-por-la-funcionalidad-de-todos\/","title":{"rendered":"Grupo altruista fortalece la \u201cCampa\u00f1a por la funcionalidad de todos\u201d"},"content":{"rendered":"<aside class=\"mashsb-container mashsb-main mashsb-stretched\"><div class=\"mashsb-box\"><div class=\"mashsb-count mash-large\" style=\"float:left\"><div class=\"counts mashsbcount\">0<\/div><span class=\"mashsb-sharetext\">SHARES<\/span><\/div><div class=\"mashsb-buttons\"><a class=\"mashicon-facebook mash-large mash-center mashsb-noshadow\" href=\"https:\/\/www.facebook.com\/sharer.php?u=https%3A%2F%2Fwww.zunoticia.com%2Fnoticias-de-hidalgo%2F2023%2F04%2F13%2Fgrupo-altruista-fortalece-la-campana-por-la-funcionalidad-de-todos%2F\" target=\"_top\" rel=\"nofollow\"><span class=\"icon\"><\/span><span class=\"text\">Share<\/span><\/a><a class=\"mashicon-twitter mash-large mash-center mashsb-noshadow\" href=\"https:\/\/twitter.com\/intent\/tweet?text=&amp;url=https:\/\/www.zunoticia.com\/noticias-de-hidalgo\/2023\/04\/13\/grupo-altruista-fortalece-la-campana-por-la-funcionalidad-de-todos\/\" target=\"_top\" rel=\"nofollow\"><span class=\"icon\"><\/span><span class=\"text\">Tweet<\/span><\/a><div class=\"onoffswitch2 mash-large mashsb-noshadow\" style=\"display:none\"><\/div><\/div>\n            <\/div>\n                <div style=\"clear:both\"><\/div><div class=\"mashsb-toggle-container\"><\/div><\/aside>\n            <!-- Share buttons by mashshare.net - Version: 4.0.47-->\n<p><\/p>\n\n\n\n<p><em>Por Enedino Hern\u00e1ndez\/Zunoticia<\/em><\/p>\n\n\n\n<p><strong>Huejutla, Hgo<\/strong>.- \u201cComo parte de la \u2018Campa\u00f1a por la funcionalidad de todos\u2019, al momento se han colocado un total de 10 alcanc\u00edas en diversos puntos de la ciudad de Huejutla, y se espera que lleguen otras 10 m\u00e1s; con lo cual se fortalecer\u00e1 una colecta econ\u00f3mica para poder adquirir apoyos funcionales como son bastones y hasta sillas de ruedas, y de ser posible camas hospitalarias\u201d, as\u00ed lo se\u00f1al\u00f3 el profesor Miguel \u00c1ngel Escudero Hervert, representante de un grupo de personas altruistas en Huejutla.<\/p>\n\n\n\n<p>Dijo que, de las 10 alcanc\u00edas, 8 han sido distribuidas estrat\u00e9gicamente en Huejutla y 2 m\u00e1s en Puebla; Las otras 10 que en breve se espera lleguen, ser\u00e1n canalizadas para Veracruz, Nuevo Le\u00f3n, Guanajuato y Sinaloa.<\/p>\n\n\n\n<p>Se\u00f1al\u00f3 que, como grupo altruista realizan un trabajo que va enfocado en apoyar a los pacientes oncol\u00f3gicos de Huejutla y la regi\u00f3n, aunque tambi\u00e9n se han canalizado apoyos para algunos puntos del pa\u00eds.<\/p>\n\n\n\n<p>Destac\u00f3 que la \u2018Campa\u00f1a por la funcionalidad de todos\u2019, en concreto es para los pacientes de Huejutla y de la regi\u00f3n, citando que se requieren camas hospitalarias pues en su momento dos pacientes las necesitaban y no se les pudo prestar, porque no se tienen.<\/p>\n\n\n\n<p>Asimismo, expone que cuando los pacientes yacen en una \u201cetapa terminal\u201d es cuando requieren de una cama hospitalaria, por la misma situaci\u00f3n que ya no se pueden mover, y son de una gran ayuda para los pacientes como para sus familias.<\/p>\n\n\n\n<p>Miguel \u00c1ngel Escudero Hervert, subray\u00f3 que, las alcanc\u00edas de la \u2018Campa\u00f1a por la funcionalidad de todos\u2019 estar\u00e1n de manera permanente, \u201cson de cer\u00e1mica y se tiene que esperar hasta que se llenen para poder romperlas, de esta manera proceder a comprar sillas de ruedas, bastones, muletas, entre otras cosas\u201d.<\/p>\n\n\n\n<figure class=\"wp-block-image size-full\"><img fetchpriority=\"high\" decoding=\"async\" width=\"940\" height=\"788\" src=\"https:\/\/www.zunoticia.com\/noticias-de-hidalgo\/wp-content\/uploads\/2023\/04\/1-55.png\" alt=\"\" class=\"wp-image-476975\" srcset=\"https:\/\/www.zunoticia.com\/noticias-de-hidalgo\/wp-content\/uploads\/2023\/04\/1-55.png 940w, https:\/\/www.zunoticia.com\/noticias-de-hidalgo\/wp-content\/uploads\/2023\/04\/1-55-300x251.png 300w, https:\/\/www.zunoticia.com\/noticias-de-hidalgo\/wp-content\/uploads\/2023\/04\/1-55-768x644.png 768w\" sizes=\"(max-width: 940px) 100vw, 940px\" \/><\/figure>\n","protected":false},"excerpt":{"rendered":"<p>Por Enedino Hern\u00e1ndez\/Zunoticia Huejutla, Hgo.- \u201cComo parte de la \u2018Campa\u00f1a por la funcionalidad de todos\u2019, al momento se han colocado un total de 10 alcanc\u00edas en diversos puntos de la ciudad de Huejutla, y se espera que lleguen otras 10 m\u00e1s; con lo cual se fortalecer\u00e1 una colecta econ\u00f3mica para poder adquirir apoyos funcionales como&hellip; <a class=\"more-link\" href=\"https:\/\/www.zunoticia.com\/noticias-de-hidalgo\/2023\/04\/13\/grupo-altruista-fortalece-la-campana-por-la-funcionalidad-de-todos\/\">Seguir leyendo <span class=\"screen-reader-text\">Grupo altruista fortalece la \u201cCampa\u00f1a por la funcionalidad de todos\u201d<\/span><\/a><\/p>\n","protected":false},"author":20,"featured_media":476974,"comment_status":"closed","ping_status":"open","sticky":false,"template":"","format":"standard","meta":{"rop_custom_images_group":[],"rop_custom_messages_group":[],"rop_publish_now":"initial","rop_publish_now_accounts":{"facebook_10159540855086992_322828327761733":""},"rop_publish_now_history":[],"rop_publish_now_status":"pending","footnotes":""},"categories":[181],"tags":[121],"class_list":["post-476973","post","type-post","status-publish","format-standard","has-post-thumbnail","hentry","category-huejutla","tag-huejutla","entry"],"_links":{"self":[{"href":"https:\/\/www.zunoticia.com\/noticias-de-hidalgo\/wp-json\/wp\/v2\/posts\/476973","targetHints":{"allow":["GET"]}}],"collection":[{"href":"https:\/\/www.zunoticia.com\/noticias-de-hidalgo\/wp-json\/wp\/v2\/posts"}],"about":[{"href":"https:\/\/www.zunoticia.com\/noticias-de-hidalgo\/wp-json\/wp\/v2\/types\/post"}],"author":[{"embeddable":true,"href":"https:\/\/www.zunoticia.com\/noticias-de-hidalgo\/wp-json\/wp\/v2\/users\/20"}],"replies":[{"embeddable":true,"href":"https:\/\/www.zunoticia.com\/noticias-de-hidalgo\/wp-json\/wp\/v2\/comments?post=476973"}],"version-history":[{"count":1,"href":"https:\/\/www.zunoticia.com\/noticias-de-hidalgo\/wp-json\/wp\/v2\/posts\/476973\/revisions"}],"predecessor-version":[{"id":476976,"href":"https:\/\/www.zunoticia.com\/noticias-de-hidalgo\/wp-json\/wp\/v2\/posts\/476973\/revisions\/476976"}],"wp:featuredmedia":[{"embeddable":true,"href":"https:\/\/www.zunoticia.com\/noticias-de-hidalgo\/wp-json\/wp\/v2\/media\/476974"}],"wp:attachment":[{"href":"https:\/\/www.zunoticia.com\/noticias-de-hidalgo\/wp-json\/wp\/v2\/media?parent=476973"}],"wp:term":[{"taxonomy":"category","embeddable":true,"href":"https:\/\/www.zunoticia.com\/noticias-de-hidalgo\/wp-json\/wp\/v2\/categories?post=476973"},{"taxonomy":"post_tag","embeddable":true,"href":"https:\/\/www.zunoticia.com\/noticias-de-hidalgo\/wp-json\/wp\/v2\/tags?post=476973"}],"curies":[{"name":"wp","href":"https:\/\/api.w.org\/{rel}","templated":true}]}}