{"id":476990,"date":"2023-04-13T14:51:34","date_gmt":"2023-04-13T20:51:34","guid":{"rendered":"https:\/\/www.zunoticia.com\/noticias-de-hidalgo\/?p=476990"},"modified":"2023-04-13T20:21:53","modified_gmt":"2023-04-14T02:21:53","slug":"vamos-a-ir-en-coalicion-a-nivel-nacionaly-local-para-las-elecciones-del-2024-pvem","status":"publish","type":"post","link":"https:\/\/www.zunoticia.com\/noticias-de-hidalgo\/2023\/04\/13\/vamos-a-ir-en-coalicion-a-nivel-nacionaly-local-para-las-elecciones-del-2024-pvem\/","title":{"rendered":"Adelanta Verde que ir\u00e1 en coalici\u00f3n con los\u00a0de\u00a0\u00a0la\u00a04T"},"content":{"rendered":"<aside class=\"mashsb-container mashsb-main mashsb-stretched\"><div class=\"mashsb-box\"><div class=\"mashsb-count mash-large\" style=\"float:left\"><div class=\"counts mashsbcount\">21<\/div><span class=\"mashsb-sharetext\">SHARES<\/span><\/div><div class=\"mashsb-buttons\"><a class=\"mashicon-facebook mash-large mash-center mashsb-noshadow\" href=\"https:\/\/www.facebook.com\/sharer.php?u=https%3A%2F%2Fwww.zunoticia.com%2Fnoticias-de-hidalgo%2F2023%2F04%2F13%2Fvamos-a-ir-en-coalicion-a-nivel-nacionaly-local-para-las-elecciones-del-2024-pvem%2F\" target=\"_top\" rel=\"nofollow\"><span class=\"icon\"><\/span><span class=\"text\">Share<\/span><\/a><a class=\"mashicon-twitter mash-large mash-center mashsb-noshadow\" href=\"https:\/\/twitter.com\/intent\/tweet?text=&amp;url=https:\/\/www.zunoticia.com\/noticias-de-hidalgo\/2023\/04\/13\/vamos-a-ir-en-coalicion-a-nivel-nacionaly-local-para-las-elecciones-del-2024-pvem\/\" target=\"_top\" rel=\"nofollow\"><span class=\"icon\"><\/span><span class=\"text\">Tweet<\/span><\/a><div class=\"onoffswitch2 mash-large mashsb-noshadow\" style=\"display:none\"><\/div><\/div>\n            <\/div>\n                <div style=\"clear:both\"><\/div><div class=\"mashsb-toggle-container\"><\/div><\/aside>\n            <!-- Share buttons by mashshare.net - Version: 4.0.47-->\n<p><em>Por Enedino Hern\u00e1ndez\/Zunoticia<\/em><\/p>\n\n\n\n<p><strong>Huejutla, Hgo<\/strong>.- \u201cComo todos los dem\u00e1s institutos pol\u00edticos, actualmente el Partido Verde Ecologista de M\u00e9xico (PVEM) realiza una serie de visitas y reuniones con amigos, militantes y simpatizantes de la regi\u00f3n; ya que nos queda muy claro que vamos a ir en Coalici\u00f3n a nivel nacional y local para las elecciones del 2024, en Hidalgo vamos juntos con MORENA, PT y Nueva Alianza\u201d, as\u00ed lo confirm\u00f3 el coordinador regional del PVEM en la huasteca, Octavio Z\u00fa\u00f1iga Trinidad.<\/p>\n\n\n\n<p>Detall\u00f3 que, con toda oportunidad analizan y poco a poco se entablan pl\u00e1ticas con quienes tienen ciertas aspiraciones a \u201cposibles\u201d candidatos, sin embargo; reconoce, se tienen que esperar los tiempos que se marcan en el calendario electoral para dar m\u00e1s apertura a todo esto.<\/p>\n\n\n\n<p>Asegura que el PVEM se mantiene muy fortalecido, principalmente en toda esta zona de la huasteca \u201cgracias a las candidaturas pasadas hemos ido creciendo, cada vez el partido ha ido creciendo mucho m\u00e1s\u201d.<\/p>\n\n\n\n<p>Indic\u00f3 que el PVEM tienen un buen n\u00famero de simpatizantes para que el candidato que surja y con el cual se vaya en coalici\u00f3n, se le habr\u00e1 de sumar a la gente para el triunfo correspondiente.<\/p>\n\n\n\n<p>Octavio Z\u00fa\u00f1iga Trinidad hizo un llamado a toda la militancia para que se mantenga muy al pendiente, \u201cque todos sigamos unidos y atentos al llamado de la Coordinaci\u00f3n Estatal del PVEM para poder estar en un momento, en un evento del partido\u201d.<\/p>\n\n\n\n<p><\/p>\n","protected":false},"excerpt":{"rendered":"<p>Por Enedino Hern\u00e1ndez\/Zunoticia Huejutla, Hgo.- \u201cComo todos los dem\u00e1s institutos pol\u00edticos, actualmente el Partido Verde Ecologista de M\u00e9xico (PVEM) realiza una serie de visitas y reuniones con amigos, militantes y simpatizantes de la regi\u00f3n; ya que nos queda muy claro que vamos a ir en Coalici\u00f3n a nivel nacional y local para las elecciones del&hellip; <a class=\"more-link\" href=\"https:\/\/www.zunoticia.com\/noticias-de-hidalgo\/2023\/04\/13\/vamos-a-ir-en-coalicion-a-nivel-nacionaly-local-para-las-elecciones-del-2024-pvem\/\">Seguir leyendo <span class=\"screen-reader-text\">Adelanta Verde que ir\u00e1 en coalici\u00f3n con los\u00a0de\u00a0\u00a0la\u00a04T<\/span><\/a><\/p>\n","protected":false},"author":20,"featured_media":476991,"comment_status":"closed","ping_status":"open","sticky":false,"template":"","format":"standard","meta":{"rop_custom_images_group":[],"rop_custom_messages_group":[],"rop_publish_now":"initial","rop_publish_now_accounts":{"facebook_10159540855086992_322828327761733":""},"rop_publish_now_history":[],"rop_publish_now_status":"pending","footnotes":""},"categories":[181],"tags":[121],"class_list":["post-476990","post","type-post","status-publish","format-standard","has-post-thumbnail","hentry","category-huejutla","tag-huejutla","entry"],"_links":{"self":[{"href":"https:\/\/www.zunoticia.com\/noticias-de-hidalgo\/wp-json\/wp\/v2\/posts\/476990","targetHints":{"allow":["GET"]}}],"collection":[{"href":"https:\/\/www.zunoticia.com\/noticias-de-hidalgo\/wp-json\/wp\/v2\/posts"}],"about":[{"href":"https:\/\/www.zunoticia.com\/noticias-de-hidalgo\/wp-json\/wp\/v2\/types\/post"}],"author":[{"embeddable":true,"href":"https:\/\/www.zunoticia.com\/noticias-de-hidalgo\/wp-json\/wp\/v2\/users\/20"}],"replies":[{"embeddable":true,"href":"https:\/\/www.zunoticia.com\/noticias-de-hidalgo\/wp-json\/wp\/v2\/comments?post=476990"}],"version-history":[{"count":3,"href":"https:\/\/www.zunoticia.com\/noticias-de-hidalgo\/wp-json\/wp\/v2\/posts\/476990\/revisions"}],"predecessor-version":[{"id":477050,"href":"https:\/\/www.zunoticia.com\/noticias-de-hidalgo\/wp-json\/wp\/v2\/posts\/476990\/revisions\/477050"}],"wp:featuredmedia":[{"embeddable":true,"href":"https:\/\/www.zunoticia.com\/noticias-de-hidalgo\/wp-json\/wp\/v2\/media\/476991"}],"wp:attachment":[{"href":"https:\/\/www.zunoticia.com\/noticias-de-hidalgo\/wp-json\/wp\/v2\/media?parent=476990"}],"wp:term":[{"taxonomy":"category","embeddable":true,"href":"https:\/\/www.zunoticia.com\/noticias-de-hidalgo\/wp-json\/wp\/v2\/categories?post=476990"},{"taxonomy":"post_tag","embeddable":true,"href":"https:\/\/www.zunoticia.com\/noticias-de-hidalgo\/wp-json\/wp\/v2\/tags?post=476990"}],"curies":[{"name":"wp","href":"https:\/\/api.w.org\/{rel}","templated":true}]}}