{"id":477000,"date":"2023-04-13T17:11:56","date_gmt":"2023-04-13T23:11:56","guid":{"rendered":"https:\/\/www.zunoticia.com\/noticias-de-hidalgo\/?p=477000"},"modified":"2023-04-13T17:11:57","modified_gmt":"2023-04-13T23:11:57","slug":"inauguran-las-instalaciones-de-la-cdheh-en-huejutla","status":"publish","type":"post","link":"https:\/\/www.zunoticia.com\/noticias-de-hidalgo\/2023\/04\/13\/inauguran-las-instalaciones-de-la-cdheh-en-huejutla\/","title":{"rendered":"Inauguran las instalaciones de la CDHEH en Huejutla"},"content":{"rendered":"<aside class=\"mashsb-container mashsb-main mashsb-stretched\"><div class=\"mashsb-box\"><div class=\"mashsb-count mash-large\" style=\"float:left\"><div class=\"counts mashsbcount\">31<\/div><span class=\"mashsb-sharetext\">SHARES<\/span><\/div><div class=\"mashsb-buttons\"><a class=\"mashicon-facebook mash-large mash-center mashsb-noshadow\" href=\"https:\/\/www.facebook.com\/sharer.php?u=https%3A%2F%2Fwww.zunoticia.com%2Fnoticias-de-hidalgo%2F2023%2F04%2F13%2Finauguran-las-instalaciones-de-la-cdheh-en-huejutla%2F\" target=\"_top\" rel=\"nofollow\"><span class=\"icon\"><\/span><span class=\"text\">Share<\/span><\/a><a class=\"mashicon-twitter mash-large mash-center mashsb-noshadow\" href=\"https:\/\/twitter.com\/intent\/tweet?text=&amp;url=https:\/\/www.zunoticia.com\/noticias-de-hidalgo\/2023\/04\/13\/inauguran-las-instalaciones-de-la-cdheh-en-huejutla\/\" target=\"_top\" rel=\"nofollow\"><span class=\"icon\"><\/span><span class=\"text\">Tweet<\/span><\/a><div class=\"onoffswitch2 mash-large mashsb-noshadow\" style=\"display:none\"><\/div><\/div>\n            <\/div>\n                <div style=\"clear:both\"><\/div><div class=\"mashsb-toggle-container\"><\/div><\/aside>\n            <!-- Share buttons by mashshare.net - Version: 4.0.47-->\n<p><\/p>\n\n\n\n<p><em>Por Salvador Altamirano\/Zunoticia<\/em><\/p>\n\n\n\n<p><strong>Huejutla, Hgo<\/strong>.- La ma\u00f1ana de este jueves, la presidenta de la Comisi\u00f3n de los Derechos Humanos del Estado de Hidalgo, Ana Karen Parra Bonilla, en compa\u00f1\u00eda del presidente municipal Daniel Andrade Zurutuza y de&nbsp; representantes de dependencias gubernamentales, cortaron el list\u00f3n inaugural de las nuevas oficinas de la visitadur\u00eda regional.<\/p>\n\n\n\n<p>Durante su intervenci\u00f3n, la titular de la dependencia en el Estado de Hidalgo, refiri\u00f3 que la inauguraci\u00f3n de las nuevas oficinas obedece a tener espacios seguros y c\u00f3modos para atender a las personas que acuden a presentar alguna queja.<\/p>\n\n\n\n<p>Agreg\u00f3 que, la presencia del presidente municipal de Huejutla, la cual agradeci\u00f3, reafirma el compromiso que tiene con la comisi\u00f3n, lo que les garantiza que trabajar\u00e1n de manera coordinada en el tema de los derechos humanos.<\/p>\n\n\n\n<p>Por su parte, al hacer uso de la palabra el alcalde enfatiz\u00f3 que como municipio es un honor ser cabecera distrital de esta fiscal\u00eda, dada la importancia que tiene hoy a lo largo del tiempo la Comisi\u00f3n de los Derechos Humanos, por lo que trabajar\u00e1n de com\u00fan acuerdo.<\/p>\n\n\n\n<p>Es oportuno informar, que las nuevas oficinas de la visitadur\u00eda regional de los Derechos Humanos del Estado de Hidalgo, se encuentran en el Pasaje Comercial Tecoluco, ubicado en la Avenida Corona del Rosal, de la colonia 5 de Mayo.<\/p>\n\n\n\n<p><\/p>\n","protected":false},"excerpt":{"rendered":"<p>Por Salvador Altamirano\/Zunoticia Huejutla, Hgo.- La ma\u00f1ana de este jueves, la presidenta de la Comisi\u00f3n de los Derechos Humanos del Estado de Hidalgo, Ana Karen Parra Bonilla, en compa\u00f1\u00eda del presidente municipal Daniel Andrade Zurutuza y de&nbsp; representantes de dependencias gubernamentales, cortaron el list\u00f3n inaugural de las nuevas oficinas de la visitadur\u00eda regional. Durante su&hellip; <a class=\"more-link\" href=\"https:\/\/www.zunoticia.com\/noticias-de-hidalgo\/2023\/04\/13\/inauguran-las-instalaciones-de-la-cdheh-en-huejutla\/\">Seguir leyendo <span class=\"screen-reader-text\">Inauguran las instalaciones de la CDHEH en Huejutla<\/span><\/a><\/p>\n","protected":false},"author":20,"featured_media":477001,"comment_status":"closed","ping_status":"open","sticky":false,"template":"","format":"standard","meta":{"rop_custom_images_group":[],"rop_custom_messages_group":[],"rop_publish_now":"initial","rop_publish_now_accounts":{"facebook_10159540855086992_322828327761733":""},"rop_publish_now_history":[],"rop_publish_now_status":"pending","footnotes":""},"categories":[181],"tags":[121],"class_list":["post-477000","post","type-post","status-publish","format-standard","has-post-thumbnail","hentry","category-huejutla","tag-huejutla","entry"],"_links":{"self":[{"href":"https:\/\/www.zunoticia.com\/noticias-de-hidalgo\/wp-json\/wp\/v2\/posts\/477000","targetHints":{"allow":["GET"]}}],"collection":[{"href":"https:\/\/www.zunoticia.com\/noticias-de-hidalgo\/wp-json\/wp\/v2\/posts"}],"about":[{"href":"https:\/\/www.zunoticia.com\/noticias-de-hidalgo\/wp-json\/wp\/v2\/types\/post"}],"author":[{"embeddable":true,"href":"https:\/\/www.zunoticia.com\/noticias-de-hidalgo\/wp-json\/wp\/v2\/users\/20"}],"replies":[{"embeddable":true,"href":"https:\/\/www.zunoticia.com\/noticias-de-hidalgo\/wp-json\/wp\/v2\/comments?post=477000"}],"version-history":[{"count":1,"href":"https:\/\/www.zunoticia.com\/noticias-de-hidalgo\/wp-json\/wp\/v2\/posts\/477000\/revisions"}],"predecessor-version":[{"id":477002,"href":"https:\/\/www.zunoticia.com\/noticias-de-hidalgo\/wp-json\/wp\/v2\/posts\/477000\/revisions\/477002"}],"wp:featuredmedia":[{"embeddable":true,"href":"https:\/\/www.zunoticia.com\/noticias-de-hidalgo\/wp-json\/wp\/v2\/media\/477001"}],"wp:attachment":[{"href":"https:\/\/www.zunoticia.com\/noticias-de-hidalgo\/wp-json\/wp\/v2\/media?parent=477000"}],"wp:term":[{"taxonomy":"category","embeddable":true,"href":"https:\/\/www.zunoticia.com\/noticias-de-hidalgo\/wp-json\/wp\/v2\/categories?post=477000"},{"taxonomy":"post_tag","embeddable":true,"href":"https:\/\/www.zunoticia.com\/noticias-de-hidalgo\/wp-json\/wp\/v2\/tags?post=477000"}],"curies":[{"name":"wp","href":"https:\/\/api.w.org\/{rel}","templated":true}]}}