{"id":477041,"date":"2023-04-13T19:52:01","date_gmt":"2023-04-14T01:52:01","guid":{"rendered":"https:\/\/www.zunoticia.com\/noticias-de-hidalgo\/?p=477041"},"modified":"2023-04-13T19:52:02","modified_gmt":"2023-04-14T01:52:02","slug":"todos-los-sectores-son-considerados-en-alineacion-al-plan-estatal-de-desarrollo-erika-saab","status":"publish","type":"post","link":"https:\/\/www.zunoticia.com\/noticias-de-hidalgo\/2023\/04\/13\/todos-los-sectores-son-considerados-en-alineacion-al-plan-estatal-de-desarrollo-erika-saab\/","title":{"rendered":"Todos los sectores son considerados en alineaci\u00f3n al Plan Estatal de Desarrollo: Erika Saab"},"content":{"rendered":"<aside class=\"mashsb-container mashsb-main mashsb-stretched\"><div class=\"mashsb-box\"><div class=\"mashsb-count mash-large\" style=\"float:left\"><div class=\"counts mashsbcount\">23<\/div><span class=\"mashsb-sharetext\">SHARES<\/span><\/div><div class=\"mashsb-buttons\"><a class=\"mashicon-facebook mash-large mash-center mashsb-noshadow\" href=\"https:\/\/www.facebook.com\/sharer.php?u=https%3A%2F%2Fwww.zunoticia.com%2Fnoticias-de-hidalgo%2F2023%2F04%2F13%2Ftodos-los-sectores-son-considerados-en-alineacion-al-plan-estatal-de-desarrollo-erika-saab%2F\" target=\"_top\" rel=\"nofollow\"><span class=\"icon\"><\/span><span class=\"text\">Share<\/span><\/a><a class=\"mashicon-twitter mash-large mash-center mashsb-noshadow\" href=\"https:\/\/twitter.com\/intent\/tweet?text=&amp;url=https:\/\/www.zunoticia.com\/noticias-de-hidalgo\/2023\/04\/13\/todos-los-sectores-son-considerados-en-alineacion-al-plan-estatal-de-desarrollo-erika-saab\/\" target=\"_top\" rel=\"nofollow\"><span class=\"icon\"><\/span><span class=\"text\">Tweet<\/span><\/a><div class=\"onoffswitch2 mash-large mashsb-noshadow\" style=\"display:none\"><\/div><\/div>\n            <\/div>\n                <div style=\"clear:both\"><\/div><div class=\"mashsb-toggle-container\"><\/div><\/aside>\n            <!-- Share buttons by mashshare.net - Version: 4.0.47-->\n<p><em>Por \u00c1ngel Silverio\/Zunoticia<\/em><\/p>\n\n\n\n<p><strong>San Felipe Orizatl\u00e1n, Hgo.-<\/strong> &#8220;Continuamos con los Foros de Consulta para la actualizaci\u00f3n y alineaci\u00f3n del Plan Municipal de Desarrollo al Plan Estatal de Desarrollo, en donde el gobernador del estado ha considerado a todos los sectores productivos de nuestra sociedad, y que claramente no dudamos de que se ver\u00e1 reflejado en mejoras para todos&#8221;.<\/p>\n\n\n\n<p>Fueron las palabras de la alcaldesa Erika Saab Lara, quien encabez\u00f3 en esta ocasi\u00f3n el Foro en la comunidad de Zacayahual, en donde particularmente participaron las y los productores de miel; lo anterior con el prop\u00f3sito de alinear las pol\u00edticas p\u00fablicas a la visi\u00f3n de Estado del Gobierno de Hidalgo que encabeza Julio Menchaca<\/p>\n\n\n\n<figure class=\"wp-block-image size-full\"><img fetchpriority=\"high\" decoding=\"async\" width=\"960\" height=\"640\" src=\"https:\/\/www.zunoticia.com\/noticias-de-hidalgo\/wp-content\/uploads\/2023\/04\/eZy-Watermark-13-04-2023-07-36-46p.m..jpg\" alt=\"\" class=\"wp-image-477047\" srcset=\"https:\/\/www.zunoticia.com\/noticias-de-hidalgo\/wp-content\/uploads\/2023\/04\/eZy-Watermark-13-04-2023-07-36-46p.m..jpg 960w, https:\/\/www.zunoticia.com\/noticias-de-hidalgo\/wp-content\/uploads\/2023\/04\/eZy-Watermark-13-04-2023-07-36-46p.m.-300x200.jpg 300w, https:\/\/www.zunoticia.com\/noticias-de-hidalgo\/wp-content\/uploads\/2023\/04\/eZy-Watermark-13-04-2023-07-36-46p.m.-768x512.jpg 768w\" sizes=\"(max-width: 960px) 100vw, 960px\" \/><\/figure>\n\n\n\n<p>&#8220;Es algo muy importante para todos, por ello es necesario que todos participen, vamos a continuar con las dem\u00e1s mesas con los diferentes sectores, tanto comerciales como del transporte, y productores agr\u00edcolas, su opini\u00f3n es de vital importancia para que el Plan Estatal funcione y se vea mejorado&#8221; indic\u00f3 la edil.<\/p>\n\n\n\n<p>En este tenor, dijo sentirse muy agradecida con todo el equipo que labora con ella, pues se ha logrado avanzar en hagan medida en el municipio, por lo que esperan tener mayor participaci\u00f3n en las diferentes mesas que estar\u00e1n realizando para bien de la entidad, la regi\u00f3n y el municipio.<\/p>\n","protected":false},"excerpt":{"rendered":"<p>Por \u00c1ngel Silverio\/Zunoticia San Felipe Orizatl\u00e1n, Hgo.- &#8220;Continuamos con los Foros de Consulta para la actualizaci\u00f3n y alineaci\u00f3n del Plan Municipal de Desarrollo al Plan Estatal de Desarrollo, en donde el gobernador del estado ha considerado a todos los sectores productivos de nuestra sociedad, y que claramente no dudamos de que se ver\u00e1 reflejado en&hellip; <a class=\"more-link\" href=\"https:\/\/www.zunoticia.com\/noticias-de-hidalgo\/2023\/04\/13\/todos-los-sectores-son-considerados-en-alineacion-al-plan-estatal-de-desarrollo-erika-saab\/\">Seguir leyendo <span class=\"screen-reader-text\">Todos los sectores son considerados en alineaci\u00f3n al Plan Estatal de Desarrollo: Erika Saab<\/span><\/a><\/p>\n","protected":false},"author":12,"featured_media":477046,"comment_status":"closed","ping_status":"open","sticky":false,"template":"","format":"standard","meta":{"rop_custom_images_group":[],"rop_custom_messages_group":[],"rop_publish_now":"initial","rop_publish_now_accounts":{"facebook_10159540855086992_322828327761733":""},"rop_publish_now_history":[],"rop_publish_now_status":"pending","footnotes":""},"categories":[180],"tags":[129],"class_list":["post-477041","post","type-post","status-publish","format-standard","has-post-thumbnail","hentry","category-orizatlan","tag-orizatlan","entry"],"_links":{"self":[{"href":"https:\/\/www.zunoticia.com\/noticias-de-hidalgo\/wp-json\/wp\/v2\/posts\/477041","targetHints":{"allow":["GET"]}}],"collection":[{"href":"https:\/\/www.zunoticia.com\/noticias-de-hidalgo\/wp-json\/wp\/v2\/posts"}],"about":[{"href":"https:\/\/www.zunoticia.com\/noticias-de-hidalgo\/wp-json\/wp\/v2\/types\/post"}],"author":[{"embeddable":true,"href":"https:\/\/www.zunoticia.com\/noticias-de-hidalgo\/wp-json\/wp\/v2\/users\/12"}],"replies":[{"embeddable":true,"href":"https:\/\/www.zunoticia.com\/noticias-de-hidalgo\/wp-json\/wp\/v2\/comments?post=477041"}],"version-history":[{"count":1,"href":"https:\/\/www.zunoticia.com\/noticias-de-hidalgo\/wp-json\/wp\/v2\/posts\/477041\/revisions"}],"predecessor-version":[{"id":477048,"href":"https:\/\/www.zunoticia.com\/noticias-de-hidalgo\/wp-json\/wp\/v2\/posts\/477041\/revisions\/477048"}],"wp:featuredmedia":[{"embeddable":true,"href":"https:\/\/www.zunoticia.com\/noticias-de-hidalgo\/wp-json\/wp\/v2\/media\/477046"}],"wp:attachment":[{"href":"https:\/\/www.zunoticia.com\/noticias-de-hidalgo\/wp-json\/wp\/v2\/media?parent=477041"}],"wp:term":[{"taxonomy":"category","embeddable":true,"href":"https:\/\/www.zunoticia.com\/noticias-de-hidalgo\/wp-json\/wp\/v2\/categories?post=477041"},{"taxonomy":"post_tag","embeddable":true,"href":"https:\/\/www.zunoticia.com\/noticias-de-hidalgo\/wp-json\/wp\/v2\/tags?post=477041"}],"curies":[{"name":"wp","href":"https:\/\/api.w.org\/{rel}","templated":true}]}}