{"id":477063,"date":"2023-04-13T21:15:07","date_gmt":"2023-04-14T03:15:07","guid":{"rendered":"https:\/\/www.zunoticia.com\/noticias-de-hidalgo\/?p=477063"},"modified":"2023-04-13T21:15:08","modified_gmt":"2023-04-14T03:15:08","slug":"taxi-se-salio-de-la-cinta-asfaltica","status":"publish","type":"post","link":"https:\/\/www.zunoticia.com\/noticias-de-hidalgo\/2023\/04\/13\/taxi-se-salio-de-la-cinta-asfaltica\/","title":{"rendered":"Taxi se sali\u00f3 de la cinta asf\u00e1ltica"},"content":{"rendered":"<aside class=\"mashsb-container mashsb-main mashsb-stretched\"><div class=\"mashsb-box\"><div class=\"mashsb-count mash-large\" style=\"float:left\"><div class=\"counts mashsbcount\">45<\/div><span class=\"mashsb-sharetext\">SHARES<\/span><\/div><div class=\"mashsb-buttons\"><a class=\"mashicon-facebook mash-large mash-center mashsb-noshadow\" href=\"https:\/\/www.facebook.com\/sharer.php?u=https%3A%2F%2Fwww.zunoticia.com%2Fnoticias-de-hidalgo%2F2023%2F04%2F13%2Ftaxi-se-salio-de-la-cinta-asfaltica%2F\" target=\"_top\" rel=\"nofollow\"><span class=\"icon\"><\/span><span class=\"text\">Share<\/span><\/a><a class=\"mashicon-twitter mash-large mash-center mashsb-noshadow\" href=\"https:\/\/twitter.com\/intent\/tweet?text=&amp;url=https:\/\/www.zunoticia.com\/noticias-de-hidalgo\/2023\/04\/13\/taxi-se-salio-de-la-cinta-asfaltica\/\" target=\"_top\" rel=\"nofollow\"><span class=\"icon\"><\/span><span class=\"text\">Tweet<\/span><\/a><div class=\"onoffswitch2 mash-large mashsb-noshadow\" style=\"display:none\"><\/div><\/div>\n            <\/div>\n                <div style=\"clear:both\"><\/div><div class=\"mashsb-toggle-container\"><\/div><\/aside>\n            <!-- Share buttons by mashshare.net - Version: 4.0.47-->\n<p><em>Por Francisco Rosas\/Zunoticia<\/em><\/p>\n\n\n\n<p><strong>Tlanchinol, Hgo.-<\/strong> Un veh\u00edculo del servicio de transporte p\u00fablico en su modalidad de taxi, que probablemente era conducido a exceso de velocidad, sufri\u00f3 una salida de camino en la carretera federal M\u00e9xico \u2013 Tampico.<\/p>\n\n\n\n<p>El accidente ocurri\u00f3 este jueves, antes de llegar a la cabecera de este municipio y en el percance no hubo personas lesionadas, solo da\u00f1os materiales, informaron las autoridades polic\u00edacas que tomaron conocimiento de los hechos.<\/p>\n\n\n\n<p>El incidente fue protagonizado por un taxi del sitio Huejutla, marcado con el n\u00famero econ\u00f3mico 363 y placas de circulaci\u00f3n A-127-FUM.<\/p>\n\n\n\n<p>La unidad de alquiler termin\u00f3 afuera de la carpeta asf\u00e1ltica y qued\u00f3 atorada entre la maleza, resultando ilesos sus tripulantes quienes solo se llevaron un tremendo susto.<\/p>\n","protected":false},"excerpt":{"rendered":"<p>Por Francisco Rosas\/Zunoticia Tlanchinol, Hgo.- Un veh\u00edculo del servicio de transporte p\u00fablico en su modalidad de taxi, que probablemente era conducido a exceso de velocidad, sufri\u00f3 una salida de camino en la carretera federal M\u00e9xico \u2013 Tampico. El accidente ocurri\u00f3 este jueves, antes de llegar a la cabecera de este municipio y en el percance&hellip; <a class=\"more-link\" href=\"https:\/\/www.zunoticia.com\/noticias-de-hidalgo\/2023\/04\/13\/taxi-se-salio-de-la-cinta-asfaltica\/\">Seguir leyendo <span class=\"screen-reader-text\">Taxi se sali\u00f3 de la cinta asf\u00e1ltica<\/span><\/a><\/p>\n","protected":false},"author":12,"featured_media":477038,"comment_status":"closed","ping_status":"open","sticky":false,"template":"","format":"standard","meta":{"rop_custom_images_group":[],"rop_custom_messages_group":[],"rop_publish_now":"initial","rop_publish_now_accounts":{"facebook_10159540855086992_322828327761733":""},"rop_publish_now_history":[],"rop_publish_now_status":"pending","footnotes":""},"categories":[178],"tags":[259],"class_list":["post-477063","post","type-post","status-publish","format-standard","has-post-thumbnail","hentry","category-policiaca","tag-policiaca","entry"],"_links":{"self":[{"href":"https:\/\/www.zunoticia.com\/noticias-de-hidalgo\/wp-json\/wp\/v2\/posts\/477063","targetHints":{"allow":["GET"]}}],"collection":[{"href":"https:\/\/www.zunoticia.com\/noticias-de-hidalgo\/wp-json\/wp\/v2\/posts"}],"about":[{"href":"https:\/\/www.zunoticia.com\/noticias-de-hidalgo\/wp-json\/wp\/v2\/types\/post"}],"author":[{"embeddable":true,"href":"https:\/\/www.zunoticia.com\/noticias-de-hidalgo\/wp-json\/wp\/v2\/users\/12"}],"replies":[{"embeddable":true,"href":"https:\/\/www.zunoticia.com\/noticias-de-hidalgo\/wp-json\/wp\/v2\/comments?post=477063"}],"version-history":[{"count":1,"href":"https:\/\/www.zunoticia.com\/noticias-de-hidalgo\/wp-json\/wp\/v2\/posts\/477063\/revisions"}],"predecessor-version":[{"id":477065,"href":"https:\/\/www.zunoticia.com\/noticias-de-hidalgo\/wp-json\/wp\/v2\/posts\/477063\/revisions\/477065"}],"wp:featuredmedia":[{"embeddable":true,"href":"https:\/\/www.zunoticia.com\/noticias-de-hidalgo\/wp-json\/wp\/v2\/media\/477038"}],"wp:attachment":[{"href":"https:\/\/www.zunoticia.com\/noticias-de-hidalgo\/wp-json\/wp\/v2\/media?parent=477063"}],"wp:term":[{"taxonomy":"category","embeddable":true,"href":"https:\/\/www.zunoticia.com\/noticias-de-hidalgo\/wp-json\/wp\/v2\/categories?post=477063"},{"taxonomy":"post_tag","embeddable":true,"href":"https:\/\/www.zunoticia.com\/noticias-de-hidalgo\/wp-json\/wp\/v2\/tags?post=477063"}],"curies":[{"name":"wp","href":"https:\/\/api.w.org\/{rel}","templated":true}]}}