{"id":477066,"date":"2023-04-13T21:39:03","date_gmt":"2023-04-14T03:39:03","guid":{"rendered":"https:\/\/www.zunoticia.com\/noticias-de-hidalgo\/?p=477066"},"modified":"2023-04-13T21:39:05","modified_gmt":"2023-04-14T03:39:05","slug":"reliquias-de-san-charbel-estaran-en-huejutla","status":"publish","type":"post","link":"https:\/\/www.zunoticia.com\/noticias-de-hidalgo\/2023\/04\/13\/reliquias-de-san-charbel-estaran-en-huejutla\/","title":{"rendered":"Reliquias de San Charbel estar\u00e1n en Huejutla"},"content":{"rendered":"<aside class=\"mashsb-container mashsb-main mashsb-stretched\"><div class=\"mashsb-box\"><div class=\"mashsb-count mash-large\" style=\"float:left\"><div class=\"counts mashsbcount\">38<\/div><span class=\"mashsb-sharetext\">SHARES<\/span><\/div><div class=\"mashsb-buttons\"><a class=\"mashicon-facebook mash-large mash-center mashsb-noshadow\" href=\"https:\/\/www.facebook.com\/sharer.php?u=https%3A%2F%2Fwww.zunoticia.com%2Fnoticias-de-hidalgo%2F2023%2F04%2F13%2Freliquias-de-san-charbel-estaran-en-huejutla%2F\" target=\"_top\" rel=\"nofollow\"><span class=\"icon\"><\/span><span class=\"text\">Share<\/span><\/a><a class=\"mashicon-twitter mash-large mash-center mashsb-noshadow\" href=\"https:\/\/twitter.com\/intent\/tweet?text=&amp;url=https:\/\/www.zunoticia.com\/noticias-de-hidalgo\/2023\/04\/13\/reliquias-de-san-charbel-estaran-en-huejutla\/\" target=\"_top\" rel=\"nofollow\"><span class=\"icon\"><\/span><span class=\"text\">Tweet<\/span><\/a><div class=\"onoffswitch2 mash-large mashsb-noshadow\" style=\"display:none\"><\/div><\/div>\n            <\/div>\n                <div style=\"clear:both\"><\/div><div class=\"mashsb-toggle-container\"><\/div><\/aside>\n            <!-- Share buttons by mashshare.net - Version: 4.0.47-->\n<p><em>Por Enedino Hern\u00e1ndez\/Zunoticia<\/em><\/p>\n\n\n\n<p><strong>Huejutla, Hgo.-<\/strong> Ser\u00e1 durante los d\u00edas 24 y 25 del mes en curso en las instalaciones del Santuario de la Virgen de Guadalupe en esta ciudad, cuando se expondr\u00e1n las Reliquias de San Charbel, as\u00ed lo confirma el Obispo de la Di\u00f3cesis de Huejutla de Reyes, Jos\u00e9 Hirais Acosta Beltr\u00e1n; destacando que las Reliquias tambi\u00e9n estar\u00e1n siendo expuestas en las Di\u00f3cesis de Tula y Tulancingo.<\/p>\n\n\n\n<p>Dijo que en su momento se propuso por parte de las instancias competentes la visita de las Reliquias de San Charbel, por lo que despu\u00e9s de estar en las Di\u00f3cesis de Tula y Tulancingo, tambi\u00e9n estar\u00e1 en Huejutla los d\u00edas 24 y 25 de abril.<\/p>\n\n\n\n<p>Se\u00f1ala que San Charbel fue un ermita\u00f1o de la Iglesia Oriental, tras su deceso realiz\u00f3 diversos milagros que como consecuencia lo elevaron a Santo.<\/p>\n\n\n\n<p>Jos\u00e9 Hirais Acosta Beltr\u00e1n, expone que la imagen de San Charbel se encuentra en el Santuario de la Virgen de Guadalupe en Huejutla y durante los d\u00edas 24 y 25 de abril se tendr\u00e1n de visita sus Reliquias, por lo que hace un llamado a la poblaci\u00f3n cat\u00f3lica devota para que acudan a venerarlas.<\/p>\n","protected":false},"excerpt":{"rendered":"<p>Por Enedino Hern\u00e1ndez\/Zunoticia Huejutla, Hgo.- Ser\u00e1 durante los d\u00edas 24 y 25 del mes en curso en las instalaciones del Santuario de la Virgen de Guadalupe en esta ciudad, cuando se expondr\u00e1n las Reliquias de San Charbel, as\u00ed lo confirma el Obispo de la Di\u00f3cesis de Huejutla de Reyes, Jos\u00e9 Hirais Acosta Beltr\u00e1n; destacando que&hellip; <a class=\"more-link\" href=\"https:\/\/www.zunoticia.com\/noticias-de-hidalgo\/2023\/04\/13\/reliquias-de-san-charbel-estaran-en-huejutla\/\">Seguir leyendo <span class=\"screen-reader-text\">Reliquias de San Charbel estar\u00e1n en Huejutla<\/span><\/a><\/p>\n","protected":false},"author":12,"featured_media":477031,"comment_status":"closed","ping_status":"open","sticky":false,"template":"","format":"standard","meta":{"rop_custom_images_group":[],"rop_custom_messages_group":[],"rop_publish_now":"initial","rop_publish_now_accounts":{"facebook_10159540855086992_322828327761733":""},"rop_publish_now_history":[],"rop_publish_now_status":"pending","footnotes":""},"categories":[181],"tags":[121],"class_list":["post-477066","post","type-post","status-publish","format-standard","has-post-thumbnail","hentry","category-huejutla","tag-huejutla","entry"],"_links":{"self":[{"href":"https:\/\/www.zunoticia.com\/noticias-de-hidalgo\/wp-json\/wp\/v2\/posts\/477066","targetHints":{"allow":["GET"]}}],"collection":[{"href":"https:\/\/www.zunoticia.com\/noticias-de-hidalgo\/wp-json\/wp\/v2\/posts"}],"about":[{"href":"https:\/\/www.zunoticia.com\/noticias-de-hidalgo\/wp-json\/wp\/v2\/types\/post"}],"author":[{"embeddable":true,"href":"https:\/\/www.zunoticia.com\/noticias-de-hidalgo\/wp-json\/wp\/v2\/users\/12"}],"replies":[{"embeddable":true,"href":"https:\/\/www.zunoticia.com\/noticias-de-hidalgo\/wp-json\/wp\/v2\/comments?post=477066"}],"version-history":[{"count":1,"href":"https:\/\/www.zunoticia.com\/noticias-de-hidalgo\/wp-json\/wp\/v2\/posts\/477066\/revisions"}],"predecessor-version":[{"id":477069,"href":"https:\/\/www.zunoticia.com\/noticias-de-hidalgo\/wp-json\/wp\/v2\/posts\/477066\/revisions\/477069"}],"wp:featuredmedia":[{"embeddable":true,"href":"https:\/\/www.zunoticia.com\/noticias-de-hidalgo\/wp-json\/wp\/v2\/media\/477031"}],"wp:attachment":[{"href":"https:\/\/www.zunoticia.com\/noticias-de-hidalgo\/wp-json\/wp\/v2\/media?parent=477066"}],"wp:term":[{"taxonomy":"category","embeddable":true,"href":"https:\/\/www.zunoticia.com\/noticias-de-hidalgo\/wp-json\/wp\/v2\/categories?post=477066"},{"taxonomy":"post_tag","embeddable":true,"href":"https:\/\/www.zunoticia.com\/noticias-de-hidalgo\/wp-json\/wp\/v2\/tags?post=477066"}],"curies":[{"name":"wp","href":"https:\/\/api.w.org\/{rel}","templated":true}]}}