{"id":477067,"date":"2023-04-13T21:38:17","date_gmt":"2023-04-14T03:38:17","guid":{"rendered":"https:\/\/www.zunoticia.com\/noticias-de-hidalgo\/?p=477067"},"modified":"2023-04-13T21:38:18","modified_gmt":"2023-04-14T03:38:18","slug":"hasta-de-basurero-utilizan-el-techo-de-la-zona-comercial-del-laminado","status":"publish","type":"post","link":"https:\/\/www.zunoticia.com\/noticias-de-hidalgo\/2023\/04\/13\/hasta-de-basurero-utilizan-el-techo-de-la-zona-comercial-del-laminado\/","title":{"rendered":"Hasta de basurero utilizan el techo de la zona comercial del laminado"},"content":{"rendered":"<aside class=\"mashsb-container mashsb-main mashsb-stretched\"><div class=\"mashsb-box\"><div class=\"mashsb-count mash-large\" style=\"float:left\"><div class=\"counts mashsbcount\">22<\/div><span class=\"mashsb-sharetext\">SHARES<\/span><\/div><div class=\"mashsb-buttons\"><a class=\"mashicon-facebook mash-large mash-center mashsb-noshadow\" href=\"https:\/\/www.facebook.com\/sharer.php?u=https%3A%2F%2Fwww.zunoticia.com%2Fnoticias-de-hidalgo%2F2023%2F04%2F13%2Fhasta-de-basurero-utilizan-el-techo-de-la-zona-comercial-del-laminado%2F\" target=\"_top\" rel=\"nofollow\"><span class=\"icon\"><\/span><span class=\"text\">Share<\/span><\/a><a class=\"mashicon-twitter mash-large mash-center mashsb-noshadow\" href=\"https:\/\/twitter.com\/intent\/tweet?text=&amp;url=https:\/\/www.zunoticia.com\/noticias-de-hidalgo\/2023\/04\/13\/hasta-de-basurero-utilizan-el-techo-de-la-zona-comercial-del-laminado\/\" target=\"_top\" rel=\"nofollow\"><span class=\"icon\"><\/span><span class=\"text\">Tweet<\/span><\/a><div class=\"onoffswitch2 mash-large mashsb-noshadow\" style=\"display:none\"><\/div><\/div>\n            <\/div>\n                <div style=\"clear:both\"><\/div><div class=\"mashsb-toggle-container\"><\/div><\/aside>\n            <!-- Share buttons by mashshare.net - Version: 4.0.47-->\n<p><em>Por Salvador Altamirano\/Zunoticia<\/em><\/p>\n\n\n\n<p><strong>Huejutla, Hgo.-<\/strong> Habitantes de la poblaci\u00f3n criticaron la inadecuada actitud de algunos vendedores del \u00e1rea del laminado, sector del Mercado Municipal, quienes fomentan la suciedad del complejo comercial incluso depositando basura en el techo de la galera.<\/p>\n\n\n\n<figure class=\"wp-block-image size-large\"><img fetchpriority=\"high\" decoding=\"async\" width=\"1024\" height=\"768\" src=\"https:\/\/www.zunoticia.com\/noticias-de-hidalgo\/wp-content\/uploads\/2023\/04\/eZy-Watermark-13-04-2023-07-23-06p.m.-1024x768.jpg\" alt=\"\" class=\"wp-image-477033\" srcset=\"https:\/\/www.zunoticia.com\/noticias-de-hidalgo\/wp-content\/uploads\/2023\/04\/eZy-Watermark-13-04-2023-07-23-06p.m.-1024x768.jpg 1024w, https:\/\/www.zunoticia.com\/noticias-de-hidalgo\/wp-content\/uploads\/2023\/04\/eZy-Watermark-13-04-2023-07-23-06p.m.-300x225.jpg 300w, https:\/\/www.zunoticia.com\/noticias-de-hidalgo\/wp-content\/uploads\/2023\/04\/eZy-Watermark-13-04-2023-07-23-06p.m.-768x576.jpg 768w, https:\/\/www.zunoticia.com\/noticias-de-hidalgo\/wp-content\/uploads\/2023\/04\/eZy-Watermark-13-04-2023-07-23-06p.m..jpg 1280w\" sizes=\"(max-width: 1024px) 100vw, 1024px\" \/><\/figure>\n\n\n\n<p>Acentuaron que es una verg\u00fcenza que el Mercado Municipal de Huejutla, poblaci\u00f3n presumida como la perla de la huasteca, tenga una zona con un techo derruido y oxidado, lo cual fue motivo de cr\u00edtica por quienes nos visitaron en Semana Santa, y ahora utilizado como basurero, &#8220;peor tantito&#8221; dijeron.<\/p>\n\n\n\n<p>Quien afirm\u00f3 responder al nombre de Emeterio Garc\u00eda Ram\u00edrez, coment\u00f3 que \u201cno es posible que haya un sector comercial en tan deplorables condiciones como el \u00e1rea del laminado, con extremo calor en \u00e9pocas de estiaje y un sin n\u00famero de goteras en temporadas de lluvia, por lo que las personas casi no acuden de compras\u201d.<\/p>\n\n\n\n<p>Para finalizar, refiri\u00f3 que el techo de la precitada galera est\u00e1 tan oxidado que ya no es plateado como es el color de las l\u00e1minas, sino negro por el \u00f3xido, lo que no dignifica al mercado que es la principal zona comercial de la poblaci\u00f3n.<\/p>\n","protected":false},"excerpt":{"rendered":"<p>Por Salvador Altamirano\/Zunoticia Huejutla, Hgo.- Habitantes de la poblaci\u00f3n criticaron la inadecuada actitud de algunos vendedores del \u00e1rea del laminado, sector del Mercado Municipal, quienes fomentan la suciedad del complejo comercial incluso depositando basura en el techo de la galera. Acentuaron que es una verg\u00fcenza que el Mercado Municipal de Huejutla, poblaci\u00f3n presumida como la&hellip; <a class=\"more-link\" href=\"https:\/\/www.zunoticia.com\/noticias-de-hidalgo\/2023\/04\/13\/hasta-de-basurero-utilizan-el-techo-de-la-zona-comercial-del-laminado\/\">Seguir leyendo <span class=\"screen-reader-text\">Hasta de basurero utilizan el techo de la zona comercial del laminado<\/span><\/a><\/p>\n","protected":false},"author":12,"featured_media":477034,"comment_status":"closed","ping_status":"open","sticky":false,"template":"","format":"standard","meta":{"rop_custom_images_group":[],"rop_custom_messages_group":[],"rop_publish_now":"initial","rop_publish_now_accounts":{"facebook_10159540855086992_322828327761733":""},"rop_publish_now_history":[],"rop_publish_now_status":"pending","footnotes":""},"categories":[181],"tags":[121],"class_list":["post-477067","post","type-post","status-publish","format-standard","has-post-thumbnail","hentry","category-huejutla","tag-huejutla","entry"],"_links":{"self":[{"href":"https:\/\/www.zunoticia.com\/noticias-de-hidalgo\/wp-json\/wp\/v2\/posts\/477067","targetHints":{"allow":["GET"]}}],"collection":[{"href":"https:\/\/www.zunoticia.com\/noticias-de-hidalgo\/wp-json\/wp\/v2\/posts"}],"about":[{"href":"https:\/\/www.zunoticia.com\/noticias-de-hidalgo\/wp-json\/wp\/v2\/types\/post"}],"author":[{"embeddable":true,"href":"https:\/\/www.zunoticia.com\/noticias-de-hidalgo\/wp-json\/wp\/v2\/users\/12"}],"replies":[{"embeddable":true,"href":"https:\/\/www.zunoticia.com\/noticias-de-hidalgo\/wp-json\/wp\/v2\/comments?post=477067"}],"version-history":[{"count":1,"href":"https:\/\/www.zunoticia.com\/noticias-de-hidalgo\/wp-json\/wp\/v2\/posts\/477067\/revisions"}],"predecessor-version":[{"id":477068,"href":"https:\/\/www.zunoticia.com\/noticias-de-hidalgo\/wp-json\/wp\/v2\/posts\/477067\/revisions\/477068"}],"wp:featuredmedia":[{"embeddable":true,"href":"https:\/\/www.zunoticia.com\/noticias-de-hidalgo\/wp-json\/wp\/v2\/media\/477034"}],"wp:attachment":[{"href":"https:\/\/www.zunoticia.com\/noticias-de-hidalgo\/wp-json\/wp\/v2\/media?parent=477067"}],"wp:term":[{"taxonomy":"category","embeddable":true,"href":"https:\/\/www.zunoticia.com\/noticias-de-hidalgo\/wp-json\/wp\/v2\/categories?post=477067"},{"taxonomy":"post_tag","embeddable":true,"href":"https:\/\/www.zunoticia.com\/noticias-de-hidalgo\/wp-json\/wp\/v2\/tags?post=477067"}],"curies":[{"name":"wp","href":"https:\/\/api.w.org\/{rel}","templated":true}]}}