{"id":477104,"date":"2023-04-14T10:51:34","date_gmt":"2023-04-14T16:51:34","guid":{"rendered":"https:\/\/www.zunoticia.com\/noticias-de-hidalgo\/?p=477104"},"modified":"2023-04-14T10:51:35","modified_gmt":"2023-04-14T16:51:35","slug":"ebrio-transportista-provoco-choque","status":"publish","type":"post","link":"https:\/\/www.zunoticia.com\/noticias-de-hidalgo\/2023\/04\/14\/ebrio-transportista-provoco-choque\/","title":{"rendered":"Ebrio transportista provoc\u00f3 choque"},"content":{"rendered":"<aside class=\"mashsb-container mashsb-main mashsb-stretched\"><div class=\"mashsb-box\"><div class=\"mashsb-count mash-large\" style=\"float:left\"><div class=\"counts mashsbcount\">32<\/div><span class=\"mashsb-sharetext\">SHARES<\/span><\/div><div class=\"mashsb-buttons\"><a class=\"mashicon-facebook mash-large mash-center mashsb-noshadow\" href=\"https:\/\/www.facebook.com\/sharer.php?u=https%3A%2F%2Fwww.zunoticia.com%2Fnoticias-de-hidalgo%2F2023%2F04%2F14%2Febrio-transportista-provoco-choque%2F\" target=\"_top\" rel=\"nofollow\"><span class=\"icon\"><\/span><span class=\"text\">Share<\/span><\/a><a class=\"mashicon-twitter mash-large mash-center mashsb-noshadow\" href=\"https:\/\/twitter.com\/intent\/tweet?text=&amp;url=https:\/\/www.zunoticia.com\/noticias-de-hidalgo\/2023\/04\/14\/ebrio-transportista-provoco-choque\/\" target=\"_top\" rel=\"nofollow\"><span class=\"icon\"><\/span><span class=\"text\">Tweet<\/span><\/a><div class=\"onoffswitch2 mash-large mashsb-noshadow\" style=\"display:none\"><\/div><\/div>\n            <\/div>\n                <div style=\"clear:both\"><\/div><div class=\"mashsb-toggle-container\"><\/div><\/aside>\n            <!-- Share buttons by mashshare.net - Version: 4.0.47-->\n<p><\/p>\n\n\n\n<p><em>Por Francisco Rosas\/Zunoticia<\/em><\/p>\n\n\n\n<p><strong>Huejutla, Hgo<\/strong>.- Operador de una combi de la ruta de transporte Xocotitla-Centro-Mercado, quien conduc\u00eda en aparente estado de ebriedad, provoc\u00f3 un choque en la zona centro de esta ciudad.<\/p>\n\n\n\n<p>De acuerdo con los datos recabados en el lugar de los hechos, el incidente ocurri\u00f3 la noche del pasado jueves, en la calle Morelos esquina con la avenida Hidalgo y el percance presuntamente fue ocasionado por una Urvan con placas de circulaci\u00f3n 028-608-G, la cual se impact\u00f3 en costado izquierdo de un taxi marcado con el n\u00famero econ\u00f3mico 0219 y placas met\u00e1licas A-873-FUH.<\/p>\n\n\n\n<p>El chofer de la combi, al parecer quiso evadir su responsabilidad y opuso resistencia para no ser detenido, sin embargo, fue sometido por elementos de Seguridad P\u00fablica y Tr\u00e1nsito Municipal, se lo llevaron preso a la comandancia.<\/p>\n\n\n\n<p>Al sitio tambi\u00e9n llegaron compa\u00f1eros del transportista para impedir que la combi fuera remolcada al corral\u00f3n, por lo que entorpecieron la circulaci\u00f3n vehicular por m\u00e1s de una hora en el primer cuadro de la ciudad.<\/p>\n\n\n\n<figure class=\"wp-block-gallery has-nested-images columns-default is-cropped wp-block-gallery-1 is-layout-flex wp-block-gallery-is-layout-flex\">\n<figure class=\"wp-block-image size-large\"><img fetchpriority=\"high\" decoding=\"async\" width=\"1024\" height=\"768\" data-id=\"477108\" src=\"https:\/\/www.zunoticia.com\/noticias-de-hidalgo\/wp-content\/uploads\/2023\/04\/WhatsApp-Image-2023-04-14-at-10.49.45-1-1024x768.jpeg\" alt=\"\" class=\"wp-image-477108\" srcset=\"https:\/\/www.zunoticia.com\/noticias-de-hidalgo\/wp-content\/uploads\/2023\/04\/WhatsApp-Image-2023-04-14-at-10.49.45-1-1024x768.jpeg 1024w, https:\/\/www.zunoticia.com\/noticias-de-hidalgo\/wp-content\/uploads\/2023\/04\/WhatsApp-Image-2023-04-14-at-10.49.45-1-300x225.jpeg 300w, https:\/\/www.zunoticia.com\/noticias-de-hidalgo\/wp-content\/uploads\/2023\/04\/WhatsApp-Image-2023-04-14-at-10.49.45-1-768x576.jpeg 768w, https:\/\/www.zunoticia.com\/noticias-de-hidalgo\/wp-content\/uploads\/2023\/04\/WhatsApp-Image-2023-04-14-at-10.49.45-1-1536x1152.jpeg 1536w, https:\/\/www.zunoticia.com\/noticias-de-hidalgo\/wp-content\/uploads\/2023\/04\/WhatsApp-Image-2023-04-14-at-10.49.45-1-1568x1176.jpeg 1568w, https:\/\/www.zunoticia.com\/noticias-de-hidalgo\/wp-content\/uploads\/2023\/04\/WhatsApp-Image-2023-04-14-at-10.49.45-1.jpeg 1600w\" sizes=\"(max-width: 1024px) 100vw, 1024px\" \/><\/figure>\n\n\n\n<figure class=\"wp-block-image size-large\"><img decoding=\"async\" width=\"1024\" height=\"768\" data-id=\"477106\" src=\"https:\/\/www.zunoticia.com\/noticias-de-hidalgo\/wp-content\/uploads\/2023\/04\/WhatsApp-Image-2023-04-14-at-10.49.46-1024x768.jpeg\" alt=\"\" class=\"wp-image-477106\" srcset=\"https:\/\/www.zunoticia.com\/noticias-de-hidalgo\/wp-content\/uploads\/2023\/04\/WhatsApp-Image-2023-04-14-at-10.49.46-1024x768.jpeg 1024w, https:\/\/www.zunoticia.com\/noticias-de-hidalgo\/wp-content\/uploads\/2023\/04\/WhatsApp-Image-2023-04-14-at-10.49.46-300x225.jpeg 300w, https:\/\/www.zunoticia.com\/noticias-de-hidalgo\/wp-content\/uploads\/2023\/04\/WhatsApp-Image-2023-04-14-at-10.49.46-768x576.jpeg 768w, https:\/\/www.zunoticia.com\/noticias-de-hidalgo\/wp-content\/uploads\/2023\/04\/WhatsApp-Image-2023-04-14-at-10.49.46.jpeg 1280w\" sizes=\"(max-width: 1024px) 100vw, 1024px\" \/><\/figure>\n\n\n\n<figure class=\"wp-block-image size-large\"><img decoding=\"async\" width=\"1024\" height=\"839\" data-id=\"477107\" src=\"https:\/\/www.zunoticia.com\/noticias-de-hidalgo\/wp-content\/uploads\/2023\/04\/WhatsApp-Image-2023-04-14-at-10.49.45-1024x839.jpeg\" alt=\"\" class=\"wp-image-477107\" srcset=\"https:\/\/www.zunoticia.com\/noticias-de-hidalgo\/wp-content\/uploads\/2023\/04\/WhatsApp-Image-2023-04-14-at-10.49.45-1024x839.jpeg 1024w, https:\/\/www.zunoticia.com\/noticias-de-hidalgo\/wp-content\/uploads\/2023\/04\/WhatsApp-Image-2023-04-14-at-10.49.45-300x246.jpeg 300w, https:\/\/www.zunoticia.com\/noticias-de-hidalgo\/wp-content\/uploads\/2023\/04\/WhatsApp-Image-2023-04-14-at-10.49.45-768x629.jpeg 768w, https:\/\/www.zunoticia.com\/noticias-de-hidalgo\/wp-content\/uploads\/2023\/04\/WhatsApp-Image-2023-04-14-at-10.49.45.jpeg 1280w\" sizes=\"(max-width: 1024px) 100vw, 1024px\" \/><\/figure>\n<\/figure>\n","protected":false},"excerpt":{"rendered":"<p>Por Francisco Rosas\/Zunoticia Huejutla, Hgo.- Operador de una combi de la ruta de transporte Xocotitla-Centro-Mercado, quien conduc\u00eda en aparente estado de ebriedad, provoc\u00f3 un choque en la zona centro de esta ciudad. De acuerdo con los datos recabados en el lugar de los hechos, el incidente ocurri\u00f3 la noche del pasado jueves, en la calle&hellip; <a class=\"more-link\" href=\"https:\/\/www.zunoticia.com\/noticias-de-hidalgo\/2023\/04\/14\/ebrio-transportista-provoco-choque\/\">Seguir leyendo <span class=\"screen-reader-text\">Ebrio transportista provoc\u00f3 choque<\/span><\/a><\/p>\n","protected":false},"author":20,"featured_media":477105,"comment_status":"closed","ping_status":"open","sticky":false,"template":"","format":"standard","meta":{"rop_custom_images_group":[],"rop_custom_messages_group":[],"rop_publish_now":"initial","rop_publish_now_accounts":{"facebook_10159540855086992_322828327761733":""},"rop_publish_now_history":[],"rop_publish_now_status":"pending","footnotes":""},"categories":[178],"tags":[259],"class_list":["post-477104","post","type-post","status-publish","format-standard","has-post-thumbnail","hentry","category-policiaca","tag-policiaca","entry"],"_links":{"self":[{"href":"https:\/\/www.zunoticia.com\/noticias-de-hidalgo\/wp-json\/wp\/v2\/posts\/477104","targetHints":{"allow":["GET"]}}],"collection":[{"href":"https:\/\/www.zunoticia.com\/noticias-de-hidalgo\/wp-json\/wp\/v2\/posts"}],"about":[{"href":"https:\/\/www.zunoticia.com\/noticias-de-hidalgo\/wp-json\/wp\/v2\/types\/post"}],"author":[{"embeddable":true,"href":"https:\/\/www.zunoticia.com\/noticias-de-hidalgo\/wp-json\/wp\/v2\/users\/20"}],"replies":[{"embeddable":true,"href":"https:\/\/www.zunoticia.com\/noticias-de-hidalgo\/wp-json\/wp\/v2\/comments?post=477104"}],"version-history":[{"count":1,"href":"https:\/\/www.zunoticia.com\/noticias-de-hidalgo\/wp-json\/wp\/v2\/posts\/477104\/revisions"}],"predecessor-version":[{"id":477109,"href":"https:\/\/www.zunoticia.com\/noticias-de-hidalgo\/wp-json\/wp\/v2\/posts\/477104\/revisions\/477109"}],"wp:featuredmedia":[{"embeddable":true,"href":"https:\/\/www.zunoticia.com\/noticias-de-hidalgo\/wp-json\/wp\/v2\/media\/477105"}],"wp:attachment":[{"href":"https:\/\/www.zunoticia.com\/noticias-de-hidalgo\/wp-json\/wp\/v2\/media?parent=477104"}],"wp:term":[{"taxonomy":"category","embeddable":true,"href":"https:\/\/www.zunoticia.com\/noticias-de-hidalgo\/wp-json\/wp\/v2\/categories?post=477104"},{"taxonomy":"post_tag","embeddable":true,"href":"https:\/\/www.zunoticia.com\/noticias-de-hidalgo\/wp-json\/wp\/v2\/tags?post=477104"}],"curies":[{"name":"wp","href":"https:\/\/api.w.org\/{rel}","templated":true}]}}