{"id":477114,"date":"2023-04-14T14:53:06","date_gmt":"2023-04-14T20:53:06","guid":{"rendered":"https:\/\/www.zunoticia.com\/noticias-de-hidalgo\/?p=477114"},"modified":"2023-04-14T16:56:01","modified_gmt":"2023-04-14T22:56:01","slug":"celebran-el-1er-encuentro-regional-de-proteccion-de-derechos-de-los-ninos-ninas-y-adolescentes","status":"publish","type":"post","link":"https:\/\/www.zunoticia.com\/noticias-de-hidalgo\/2023\/04\/14\/celebran-el-1er-encuentro-regional-de-proteccion-de-derechos-de-los-ninos-ninas-y-adolescentes\/","title":{"rendered":"Celebran el 1er. Encuentro regional de Protecci\u00f3n de Derechos de los Ni\u00f1os, Ni\u00f1as y adolescentes"},"content":{"rendered":"<aside class=\"mashsb-container mashsb-main mashsb-stretched\"><div class=\"mashsb-box\"><div class=\"mashsb-count mash-large\" style=\"float:left\"><div class=\"counts mashsbcount\">16<\/div><span class=\"mashsb-sharetext\">SHARES<\/span><\/div><div class=\"mashsb-buttons\"><a class=\"mashicon-facebook mash-large mash-center mashsb-noshadow\" href=\"https:\/\/www.facebook.com\/sharer.php?u=https%3A%2F%2Fwww.zunoticia.com%2Fnoticias-de-hidalgo%2F2023%2F04%2F14%2Fcelebran-el-1er-encuentro-regional-de-proteccion-de-derechos-de-los-ninos-ninas-y-adolescentes%2F\" target=\"_top\" rel=\"nofollow\"><span class=\"icon\"><\/span><span class=\"text\">Share<\/span><\/a><a class=\"mashicon-twitter mash-large mash-center mashsb-noshadow\" href=\"https:\/\/twitter.com\/intent\/tweet?text=&amp;url=https:\/\/www.zunoticia.com\/noticias-de-hidalgo\/2023\/04\/14\/celebran-el-1er-encuentro-regional-de-proteccion-de-derechos-de-los-ninos-ninas-y-adolescentes\/\" target=\"_top\" rel=\"nofollow\"><span class=\"icon\"><\/span><span class=\"text\">Tweet<\/span><\/a><div class=\"onoffswitch2 mash-large mashsb-noshadow\" style=\"display:none\"><\/div><\/div>\n            <\/div>\n                <div style=\"clear:both\"><\/div><div class=\"mashsb-toggle-container\"><\/div><\/aside>\n            <!-- Share buttons by mashshare.net - Version: 4.0.47-->\n<p><\/p>\n\n\n\n<p><em>Por Redacci\u00f3n\/Zunoticia<\/em><\/p>\n\n\n\n<p><strong>Tlanchinol, Hgo<\/strong>.- Este viernes se llev\u00f3 a cabo en el municipio de San Felipe Orizatl\u00e1n el primer Encuentro regional del Sistema de Protecci\u00f3n Integral de los Derechos de Ni\u00f1as, Ni\u00f1os y Adolescentes (SIPINNA).<\/p>\n\n\n\n<p>A esta reuni\u00f3n acudieron del municipio de Tlanchinol la Lic. Yajahira Montserrat Bautista Hern\u00e1ndez, secretaria ejecutiva de SIPINNA en el municipio y el director del Sistema DIF Municipal Carlos Mel\u00e9ndez Butr\u00f3n.<\/p>\n\n\n\n<p>Estas reuniones de son de suma importancia pues en ellas se proponen, debaten y dise\u00f1en estrategias para fomentar la protecci\u00f3n de los derechos de las ni\u00f1as, ni\u00f1os y adolescentes, adem\u00e1s se proponen planes de acci\u00f3n para la reparaci\u00f3n integral de da\u00f1os ante los casos que ya se han presentado en los diferentes municipios.<\/p>\n\n\n\n<figure class=\"wp-block-gallery has-nested-images columns-default is-cropped wp-block-gallery-1 is-layout-flex wp-block-gallery-is-layout-flex\">\n<figure class=\"wp-block-image size-large\"><img fetchpriority=\"high\" decoding=\"async\" width=\"940\" height=\"788\" data-id=\"477117\" src=\"https:\/\/www.zunoticia.com\/noticias-de-hidalgo\/wp-content\/uploads\/2023\/04\/2-61.png\" alt=\"\" class=\"wp-image-477117\" srcset=\"https:\/\/www.zunoticia.com\/noticias-de-hidalgo\/wp-content\/uploads\/2023\/04\/2-61.png 940w, https:\/\/www.zunoticia.com\/noticias-de-hidalgo\/wp-content\/uploads\/2023\/04\/2-61-300x251.png 300w, https:\/\/www.zunoticia.com\/noticias-de-hidalgo\/wp-content\/uploads\/2023\/04\/2-61-768x644.png 768w\" sizes=\"(max-width: 940px) 100vw, 940px\" \/><\/figure>\n\n\n\n<figure class=\"wp-block-image size-large\"><img decoding=\"async\" width=\"940\" height=\"788\" data-id=\"477116\" src=\"https:\/\/www.zunoticia.com\/noticias-de-hidalgo\/wp-content\/uploads\/2023\/04\/3-15.png\" alt=\"\" class=\"wp-image-477116\" srcset=\"https:\/\/www.zunoticia.com\/noticias-de-hidalgo\/wp-content\/uploads\/2023\/04\/3-15.png 940w, https:\/\/www.zunoticia.com\/noticias-de-hidalgo\/wp-content\/uploads\/2023\/04\/3-15-300x251.png 300w, https:\/\/www.zunoticia.com\/noticias-de-hidalgo\/wp-content\/uploads\/2023\/04\/3-15-768x644.png 768w\" sizes=\"(max-width: 940px) 100vw, 940px\" \/><\/figure>\n<\/figure>\n","protected":false},"excerpt":{"rendered":"<p>Por Redacci\u00f3n\/Zunoticia Tlanchinol, Hgo.- Este viernes se llev\u00f3 a cabo en el municipio de San Felipe Orizatl\u00e1n el primer Encuentro regional del Sistema de Protecci\u00f3n Integral de los Derechos de Ni\u00f1as, Ni\u00f1os y Adolescentes (SIPINNA). A esta reuni\u00f3n acudieron del municipio de Tlanchinol la Lic. Yajahira Montserrat Bautista Hern\u00e1ndez, secretaria ejecutiva de SIPINNA en el&hellip; <a class=\"more-link\" href=\"https:\/\/www.zunoticia.com\/noticias-de-hidalgo\/2023\/04\/14\/celebran-el-1er-encuentro-regional-de-proteccion-de-derechos-de-los-ninos-ninas-y-adolescentes\/\">Seguir leyendo <span class=\"screen-reader-text\">Celebran el 1er. Encuentro regional de Protecci\u00f3n de Derechos de los Ni\u00f1os, Ni\u00f1as y adolescentes<\/span><\/a><\/p>\n","protected":false},"author":20,"featured_media":477115,"comment_status":"closed","ping_status":"open","sticky":false,"template":"","format":"standard","meta":{"rop_custom_images_group":[],"rop_custom_messages_group":[],"rop_publish_now":"initial","rop_publish_now_accounts":{"facebook_10159540855086992_322828327761733":""},"rop_publish_now_history":[],"rop_publish_now_status":"pending","footnotes":""},"categories":[201],"tags":[127],"class_list":["post-477114","post","type-post","status-publish","format-standard","has-post-thumbnail","hentry","category-tlanchinol","tag-tlanchinol","entry"],"_links":{"self":[{"href":"https:\/\/www.zunoticia.com\/noticias-de-hidalgo\/wp-json\/wp\/v2\/posts\/477114","targetHints":{"allow":["GET"]}}],"collection":[{"href":"https:\/\/www.zunoticia.com\/noticias-de-hidalgo\/wp-json\/wp\/v2\/posts"}],"about":[{"href":"https:\/\/www.zunoticia.com\/noticias-de-hidalgo\/wp-json\/wp\/v2\/types\/post"}],"author":[{"embeddable":true,"href":"https:\/\/www.zunoticia.com\/noticias-de-hidalgo\/wp-json\/wp\/v2\/users\/20"}],"replies":[{"embeddable":true,"href":"https:\/\/www.zunoticia.com\/noticias-de-hidalgo\/wp-json\/wp\/v2\/comments?post=477114"}],"version-history":[{"count":2,"href":"https:\/\/www.zunoticia.com\/noticias-de-hidalgo\/wp-json\/wp\/v2\/posts\/477114\/revisions"}],"predecessor-version":[{"id":477142,"href":"https:\/\/www.zunoticia.com\/noticias-de-hidalgo\/wp-json\/wp\/v2\/posts\/477114\/revisions\/477142"}],"wp:featuredmedia":[{"embeddable":true,"href":"https:\/\/www.zunoticia.com\/noticias-de-hidalgo\/wp-json\/wp\/v2\/media\/477115"}],"wp:attachment":[{"href":"https:\/\/www.zunoticia.com\/noticias-de-hidalgo\/wp-json\/wp\/v2\/media?parent=477114"}],"wp:term":[{"taxonomy":"category","embeddable":true,"href":"https:\/\/www.zunoticia.com\/noticias-de-hidalgo\/wp-json\/wp\/v2\/categories?post=477114"},{"taxonomy":"post_tag","embeddable":true,"href":"https:\/\/www.zunoticia.com\/noticias-de-hidalgo\/wp-json\/wp\/v2\/tags?post=477114"}],"curies":[{"name":"wp","href":"https:\/\/api.w.org\/{rel}","templated":true}]}}