{"id":477130,"date":"2023-04-14T16:35:40","date_gmt":"2023-04-14T22:35:40","guid":{"rendered":"https:\/\/www.zunoticia.com\/noticias-de-hidalgo\/?p=477130"},"modified":"2023-04-14T16:35:41","modified_gmt":"2023-04-14T22:35:41","slug":"camion-choco-contra-barda","status":"publish","type":"post","link":"https:\/\/www.zunoticia.com\/noticias-de-hidalgo\/2023\/04\/14\/camion-choco-contra-barda\/","title":{"rendered":"Cami\u00f3n choc\u00f3 contra barda"},"content":{"rendered":"<aside class=\"mashsb-container mashsb-main mashsb-stretched\"><div class=\"mashsb-box\"><div class=\"mashsb-count mash-large\" style=\"float:left\"><div class=\"counts mashsbcount\">46<\/div><span class=\"mashsb-sharetext\">SHARES<\/span><\/div><div class=\"mashsb-buttons\"><a class=\"mashicon-facebook mash-large mash-center mashsb-noshadow\" href=\"https:\/\/www.facebook.com\/sharer.php?u=https%3A%2F%2Fwww.zunoticia.com%2Fnoticias-de-hidalgo%2F2023%2F04%2F14%2Fcamion-choco-contra-barda%2F\" target=\"_top\" rel=\"nofollow\"><span class=\"icon\"><\/span><span class=\"text\">Share<\/span><\/a><a class=\"mashicon-twitter mash-large mash-center mashsb-noshadow\" href=\"https:\/\/twitter.com\/intent\/tweet?text=&amp;url=https:\/\/www.zunoticia.com\/noticias-de-hidalgo\/2023\/04\/14\/camion-choco-contra-barda\/\" target=\"_top\" rel=\"nofollow\"><span class=\"icon\"><\/span><span class=\"text\">Tweet<\/span><\/a><div class=\"onoffswitch2 mash-large mashsb-noshadow\" style=\"display:none\"><\/div><\/div>\n            <\/div>\n                <div style=\"clear:both\"><\/div><div class=\"mashsb-toggle-container\"><\/div><\/aside>\n            <!-- Share buttons by mashshare.net - Version: 4.0.47-->\n<p><\/p>\n\n\n\n<p><em>Por Francisco Rosas\/Zunoticia<\/em><\/p>\n\n\n\n<p><strong>Tempoal, Ver<\/strong>.- Por una presunta falla mec\u00e1nica, un cami\u00f3n propiedad de conocida empresa que intent\u00f3 subir una pendiente, choc\u00f3 contra una barda.<\/p>\n\n\n\n<p>El percance ocurri\u00f3 en la zona centro de esta ciudad y de acuerdo con el reporte de la polic\u00eda, el incidente fue ocasionado por una pesada unidad de la marca Mercedes Benz, color blanco, con placas de circulaci\u00f3n TM-8636-F del Servicio P\u00fablico Federal, con n\u00famero econ\u00f3mico 359 y propiedad de la empresa M\u00e1s.<\/p>\n\n\n\n<p>El cami\u00f3n presuntamente se apag\u00f3 en plena subida y aunque el operador quiso detenerlo para evitar un accidente, no le respondieron los frenos, por lo que decidi\u00f3 impactarse contra una barda y de esta manera evitar una tragedia.<\/p>\n\n\n\n<p>De los hechos tomaron conocimiento agentes de la Delegaci\u00f3n de Tr\u00e1nsito y Seguridad Vial, quienes auxiliaron al operador que afortunadamente result\u00f3 ileso y solo ocasion\u00f3 da\u00f1os materiales.<\/p>\n\n\n\n<figure class=\"wp-block-image size-full\"><img fetchpriority=\"high\" decoding=\"async\" width=\"940\" height=\"788\" src=\"https:\/\/www.zunoticia.com\/noticias-de-hidalgo\/wp-content\/uploads\/2023\/04\/1-65.png\" alt=\"\" class=\"wp-image-477132\" srcset=\"https:\/\/www.zunoticia.com\/noticias-de-hidalgo\/wp-content\/uploads\/2023\/04\/1-65.png 940w, https:\/\/www.zunoticia.com\/noticias-de-hidalgo\/wp-content\/uploads\/2023\/04\/1-65-300x251.png 300w, https:\/\/www.zunoticia.com\/noticias-de-hidalgo\/wp-content\/uploads\/2023\/04\/1-65-768x644.png 768w\" sizes=\"(max-width: 940px) 100vw, 940px\" \/><\/figure>\n","protected":false},"excerpt":{"rendered":"<p>Por Francisco Rosas\/Zunoticia Tempoal, Ver.- Por una presunta falla mec\u00e1nica, un cami\u00f3n propiedad de conocida empresa que intent\u00f3 subir una pendiente, choc\u00f3 contra una barda. El percance ocurri\u00f3 en la zona centro de esta ciudad y de acuerdo con el reporte de la polic\u00eda, el incidente fue ocasionado por una pesada unidad de la marca&hellip; <a class=\"more-link\" href=\"https:\/\/www.zunoticia.com\/noticias-de-hidalgo\/2023\/04\/14\/camion-choco-contra-barda\/\">Seguir leyendo <span class=\"screen-reader-text\">Cami\u00f3n choc\u00f3 contra barda<\/span><\/a><\/p>\n","protected":false},"author":20,"featured_media":477131,"comment_status":"closed","ping_status":"open","sticky":false,"template":"","format":"standard","meta":{"rop_custom_images_group":[],"rop_custom_messages_group":[],"rop_publish_now":"initial","rop_publish_now_accounts":{"facebook_10159540855086992_322828327761733":""},"rop_publish_now_history":[],"rop_publish_now_status":"pending","footnotes":""},"categories":[178],"tags":[259],"class_list":["post-477130","post","type-post","status-publish","format-standard","has-post-thumbnail","hentry","category-policiaca","tag-policiaca","entry"],"_links":{"self":[{"href":"https:\/\/www.zunoticia.com\/noticias-de-hidalgo\/wp-json\/wp\/v2\/posts\/477130","targetHints":{"allow":["GET"]}}],"collection":[{"href":"https:\/\/www.zunoticia.com\/noticias-de-hidalgo\/wp-json\/wp\/v2\/posts"}],"about":[{"href":"https:\/\/www.zunoticia.com\/noticias-de-hidalgo\/wp-json\/wp\/v2\/types\/post"}],"author":[{"embeddable":true,"href":"https:\/\/www.zunoticia.com\/noticias-de-hidalgo\/wp-json\/wp\/v2\/users\/20"}],"replies":[{"embeddable":true,"href":"https:\/\/www.zunoticia.com\/noticias-de-hidalgo\/wp-json\/wp\/v2\/comments?post=477130"}],"version-history":[{"count":2,"href":"https:\/\/www.zunoticia.com\/noticias-de-hidalgo\/wp-json\/wp\/v2\/posts\/477130\/revisions"}],"predecessor-version":[{"id":477134,"href":"https:\/\/www.zunoticia.com\/noticias-de-hidalgo\/wp-json\/wp\/v2\/posts\/477130\/revisions\/477134"}],"wp:featuredmedia":[{"embeddable":true,"href":"https:\/\/www.zunoticia.com\/noticias-de-hidalgo\/wp-json\/wp\/v2\/media\/477131"}],"wp:attachment":[{"href":"https:\/\/www.zunoticia.com\/noticias-de-hidalgo\/wp-json\/wp\/v2\/media?parent=477130"}],"wp:term":[{"taxonomy":"category","embeddable":true,"href":"https:\/\/www.zunoticia.com\/noticias-de-hidalgo\/wp-json\/wp\/v2\/categories?post=477130"},{"taxonomy":"post_tag","embeddable":true,"href":"https:\/\/www.zunoticia.com\/noticias-de-hidalgo\/wp-json\/wp\/v2\/tags?post=477130"}],"curies":[{"name":"wp","href":"https:\/\/api.w.org\/{rel}","templated":true}]}}