{"id":477166,"date":"2023-04-14T20:00:10","date_gmt":"2023-04-15T02:00:10","guid":{"rendered":"https:\/\/www.zunoticia.com\/noticias-de-hidalgo\/?p=477166"},"modified":"2023-04-14T20:00:11","modified_gmt":"2023-04-15T02:00:11","slug":"menor-navajeo-a-policia-municipal","status":"publish","type":"post","link":"https:\/\/www.zunoticia.com\/noticias-de-hidalgo\/2023\/04\/14\/menor-navajeo-a-policia-municipal\/","title":{"rendered":"Menor navaje\u00f3 a polic\u00eda municipal"},"content":{"rendered":"<aside class=\"mashsb-container mashsb-main mashsb-stretched\"><div class=\"mashsb-box\"><div class=\"mashsb-count mash-large\" style=\"float:left\"><div class=\"counts mashsbcount\">32<\/div><span class=\"mashsb-sharetext\">SHARES<\/span><\/div><div class=\"mashsb-buttons\"><a class=\"mashicon-facebook mash-large mash-center mashsb-noshadow\" href=\"https:\/\/www.facebook.com\/sharer.php?u=https%3A%2F%2Fwww.zunoticia.com%2Fnoticias-de-hidalgo%2F2023%2F04%2F14%2Fmenor-navajeo-a-policia-municipal%2F\" target=\"_top\" rel=\"nofollow\"><span class=\"icon\"><\/span><span class=\"text\">Share<\/span><\/a><a class=\"mashicon-twitter mash-large mash-center mashsb-noshadow\" href=\"https:\/\/twitter.com\/intent\/tweet?text=&amp;url=https:\/\/www.zunoticia.com\/noticias-de-hidalgo\/2023\/04\/14\/menor-navajeo-a-policia-municipal\/\" target=\"_top\" rel=\"nofollow\"><span class=\"icon\"><\/span><span class=\"text\">Tweet<\/span><\/a><div class=\"onoffswitch2 mash-large mashsb-noshadow\" style=\"display:none\"><\/div><\/div>\n            <\/div>\n                <div style=\"clear:both\"><\/div><div class=\"mashsb-toggle-container\"><\/div><\/aside>\n            <!-- Share buttons by mashshare.net - Version: 4.0.47-->\n<ul class=\"wp-block-list\">\n<li>Comandante presuntamente fue atacado con un arma blanca (navaja); la agresora est\u00e1 a disposici\u00f3n del MP.<\/li>\n<\/ul>\n\n\n\n<p><em>Por Francisco Rosas\/Zunoticia<\/em><\/p>\n\n\n\n<p><strong>San Felipe Orizatl\u00e1n, Hgo.-<\/strong> Una adolescente que presuntamente atac\u00f3 y lesion\u00f3 con un arma blanca (navaja) a un elemento de la polic\u00eda preventiva de este municipio, fue detenida y puesta a disposici\u00f3n del Ministerio P\u00fablico de la Mesa Especializada en Justicia para Adolescentes del Centro de Atenci\u00f3n a la Familia y a la V\u00edctima (CAVI).<\/p>\n\n\n\n<p>De acuerdo con el reporte de la direcci\u00f3n de Seguridad P\u00fablica y Tr\u00e1nsito Municipal, refiere que los hechos se registraron la tarde del pasado jueves en la carretera \u00c1lamo \u2013 Tamazunchale, tras la localizaci\u00f3n de dos mujeres (madre e hija), que estaban desaparecidas desde el pasado 5 de abril.<\/p>\n\n\n\n<p>En el informe, los uniformados preventivos, bajo el mando del comandante Alejo Bautista Hern\u00e1ndez, se\u00f1alan que, al momento de asegurarlas, una de ellas que es menor de edad y de identidad reservada, agredi\u00f3 al comandante en turno con una navaja y le ocasion\u00f3 heridas en tres dedos.<\/p>\n\n\n\n<p>El comandante lesionado, fue ingresado al Hospital Regional de la Huasteca, donde fue intervenido quir\u00fargicamente y hasta el momento se encuentra en observaci\u00f3n, ya que est\u00e1 en riesgo de perder dos dedos.<\/p>\n\n\n\n<p>Mientras tanto la jovencita, se encuentra a disposici\u00f3n de la Procuradur\u00eda General de Justicia del Estado de Hidalgo (PGJEH), al ser se\u00f1alada como probable responsable de los delitos de lesiones y tentativa de homicidio.<\/p>\n","protected":false},"excerpt":{"rendered":"<p>Por Francisco Rosas\/Zunoticia San Felipe Orizatl\u00e1n, Hgo.- Una adolescente que presuntamente atac\u00f3 y lesion\u00f3 con un arma blanca (navaja) a un elemento de la polic\u00eda preventiva de este municipio, fue detenida y puesta a disposici\u00f3n del Ministerio P\u00fablico de la Mesa Especializada en Justicia para Adolescentes del Centro de Atenci\u00f3n a la Familia y a&hellip; <a class=\"more-link\" href=\"https:\/\/www.zunoticia.com\/noticias-de-hidalgo\/2023\/04\/14\/menor-navajeo-a-policia-municipal\/\">Seguir leyendo <span class=\"screen-reader-text\">Menor navaje\u00f3 a polic\u00eda municipal<\/span><\/a><\/p>\n","protected":false},"author":12,"featured_media":477194,"comment_status":"closed","ping_status":"open","sticky":false,"template":"","format":"standard","meta":{"rop_custom_images_group":[],"rop_custom_messages_group":[],"rop_publish_now":"initial","rop_publish_now_accounts":{"facebook_10159540855086992_322828327761733":""},"rop_publish_now_history":[],"rop_publish_now_status":"pending","footnotes":""},"categories":[178],"tags":[259],"class_list":["post-477166","post","type-post","status-publish","format-standard","has-post-thumbnail","hentry","category-policiaca","tag-policiaca","entry"],"_links":{"self":[{"href":"https:\/\/www.zunoticia.com\/noticias-de-hidalgo\/wp-json\/wp\/v2\/posts\/477166","targetHints":{"allow":["GET"]}}],"collection":[{"href":"https:\/\/www.zunoticia.com\/noticias-de-hidalgo\/wp-json\/wp\/v2\/posts"}],"about":[{"href":"https:\/\/www.zunoticia.com\/noticias-de-hidalgo\/wp-json\/wp\/v2\/types\/post"}],"author":[{"embeddable":true,"href":"https:\/\/www.zunoticia.com\/noticias-de-hidalgo\/wp-json\/wp\/v2\/users\/12"}],"replies":[{"embeddable":true,"href":"https:\/\/www.zunoticia.com\/noticias-de-hidalgo\/wp-json\/wp\/v2\/comments?post=477166"}],"version-history":[{"count":1,"href":"https:\/\/www.zunoticia.com\/noticias-de-hidalgo\/wp-json\/wp\/v2\/posts\/477166\/revisions"}],"predecessor-version":[{"id":477195,"href":"https:\/\/www.zunoticia.com\/noticias-de-hidalgo\/wp-json\/wp\/v2\/posts\/477166\/revisions\/477195"}],"wp:featuredmedia":[{"embeddable":true,"href":"https:\/\/www.zunoticia.com\/noticias-de-hidalgo\/wp-json\/wp\/v2\/media\/477194"}],"wp:attachment":[{"href":"https:\/\/www.zunoticia.com\/noticias-de-hidalgo\/wp-json\/wp\/v2\/media?parent=477166"}],"wp:term":[{"taxonomy":"category","embeddable":true,"href":"https:\/\/www.zunoticia.com\/noticias-de-hidalgo\/wp-json\/wp\/v2\/categories?post=477166"},{"taxonomy":"post_tag","embeddable":true,"href":"https:\/\/www.zunoticia.com\/noticias-de-hidalgo\/wp-json\/wp\/v2\/tags?post=477166"}],"curies":[{"name":"wp","href":"https:\/\/api.w.org\/{rel}","templated":true}]}}