{"id":477205,"date":"2023-04-14T21:05:38","date_gmt":"2023-04-15T03:05:38","guid":{"rendered":"https:\/\/www.zunoticia.com\/noticias-de-hidalgo\/?p=477205"},"modified":"2023-04-14T21:05:39","modified_gmt":"2023-04-15T03:05:39","slug":"incluir-a-personas-afromexicanas-en-colectividad-de-pueblos-y-comunidades-angel-tenorio","status":"publish","type":"post","link":"https:\/\/www.zunoticia.com\/noticias-de-hidalgo\/2023\/04\/14\/incluir-a-personas-afromexicanas-en-colectividad-de-pueblos-y-comunidades-angel-tenorio\/","title":{"rendered":"Incluir a personas afromexicanas en colectividad de pueblos y comunidades:&nbsp; \u00c1ngel Tenorio"},"content":{"rendered":"<aside class=\"mashsb-container mashsb-main mashsb-stretched\"><div class=\"mashsb-box\"><div class=\"mashsb-count mash-large\" style=\"float:left\"><div class=\"counts mashsbcount\">2<\/div><span class=\"mashsb-sharetext\">SHARES<\/span><\/div><div class=\"mashsb-buttons\"><a class=\"mashicon-facebook mash-large mash-center mashsb-noshadow\" href=\"https:\/\/www.facebook.com\/sharer.php?u=https%3A%2F%2Fwww.zunoticia.com%2Fnoticias-de-hidalgo%2F2023%2F04%2F14%2Fincluir-a-personas-afromexicanas-en-colectividad-de-pueblos-y-comunidades-angel-tenorio%2F\" target=\"_top\" rel=\"nofollow\"><span class=\"icon\"><\/span><span class=\"text\">Share<\/span><\/a><a class=\"mashicon-twitter mash-large mash-center mashsb-noshadow\" href=\"https:\/\/twitter.com\/intent\/tweet?text=&amp;url=https:\/\/www.zunoticia.com\/noticias-de-hidalgo\/2023\/04\/14\/incluir-a-personas-afromexicanas-en-colectividad-de-pueblos-y-comunidades-angel-tenorio\/\" target=\"_top\" rel=\"nofollow\"><span class=\"icon\"><\/span><span class=\"text\">Tweet<\/span><\/a><div class=\"onoffswitch2 mash-large mashsb-noshadow\" style=\"display:none\"><\/div><\/div>\n            <\/div>\n                <div style=\"clear:both\"><\/div><div class=\"mashsb-toggle-container\"><\/div><\/aside>\n            <!-- Share buttons by mashshare.net - Version: 4.0.47-->\n<p><em>Por Redacci\u00f3n\/Zunoticia<\/em><\/p>\n\n\n\n<p><strong>Pachuca, Hgo.-<\/strong> Para incluir a las personas afromexicanas como una colectividad dentro de los pueblos y comunidades ind\u00edgenas, el diputado local de Morena, \u00c1ngel Tenorio Cruz, someti\u00f3 a la consideraci\u00f3n del Pleno del Congreso estatal una iniciativa que reforma las fracciones VII y IX del art\u00edculo 113 de la Ley de Derechos Humanos del Estado de Hidalgo.<\/p>\n\n\n\n<p>De la misma manera, los cambios propuestos tambi\u00e9n buscan sustituir el t\u00e9rmino preferencia sexual por los de orientaci\u00f3n sexual, identidad de g\u00e9nero, expresi\u00f3n de g\u00e9nero y caracter\u00edsticas sexuales en los programas de promoci\u00f3n y difusi\u00f3n para la atenci\u00f3n prioritaria a grupos especialmente vulnerables en materia de derechos humanos y no discriminaci\u00f3n.<\/p>\n\n\n\n<p>En la exposici\u00f3n de motivos, el legislador morenista explic\u00f3 que en el art\u00edculo 5 de la Convenci\u00f3n Internacional sobre la Eliminaci\u00f3n de todas las formas de Discriminaci\u00f3n Racial, que data del a\u00f1o 1969, se prev\u00e9 la obligaci\u00f3n de los Estados partes a prohibir y eliminar la discriminaci\u00f3n racial en todas sus formas.<\/p>\n\n\n\n<p>Asimismo, a garantizar el derecho de toda persona la igualdad ante la ley, sin distinci\u00f3n de raza, color y origen nacional o \u00e9tnico, enfatizando los derechos fundamentales, pol\u00edticos, civiles, econ\u00f3micos, sociales y culturales, como categor\u00edas especiales de protecci\u00f3n, tales como el derecho a la igualdad de trato, el derecho a la seguridad, el derecho activo y pasivo al voto, as\u00ed como acceso en igualdad de condiciones a la funci\u00f3n p\u00fablica, entre otros.<\/p>\n\n\n\n<p>Dijo que de acuerdo con el Consejo Nacional para Prevenir la Discriminaci\u00f3n (CONAPRED), en M\u00e9xico viven 1.3 millones de personas que se consideran afrodescendientes. Sus niveles de analfabetismo, rezago educativo, acceso a servicios de salud, a servicios de vivienda y sus ingresos laborales &#8220;muestran una penosa realidad que puede caracterizarse, de forma llana, como pobreza por discriminaci\u00f3n&#8221;.<\/p>\n\n\n\n<p>Respecto a la figura jur\u00eddica de preferencia sexual, indic\u00f3 que es necesario comprender que dicho t\u00e9rmino no es lo mismo que orientaci\u00f3n sexual. No ha sido en vano -agreg\u00f3- que en esta Legislatura de la Inclusi\u00f3n, &#8220;hemos prohibido los Esfuerzos para Corregir la Orientaci\u00f3n Sexual e Identidad de G\u00e9nero o Terapias de Conversi\u00f3n.<\/p>\n\n\n\n<p>Lo anterior, dijo, ha sido necesario toda vez que partiendo de conceptos err\u00f3neos, las personas LGBTTIQ+ &#8220;no nos vemos incluidas socialmente, afect\u00e1ndose as\u00ed en forma negativa nuestro acceso a la atenci\u00f3n sanitaria, la educaci\u00f3n, la vivienda, el empleo, la participaci\u00f3n pol\u00edtica y la seguridad personal y libre de violencia, por la v\u00eda de la discriminaci\u00f3n, la cual es sin duda alguna una forma de violencia&#8221;.<\/p>\n\n\n\n<p>Se\u00f1al\u00f3 que al tratar el tema de la discriminaci\u00f3n en contra de la poblaci\u00f3n LGBTTIQ+, no \u00fanicamente se debe tocar las figuras denominadas orientaci\u00f3n sexual e identidad de g\u00e9nero, sino tambi\u00e9n la expresi\u00f3n de g\u00e9nero y las caracter\u00edsticas sexuales, que en nuestra comunidad se relacionan con las personas intersexuales.<\/p>\n\n\n\n<p>Es por ello, dijo, que resulta imperativo incluir en la Ley que se propone reformar, las expresiones orientaci\u00f3n sexual, identidad de g\u00e9nero, expresi\u00f3n de g\u00e9nero y caracter\u00edsticas sexuales, eliminando la expresi\u00f3n denominada preferencias sexuales, por considerar que es doctrinal y pr\u00e1cticamente incorrecta, c\u00f3mo lo refiere el CONAPRED, en su Glosario de la diversidad sexual, de g\u00e9nero y caracter\u00edsticas sexuales.<\/p>\n","protected":false},"excerpt":{"rendered":"<p>Por Redacci\u00f3n\/Zunoticia Pachuca, Hgo.- Para incluir a las personas afromexicanas como una colectividad dentro de los pueblos y comunidades ind\u00edgenas, el diputado local de Morena, \u00c1ngel Tenorio Cruz, someti\u00f3 a la consideraci\u00f3n del Pleno del Congreso estatal una iniciativa que reforma las fracciones VII y IX del art\u00edculo 113 de la Ley de Derechos Humanos&hellip; <a class=\"more-link\" href=\"https:\/\/www.zunoticia.com\/noticias-de-hidalgo\/2023\/04\/14\/incluir-a-personas-afromexicanas-en-colectividad-de-pueblos-y-comunidades-angel-tenorio\/\">Seguir leyendo <span class=\"screen-reader-text\">Incluir a personas afromexicanas en colectividad de pueblos y comunidades:&nbsp; \u00c1ngel Tenorio<\/span><\/a><\/p>\n","protected":false},"author":12,"featured_media":477202,"comment_status":"closed","ping_status":"open","sticky":false,"template":"","format":"standard","meta":{"rop_custom_images_group":[],"rop_custom_messages_group":[],"rop_publish_now":"initial","rop_publish_now_accounts":{"facebook_10159540855086992_322828327761733":""},"rop_publish_now_history":[],"rop_publish_now_status":"pending","footnotes":""},"categories":[208],"tags":[214],"class_list":["post-477205","post","type-post","status-publish","format-standard","has-post-thumbnail","hentry","category-estado","tag-estado","entry"],"_links":{"self":[{"href":"https:\/\/www.zunoticia.com\/noticias-de-hidalgo\/wp-json\/wp\/v2\/posts\/477205","targetHints":{"allow":["GET"]}}],"collection":[{"href":"https:\/\/www.zunoticia.com\/noticias-de-hidalgo\/wp-json\/wp\/v2\/posts"}],"about":[{"href":"https:\/\/www.zunoticia.com\/noticias-de-hidalgo\/wp-json\/wp\/v2\/types\/post"}],"author":[{"embeddable":true,"href":"https:\/\/www.zunoticia.com\/noticias-de-hidalgo\/wp-json\/wp\/v2\/users\/12"}],"replies":[{"embeddable":true,"href":"https:\/\/www.zunoticia.com\/noticias-de-hidalgo\/wp-json\/wp\/v2\/comments?post=477205"}],"version-history":[{"count":1,"href":"https:\/\/www.zunoticia.com\/noticias-de-hidalgo\/wp-json\/wp\/v2\/posts\/477205\/revisions"}],"predecessor-version":[{"id":477208,"href":"https:\/\/www.zunoticia.com\/noticias-de-hidalgo\/wp-json\/wp\/v2\/posts\/477205\/revisions\/477208"}],"wp:featuredmedia":[{"embeddable":true,"href":"https:\/\/www.zunoticia.com\/noticias-de-hidalgo\/wp-json\/wp\/v2\/media\/477202"}],"wp:attachment":[{"href":"https:\/\/www.zunoticia.com\/noticias-de-hidalgo\/wp-json\/wp\/v2\/media?parent=477205"}],"wp:term":[{"taxonomy":"category","embeddable":true,"href":"https:\/\/www.zunoticia.com\/noticias-de-hidalgo\/wp-json\/wp\/v2\/categories?post=477205"},{"taxonomy":"post_tag","embeddable":true,"href":"https:\/\/www.zunoticia.com\/noticias-de-hidalgo\/wp-json\/wp\/v2\/tags?post=477205"}],"curies":[{"name":"wp","href":"https:\/\/api.w.org\/{rel}","templated":true}]}}