{"id":477244,"date":"2023-04-14T23:24:24","date_gmt":"2023-04-15T05:24:24","guid":{"rendered":"https:\/\/www.zunoticia.com\/noticias-de-hidalgo\/?p=477244"},"modified":"2023-04-14T23:24:25","modified_gmt":"2023-04-15T05:24:25","slug":"a-marchas-forzadas-proyecto-del-centro-cultural-nahuatl","status":"publish","type":"post","link":"https:\/\/www.zunoticia.com\/noticias-de-hidalgo\/2023\/04\/14\/a-marchas-forzadas-proyecto-del-centro-cultural-nahuatl\/","title":{"rendered":"A marchas forzadas proyecto del Centro Cultural N\u00e1huatl"},"content":{"rendered":"<aside class=\"mashsb-container mashsb-main mashsb-stretched\"><div class=\"mashsb-box\"><div class=\"mashsb-count mash-large\" style=\"float:left\"><div class=\"counts mashsbcount\">22<\/div><span class=\"mashsb-sharetext\">SHARES<\/span><\/div><div class=\"mashsb-buttons\"><a class=\"mashicon-facebook mash-large mash-center mashsb-noshadow\" href=\"https:\/\/www.facebook.com\/sharer.php?u=https%3A%2F%2Fwww.zunoticia.com%2Fnoticias-de-hidalgo%2F2023%2F04%2F14%2Fa-marchas-forzadas-proyecto-del-centro-cultural-nahuatl%2F\" target=\"_top\" rel=\"nofollow\"><span class=\"icon\"><\/span><span class=\"text\">Share<\/span><\/a><a class=\"mashicon-twitter mash-large mash-center mashsb-noshadow\" href=\"https:\/\/twitter.com\/intent\/tweet?text=&amp;url=https:\/\/www.zunoticia.com\/noticias-de-hidalgo\/2023\/04\/14\/a-marchas-forzadas-proyecto-del-centro-cultural-nahuatl\/\" target=\"_top\" rel=\"nofollow\"><span class=\"icon\"><\/span><span class=\"text\">Tweet<\/span><\/a><div class=\"onoffswitch2 mash-large mashsb-noshadow\" style=\"display:none\"><\/div><\/div>\n            <\/div>\n                <div style=\"clear:both\"><\/div><div class=\"mashsb-toggle-container\"><\/div><\/aside>\n            <!-- Share buttons by mashshare.net - Version: 4.0.47-->\n<p><em>Por Salvador Altamirano\/Zunoticia<\/em><\/p>\n\n\n\n<p><strong>Huejutla, Hgo.-<\/strong> La llamada &#8220;Casa Blanca&#8221;, que era \u00fanicamente utilizada para hospedar a gobernadores cuando arribaban a la huasteca, hoy est\u00e1 siendo remodelada para que funcione como un museo cultural de promoci\u00f3n ind\u00edgena.<\/p>\n\n\n\n<p>El proyecto, autorizado por el Gobernador del Estado, Julio Menchaca Salazar, en especial para fomentar y proyectar la lengua materna, el n\u00e1huatl, actualmente lleva un considerable avance f\u00edsico, lo cual est\u00e1 siendo del agrado de la ciudadan\u00eda, en especial de los 100 % involucrados en cultura regional.<\/p>\n\n\n\n<p>Quien se identific\u00f3 con el nombre de Juan Mart\u00ednez, enfatiz\u00f3 que en la regi\u00f3n de Huejutla y de la huasteca en general, hay un mosaico pluricultural de costumbres y tradiciones, pero hacen falta espacios adecuados para su desarrollo, por lo que la disposici\u00f3n es muy aplaudible, ya que enaltece nuestra significativa herencia cultural, dijo.<\/p>\n\n\n\n<figure class=\"wp-block-image size-large\"><img fetchpriority=\"high\" decoding=\"async\" width=\"1024\" height=\"768\" src=\"https:\/\/www.zunoticia.com\/noticias-de-hidalgo\/wp-content\/uploads\/2023\/04\/eZy-Watermark-14-04-2023-07-22-05p.m.-1024x768.jpg\" alt=\"\" class=\"wp-image-477185\" srcset=\"https:\/\/www.zunoticia.com\/noticias-de-hidalgo\/wp-content\/uploads\/2023\/04\/eZy-Watermark-14-04-2023-07-22-05p.m.-1024x768.jpg 1024w, https:\/\/www.zunoticia.com\/noticias-de-hidalgo\/wp-content\/uploads\/2023\/04\/eZy-Watermark-14-04-2023-07-22-05p.m.-300x225.jpg 300w, https:\/\/www.zunoticia.com\/noticias-de-hidalgo\/wp-content\/uploads\/2023\/04\/eZy-Watermark-14-04-2023-07-22-05p.m.-768x576.jpg 768w, https:\/\/www.zunoticia.com\/noticias-de-hidalgo\/wp-content\/uploads\/2023\/04\/eZy-Watermark-14-04-2023-07-22-05p.m..jpg 1280w\" sizes=\"(max-width: 1024px) 100vw, 1024px\" \/><\/figure>\n\n\n\n<p>Detall\u00f3 que seg\u00fan se tiene conocimiento, aunado a modificar las instalaciones de la Casa Blanca se est\u00e1 construyendo un teatro, una sala para exposiciones y un centro ceremonial de grandes dimensiones.<\/p>\n\n\n\n<p>Para finalizar, coment\u00f3 que con el proyecto que ya est\u00e1 avanzado, por fin se le est\u00e1 haciendo justicia a la cultura huasteca regional, la cual no obstante ser de car\u00e1cter singular siempre ha sido desplazada por la pol\u00edtica.<\/p>\n","protected":false},"excerpt":{"rendered":"<p>Por Salvador Altamirano\/Zunoticia Huejutla, Hgo.- La llamada &#8220;Casa Blanca&#8221;, que era \u00fanicamente utilizada para hospedar a gobernadores cuando arribaban a la huasteca, hoy est\u00e1 siendo remodelada para que funcione como un museo cultural de promoci\u00f3n ind\u00edgena. El proyecto, autorizado por el Gobernador del Estado, Julio Menchaca Salazar, en especial para fomentar y proyectar la lengua&hellip; <a class=\"more-link\" href=\"https:\/\/www.zunoticia.com\/noticias-de-hidalgo\/2023\/04\/14\/a-marchas-forzadas-proyecto-del-centro-cultural-nahuatl\/\">Seguir leyendo <span class=\"screen-reader-text\">A marchas forzadas proyecto del Centro Cultural N\u00e1huatl<\/span><\/a><\/p>\n","protected":false},"author":12,"featured_media":477186,"comment_status":"closed","ping_status":"open","sticky":false,"template":"","format":"standard","meta":{"rop_custom_images_group":[],"rop_custom_messages_group":[],"rop_publish_now":"initial","rop_publish_now_accounts":{"facebook_10159540855086992_322828327761733":""},"rop_publish_now_history":[],"rop_publish_now_status":"pending","footnotes":""},"categories":[181],"tags":[121],"class_list":["post-477244","post","type-post","status-publish","format-standard","has-post-thumbnail","hentry","category-huejutla","tag-huejutla","entry"],"_links":{"self":[{"href":"https:\/\/www.zunoticia.com\/noticias-de-hidalgo\/wp-json\/wp\/v2\/posts\/477244","targetHints":{"allow":["GET"]}}],"collection":[{"href":"https:\/\/www.zunoticia.com\/noticias-de-hidalgo\/wp-json\/wp\/v2\/posts"}],"about":[{"href":"https:\/\/www.zunoticia.com\/noticias-de-hidalgo\/wp-json\/wp\/v2\/types\/post"}],"author":[{"embeddable":true,"href":"https:\/\/www.zunoticia.com\/noticias-de-hidalgo\/wp-json\/wp\/v2\/users\/12"}],"replies":[{"embeddable":true,"href":"https:\/\/www.zunoticia.com\/noticias-de-hidalgo\/wp-json\/wp\/v2\/comments?post=477244"}],"version-history":[{"count":1,"href":"https:\/\/www.zunoticia.com\/noticias-de-hidalgo\/wp-json\/wp\/v2\/posts\/477244\/revisions"}],"predecessor-version":[{"id":477250,"href":"https:\/\/www.zunoticia.com\/noticias-de-hidalgo\/wp-json\/wp\/v2\/posts\/477244\/revisions\/477250"}],"wp:featuredmedia":[{"embeddable":true,"href":"https:\/\/www.zunoticia.com\/noticias-de-hidalgo\/wp-json\/wp\/v2\/media\/477186"}],"wp:attachment":[{"href":"https:\/\/www.zunoticia.com\/noticias-de-hidalgo\/wp-json\/wp\/v2\/media?parent=477244"}],"wp:term":[{"taxonomy":"category","embeddable":true,"href":"https:\/\/www.zunoticia.com\/noticias-de-hidalgo\/wp-json\/wp\/v2\/categories?post=477244"},{"taxonomy":"post_tag","embeddable":true,"href":"https:\/\/www.zunoticia.com\/noticias-de-hidalgo\/wp-json\/wp\/v2\/tags?post=477244"}],"curies":[{"name":"wp","href":"https:\/\/api.w.org\/{rel}","templated":true}]}}