{"id":477499,"date":"2023-04-17T11:36:19","date_gmt":"2023-04-17T17:36:19","guid":{"rendered":"https:\/\/www.zunoticia.com\/noticias-de-hidalgo\/?p=477499"},"modified":"2023-04-17T11:36:20","modified_gmt":"2023-04-17T17:36:20","slug":"orizatlan-sede-del-primer-encuentro-regional-de-sipinna","status":"publish","type":"post","link":"https:\/\/www.zunoticia.com\/noticias-de-hidalgo\/2023\/04\/17\/orizatlan-sede-del-primer-encuentro-regional-de-sipinna\/","title":{"rendered":"Orizatl\u00e1n sede del &#8220;primer encuentro regional de SIPINNA&#8221;"},"content":{"rendered":"<aside class=\"mashsb-container mashsb-main mashsb-stretched\"><div class=\"mashsb-box\"><div class=\"mashsb-count mash-large\" style=\"float:left\"><div class=\"counts mashsbcount\">4<\/div><span class=\"mashsb-sharetext\">SHARES<\/span><\/div><div class=\"mashsb-buttons\"><a class=\"mashicon-facebook mash-large mash-center mashsb-noshadow\" href=\"https:\/\/www.facebook.com\/sharer.php?u=https%3A%2F%2Fwww.zunoticia.com%2Fnoticias-de-hidalgo%2F2023%2F04%2F17%2Forizatlan-sede-del-primer-encuentro-regional-de-sipinna%2F\" target=\"_top\" rel=\"nofollow\"><span class=\"icon\"><\/span><span class=\"text\">Share<\/span><\/a><a class=\"mashicon-twitter mash-large mash-center mashsb-noshadow\" href=\"https:\/\/twitter.com\/intent\/tweet?text=&amp;url=https:\/\/www.zunoticia.com\/noticias-de-hidalgo\/2023\/04\/17\/orizatlan-sede-del-primer-encuentro-regional-de-sipinna\/\" target=\"_top\" rel=\"nofollow\"><span class=\"icon\"><\/span><span class=\"text\">Tweet<\/span><\/a><div class=\"onoffswitch2 mash-large mashsb-noshadow\" style=\"display:none\"><\/div><\/div>\n            <\/div>\n                <div style=\"clear:both\"><\/div><div class=\"mashsb-toggle-container\"><\/div><\/aside>\n            <!-- Share buttons by mashshare.net - Version: 4.0.47-->\n<p><em>Por Redacci\u00f3n\/Zunoticia<\/em><\/p>\n\n\n\n<p><strong>San Felipe Orizatl\u00e1n, Hgo<\/strong>.- Orizatl\u00e1n fue sede del Primer Encuentro Regional de SIPINNA, en donde estuvo presente la presidenta municipal Erika Saab Lara; la secretaria ejecutiva estatal de SIPINNA Guadalupe Alvarado; Jos\u00e9 Luis Hern\u00e1ndez Fabela, coordinador de las dependencias federales, estatales y municipales; Daniel Andrade Zurutuza, alcalde de Huejutla; Dar\u00edo P\u00e9rez Lara, secretario municipal de Jaltoc\u00e1n, as\u00ed como presidentas del Sistema DIF Atlapexco y Huautla; secretarias ejecutivas municipales de la sierra y huasteca, entre otras personalidades.<\/p>\n\n\n\n<p>En su mensaje de bienvenida, la alcaldesa Erika Saab Lara, agradeci\u00f3 a todos los presentes, especialmente a la secretaria ejecutiva estatal, Mar\u00eda Guadalupe Alvarado Garc\u00eda y a Jos\u00e9 Luis Hern\u00e1ndez Fabela, coordinador de las dependencias federales, estatales y municipales, ya que dijo, su presencia fortalece al &#8220;Primer Encuentro Regional de SIPINNA&#8221; con sede en San Felipe Orizatl\u00e1n.<\/p>\n\n\n\n<p>Se\u00f1al\u00f3 que con la creaci\u00f3n del SIPINNA se formaliza un mecanismo que genera una nueva manera de realizar pol\u00edticas p\u00fablicas desde el m\u00e1s alto nivel de decisi\u00f3n gubernamental, donde todas las ni\u00f1as, ni\u00f1os y adolescentes puedan exigir y ejercer sus derechos humanos.<\/p>\n\n\n\n<p>La edil reconoci\u00f3, que el gobernador Julio Menchaca, ha dado muestra de la importancia que tiene la atenci\u00f3n a ni\u00f1os, ni\u00f1as y adolescentes, por lo que se planean diversas acciones para realizar mesas de trabajo y buscar soluciones ante las problem\u00e1ticas.<\/p>\n\n\n\n<p>Por su parte, Mar\u00eda Guadalupe Alvarado Garc\u00eda dijo, \u201cen esta nueva administraci\u00f3n iniciamos con el pie derecho, ya que los derechos de las ni\u00f1as, ni\u00f1os y adolescentes, es un tema sumamente importante, en el que se busca trabajar con los tres \u00f3rdenes de gobierno para crear nuevas estrategias para el sector m\u00e1s vulnerable&#8221;.<\/p>\n\n\n\n<p>La funcionaria estatal destac\u00f3, que este &#8220;Primer Encuentro Regional de SIPINNA&#8221; tiene como objetivo coordinar y coadyuvar con diferentes instancias gubernamentales estatales y municipales, realizando acciones que acompa\u00f1ar\u00e1 y vincular\u00e1 de manera directa o indirecta, por el bienestar de la ni\u00f1ez en los 84 municipios que conforma el Estado de Hidalgo.<\/p>\n\n\n\n<figure class=\"wp-block-gallery has-nested-images columns-default is-cropped wp-block-gallery-1 is-layout-flex wp-block-gallery-is-layout-flex\">\n<figure class=\"wp-block-image size-large\"><img fetchpriority=\"high\" decoding=\"async\" width=\"940\" height=\"788\" data-id=\"477501\" src=\"https:\/\/www.zunoticia.com\/noticias-de-hidalgo\/wp-content\/uploads\/2023\/04\/1-78.png\" alt=\"\" class=\"wp-image-477501\" srcset=\"https:\/\/www.zunoticia.com\/noticias-de-hidalgo\/wp-content\/uploads\/2023\/04\/1-78.png 940w, https:\/\/www.zunoticia.com\/noticias-de-hidalgo\/wp-content\/uploads\/2023\/04\/1-78-300x251.png 300w, https:\/\/www.zunoticia.com\/noticias-de-hidalgo\/wp-content\/uploads\/2023\/04\/1-78-768x644.png 768w\" sizes=\"(max-width: 940px) 100vw, 940px\" \/><\/figure>\n\n\n\n<figure class=\"wp-block-image size-large\"><img decoding=\"async\" width=\"940\" height=\"788\" data-id=\"477503\" src=\"https:\/\/www.zunoticia.com\/noticias-de-hidalgo\/wp-content\/uploads\/2023\/04\/2-76.png\" alt=\"\" class=\"wp-image-477503\" srcset=\"https:\/\/www.zunoticia.com\/noticias-de-hidalgo\/wp-content\/uploads\/2023\/04\/2-76.png 940w, https:\/\/www.zunoticia.com\/noticias-de-hidalgo\/wp-content\/uploads\/2023\/04\/2-76-300x251.png 300w, https:\/\/www.zunoticia.com\/noticias-de-hidalgo\/wp-content\/uploads\/2023\/04\/2-76-768x644.png 768w\" sizes=\"(max-width: 940px) 100vw, 940px\" \/><\/figure>\n\n\n\n<figure class=\"wp-block-image size-large\"><img decoding=\"async\" width=\"940\" height=\"788\" data-id=\"477502\" src=\"https:\/\/www.zunoticia.com\/noticias-de-hidalgo\/wp-content\/uploads\/2023\/04\/3-22.png\" alt=\"\" class=\"wp-image-477502\" srcset=\"https:\/\/www.zunoticia.com\/noticias-de-hidalgo\/wp-content\/uploads\/2023\/04\/3-22.png 940w, https:\/\/www.zunoticia.com\/noticias-de-hidalgo\/wp-content\/uploads\/2023\/04\/3-22-300x251.png 300w, https:\/\/www.zunoticia.com\/noticias-de-hidalgo\/wp-content\/uploads\/2023\/04\/3-22-768x644.png 768w\" sizes=\"(max-width: 940px) 100vw, 940px\" \/><\/figure>\n<\/figure>\n","protected":false},"excerpt":{"rendered":"<p>Por Redacci\u00f3n\/Zunoticia San Felipe Orizatl\u00e1n, Hgo.- Orizatl\u00e1n fue sede del Primer Encuentro Regional de SIPINNA, en donde estuvo presente la presidenta municipal Erika Saab Lara; la secretaria ejecutiva estatal de SIPINNA Guadalupe Alvarado; Jos\u00e9 Luis Hern\u00e1ndez Fabela, coordinador de las dependencias federales, estatales y municipales; Daniel Andrade Zurutuza, alcalde de Huejutla; Dar\u00edo P\u00e9rez Lara, secretario&hellip; <a class=\"more-link\" href=\"https:\/\/www.zunoticia.com\/noticias-de-hidalgo\/2023\/04\/17\/orizatlan-sede-del-primer-encuentro-regional-de-sipinna\/\">Seguir leyendo <span class=\"screen-reader-text\">Orizatl\u00e1n sede del &#8220;primer encuentro regional de SIPINNA&#8221;<\/span><\/a><\/p>\n","protected":false},"author":20,"featured_media":477500,"comment_status":"closed","ping_status":"open","sticky":false,"template":"","format":"standard","meta":{"rop_custom_images_group":[],"rop_custom_messages_group":[],"rop_publish_now":"initial","rop_publish_now_accounts":{"facebook_10159540855086992_322828327761733":""},"rop_publish_now_history":[],"rop_publish_now_status":"pending","footnotes":""},"categories":[180],"tags":[129],"class_list":["post-477499","post","type-post","status-publish","format-standard","has-post-thumbnail","hentry","category-orizatlan","tag-orizatlan","entry"],"_links":{"self":[{"href":"https:\/\/www.zunoticia.com\/noticias-de-hidalgo\/wp-json\/wp\/v2\/posts\/477499","targetHints":{"allow":["GET"]}}],"collection":[{"href":"https:\/\/www.zunoticia.com\/noticias-de-hidalgo\/wp-json\/wp\/v2\/posts"}],"about":[{"href":"https:\/\/www.zunoticia.com\/noticias-de-hidalgo\/wp-json\/wp\/v2\/types\/post"}],"author":[{"embeddable":true,"href":"https:\/\/www.zunoticia.com\/noticias-de-hidalgo\/wp-json\/wp\/v2\/users\/20"}],"replies":[{"embeddable":true,"href":"https:\/\/www.zunoticia.com\/noticias-de-hidalgo\/wp-json\/wp\/v2\/comments?post=477499"}],"version-history":[{"count":1,"href":"https:\/\/www.zunoticia.com\/noticias-de-hidalgo\/wp-json\/wp\/v2\/posts\/477499\/revisions"}],"predecessor-version":[{"id":477504,"href":"https:\/\/www.zunoticia.com\/noticias-de-hidalgo\/wp-json\/wp\/v2\/posts\/477499\/revisions\/477504"}],"wp:featuredmedia":[{"embeddable":true,"href":"https:\/\/www.zunoticia.com\/noticias-de-hidalgo\/wp-json\/wp\/v2\/media\/477500"}],"wp:attachment":[{"href":"https:\/\/www.zunoticia.com\/noticias-de-hidalgo\/wp-json\/wp\/v2\/media?parent=477499"}],"wp:term":[{"taxonomy":"category","embeddable":true,"href":"https:\/\/www.zunoticia.com\/noticias-de-hidalgo\/wp-json\/wp\/v2\/categories?post=477499"},{"taxonomy":"post_tag","embeddable":true,"href":"https:\/\/www.zunoticia.com\/noticias-de-hidalgo\/wp-json\/wp\/v2\/tags?post=477499"}],"curies":[{"name":"wp","href":"https:\/\/api.w.org\/{rel}","templated":true}]}}