{"id":477608,"date":"2023-04-17T20:52:08","date_gmt":"2023-04-18T02:52:08","guid":{"rendered":"https:\/\/www.zunoticia.com\/noticias-de-hidalgo\/?p=477608"},"modified":"2023-04-17T20:52:09","modified_gmt":"2023-04-18T02:52:09","slug":"con-toda-normalidad-iniciaron-las-clases","status":"publish","type":"post","link":"https:\/\/www.zunoticia.com\/noticias-de-hidalgo\/2023\/04\/17\/con-toda-normalidad-iniciaron-las-clases\/","title":{"rendered":"Con toda normalidad iniciaron las clases"},"content":{"rendered":"<aside class=\"mashsb-container mashsb-main mashsb-stretched\"><div class=\"mashsb-box\"><div class=\"mashsb-count mash-large\" style=\"float:left\"><div class=\"counts mashsbcount\">17<\/div><span class=\"mashsb-sharetext\">SHARES<\/span><\/div><div class=\"mashsb-buttons\"><a class=\"mashicon-facebook mash-large mash-center mashsb-noshadow\" href=\"https:\/\/www.facebook.com\/sharer.php?u=https%3A%2F%2Fwww.zunoticia.com%2Fnoticias-de-hidalgo%2F2023%2F04%2F17%2Fcon-toda-normalidad-iniciaron-las-clases%2F\" target=\"_top\" rel=\"nofollow\"><span class=\"icon\"><\/span><span class=\"text\">Share<\/span><\/a><a class=\"mashicon-twitter mash-large mash-center mashsb-noshadow\" href=\"https:\/\/twitter.com\/intent\/tweet?text=&amp;url=https:\/\/www.zunoticia.com\/noticias-de-hidalgo\/2023\/04\/17\/con-toda-normalidad-iniciaron-las-clases\/\" target=\"_top\" rel=\"nofollow\"><span class=\"icon\"><\/span><span class=\"text\">Tweet<\/span><\/a><div class=\"onoffswitch2 mash-large mashsb-noshadow\" style=\"display:none\"><\/div><\/div>\n            <\/div>\n                <div style=\"clear:both\"><\/div><div class=\"mashsb-toggle-container\"><\/div><\/aside>\n            <!-- Share buttons by mashshare.net - Version: 4.0.47-->\n<p><em>Por Roberto Meza\/Zunoticia<\/em><\/p>\n\n\n\n<p><strong>Huazalingo, Hgo.-<\/strong> Este lunes con toda normalidad y sin contratiempos reiniciaron las clases en las comunidades y en la&nbsp; cabecera municipal, luego de que los alumnos y maestros disfrutaran de sus vacaciones de Semana Santa, en todas las escuelas iniciaron con los honores a la bandera y personal del \u00e1rea de Educaci\u00f3n del ayuntamiento estuvo muy al pendiente del regreso a clases.<\/p>\n\n\n\n<p>El profesor Abel Fern\u00e1ndez agreg\u00f3 que, las clases se iniciaron en los horarios normales, en donde se siguen aplicando las medidas preventivas como lo es el uso de cubrebocas uso del gel antibacterial y la sana distancia de los alumnos, esto por instrucciones del Sector Salud.<\/p>\n\n\n\n<p>En estos d\u00edas estar\u00e1n poniendo todo el empe\u00f1o para sacar adelante todas las actividades que tienen en estos meses que le restan de este ciclo escolar, en donde los padres de familia deben de sumarse a las actividades escolares que llevan sus hijos.<\/p>\n","protected":false},"excerpt":{"rendered":"<p>Por Roberto Meza\/Zunoticia Huazalingo, Hgo.- Este lunes con toda normalidad y sin contratiempos reiniciaron las clases en las comunidades y en la&nbsp; cabecera municipal, luego de que los alumnos y maestros disfrutaran de sus vacaciones de Semana Santa, en todas las escuelas iniciaron con los honores a la bandera y personal del \u00e1rea de Educaci\u00f3n&hellip; <a class=\"more-link\" href=\"https:\/\/www.zunoticia.com\/noticias-de-hidalgo\/2023\/04\/17\/con-toda-normalidad-iniciaron-las-clases\/\">Seguir leyendo <span class=\"screen-reader-text\">Con toda normalidad iniciaron las clases<\/span><\/a><\/p>\n","protected":false},"author":12,"featured_media":477606,"comment_status":"closed","ping_status":"open","sticky":false,"template":"","format":"standard","meta":{"rop_custom_images_group":[],"rop_custom_messages_group":[],"rop_publish_now":"initial","rop_publish_now_accounts":{"facebook_10159540855086992_322828327761733":""},"rop_publish_now_history":[],"rop_publish_now_status":"pending","footnotes":""},"categories":[179,212],"tags":[138],"class_list":["post-477608","post","type-post","status-publish","format-standard","has-post-thumbnail","hentry","category-huasteca","category-huazalingo","tag-huazalingo","entry"],"_links":{"self":[{"href":"https:\/\/www.zunoticia.com\/noticias-de-hidalgo\/wp-json\/wp\/v2\/posts\/477608","targetHints":{"allow":["GET"]}}],"collection":[{"href":"https:\/\/www.zunoticia.com\/noticias-de-hidalgo\/wp-json\/wp\/v2\/posts"}],"about":[{"href":"https:\/\/www.zunoticia.com\/noticias-de-hidalgo\/wp-json\/wp\/v2\/types\/post"}],"author":[{"embeddable":true,"href":"https:\/\/www.zunoticia.com\/noticias-de-hidalgo\/wp-json\/wp\/v2\/users\/12"}],"replies":[{"embeddable":true,"href":"https:\/\/www.zunoticia.com\/noticias-de-hidalgo\/wp-json\/wp\/v2\/comments?post=477608"}],"version-history":[{"count":1,"href":"https:\/\/www.zunoticia.com\/noticias-de-hidalgo\/wp-json\/wp\/v2\/posts\/477608\/revisions"}],"predecessor-version":[{"id":477611,"href":"https:\/\/www.zunoticia.com\/noticias-de-hidalgo\/wp-json\/wp\/v2\/posts\/477608\/revisions\/477611"}],"wp:featuredmedia":[{"embeddable":true,"href":"https:\/\/www.zunoticia.com\/noticias-de-hidalgo\/wp-json\/wp\/v2\/media\/477606"}],"wp:attachment":[{"href":"https:\/\/www.zunoticia.com\/noticias-de-hidalgo\/wp-json\/wp\/v2\/media?parent=477608"}],"wp:term":[{"taxonomy":"category","embeddable":true,"href":"https:\/\/www.zunoticia.com\/noticias-de-hidalgo\/wp-json\/wp\/v2\/categories?post=477608"},{"taxonomy":"post_tag","embeddable":true,"href":"https:\/\/www.zunoticia.com\/noticias-de-hidalgo\/wp-json\/wp\/v2\/tags?post=477608"}],"curies":[{"name":"wp","href":"https:\/\/api.w.org\/{rel}","templated":true}]}}