{"id":477875,"date":"2023-04-19T14:24:38","date_gmt":"2023-04-19T20:24:38","guid":{"rendered":"https:\/\/www.zunoticia.com\/noticias-de-hidalgo\/?p=477875"},"modified":"2023-04-19T14:24:39","modified_gmt":"2023-04-19T20:24:39","slug":"efectuan-primer-simulacro-de-evacuacion-2023-en-el-ayuntamiento","status":"publish","type":"post","link":"https:\/\/www.zunoticia.com\/noticias-de-hidalgo\/2023\/04\/19\/efectuan-primer-simulacro-de-evacuacion-2023-en-el-ayuntamiento\/","title":{"rendered":"Efect\u00faan Primer simulacro de evacuaci\u00f3n 2023 en el ayuntamiento"},"content":{"rendered":"<aside class=\"mashsb-container mashsb-main mashsb-stretched\"><div class=\"mashsb-box\"><div class=\"mashsb-count mash-large\" style=\"float:left\"><div class=\"counts mashsbcount\">36<\/div><span class=\"mashsb-sharetext\">SHARES<\/span><\/div><div class=\"mashsb-buttons\"><a class=\"mashicon-facebook mash-large mash-center mashsb-noshadow\" href=\"https:\/\/www.facebook.com\/sharer.php?u=https%3A%2F%2Fwww.zunoticia.com%2Fnoticias-de-hidalgo%2F2023%2F04%2F19%2Fefectuan-primer-simulacro-de-evacuacion-2023-en-el-ayuntamiento%2F\" target=\"_top\" rel=\"nofollow\"><span class=\"icon\"><\/span><span class=\"text\">Share<\/span><\/a><a class=\"mashicon-twitter mash-large mash-center mashsb-noshadow\" href=\"https:\/\/twitter.com\/intent\/tweet?text=&amp;url=https:\/\/www.zunoticia.com\/noticias-de-hidalgo\/2023\/04\/19\/efectuan-primer-simulacro-de-evacuacion-2023-en-el-ayuntamiento\/\" target=\"_top\" rel=\"nofollow\"><span class=\"icon\"><\/span><span class=\"text\">Tweet<\/span><\/a><div class=\"onoffswitch2 mash-large mashsb-noshadow\" style=\"display:none\"><\/div><\/div>\n            <\/div>\n                <div style=\"clear:both\"><\/div><div class=\"mashsb-toggle-container\"><\/div><\/aside>\n            <!-- Share buttons by mashshare.net - Version: 4.0.47-->\n<p><em>Por Salvador Altamirano\/Zunoticia<\/em><\/p>\n\n\n\n<p><strong>Huejutla, Hgo<\/strong>.- Considerando que las medidas preventivas son de car\u00e1cter vital, a las 11:00 horas de este mi\u00e9rcoles se llev\u00f3 a cabo en varios estados del pa\u00eds el Primer Simulacro de Evacuaci\u00f3n correspondiente al a\u00f1o 2023, con el cual se busca fomentar la cultura de protecci\u00f3n civil, y reforzar las capacidades de reacci\u00f3n de las autoridades, los cuerpos de rescate y la ciudadan\u00eda ante una emergencia.<\/p>\n\n\n\n<p>Por tal motivo, en las instalaciones del ayuntamiento que preside Daniel Andrade Zurutuza, se realiz\u00f3 un simulacro de incendio y evacuaci\u00f3n que tuvo una duraci\u00f3n de dos minutos con quince segundos; en el cual participaron elementos de Seguridad P\u00fablica Municipal, el H. Cuerpo de Bomberos, Cruz Roja Mexicana y empleados al servicio del municipio.<\/p>\n\n\n\n<p>Las actividades de evacuaci\u00f3n del personal que labora en las diferentes \u00e1reas de la llamada Casa de los poderes municipales, iniciaron exactamente a la hora convenida (11: 00 horas), cuando elementos adscritos a la dependencia de Protecci\u00f3n Civil, cuyo director es Otoniel Zenteno, simulando un incendio en el patio de las instalaciones gritaron \u201cfuego&#8221;, y mientras lo apagaban con extintores, los empleados de manera ordenada abandonaron las diferentes dependencias y se concentraron en la plaza 21 de Mayo.<\/p>\n\n\n\n<p>El titular de Protecci\u00f3n Civil Municipal, posterior a la evacuaci\u00f3n refiri\u00f3 que de inmediato efectuar\u00edan una evaluaci\u00f3n de da\u00f1os en el inmueble, para comprobar si era pertinente que las personas que trabajan al interior pudieran regresar con seguridad.<\/p>\n\n\n\n<p>Para finalizar, especific\u00f3 que estos protocolos son muy necesarios para evitar complicaciones en caso de una contingencia, Si sabemos evacuar de manera ordenada por las salidas de emergencia -acentu\u00f3-, como lo hicieron ahora los empleados del municipio, hay posibilidades de subsistir durante un incendio, terremoto o ante cualquier eventualidad.<\/p>\n\n\n\n<figure class=\"wp-block-gallery has-nested-images columns-default is-cropped wp-block-gallery-1 is-layout-flex wp-block-gallery-is-layout-flex\">\n<figure class=\"wp-block-image size-large\"><img fetchpriority=\"high\" decoding=\"async\" width=\"940\" height=\"788\" data-id=\"477878\" src=\"https:\/\/www.zunoticia.com\/noticias-de-hidalgo\/wp-content\/uploads\/2023\/04\/1-93.png\" alt=\"\" class=\"wp-image-477878\" srcset=\"https:\/\/www.zunoticia.com\/noticias-de-hidalgo\/wp-content\/uploads\/2023\/04\/1-93.png 940w, https:\/\/www.zunoticia.com\/noticias-de-hidalgo\/wp-content\/uploads\/2023\/04\/1-93-300x251.png 300w, https:\/\/www.zunoticia.com\/noticias-de-hidalgo\/wp-content\/uploads\/2023\/04\/1-93-768x644.png 768w\" sizes=\"(max-width: 940px) 100vw, 940px\" \/><\/figure>\n\n\n\n<figure class=\"wp-block-image size-large\"><img decoding=\"async\" width=\"940\" height=\"788\" data-id=\"477877\" src=\"https:\/\/www.zunoticia.com\/noticias-de-hidalgo\/wp-content\/uploads\/2023\/04\/3-30.png\" alt=\"\" class=\"wp-image-477877\" srcset=\"https:\/\/www.zunoticia.com\/noticias-de-hidalgo\/wp-content\/uploads\/2023\/04\/3-30.png 940w, https:\/\/www.zunoticia.com\/noticias-de-hidalgo\/wp-content\/uploads\/2023\/04\/3-30-300x251.png 300w, https:\/\/www.zunoticia.com\/noticias-de-hidalgo\/wp-content\/uploads\/2023\/04\/3-30-768x644.png 768w\" sizes=\"(max-width: 940px) 100vw, 940px\" \/><\/figure>\n<\/figure>\n","protected":false},"excerpt":{"rendered":"<p>Por Salvador Altamirano\/Zunoticia Huejutla, Hgo.- Considerando que las medidas preventivas son de car\u00e1cter vital, a las 11:00 horas de este mi\u00e9rcoles se llev\u00f3 a cabo en varios estados del pa\u00eds el Primer Simulacro de Evacuaci\u00f3n correspondiente al a\u00f1o 2023, con el cual se busca fomentar la cultura de protecci\u00f3n civil, y reforzar las capacidades de&hellip; <a class=\"more-link\" href=\"https:\/\/www.zunoticia.com\/noticias-de-hidalgo\/2023\/04\/19\/efectuan-primer-simulacro-de-evacuacion-2023-en-el-ayuntamiento\/\">Seguir leyendo <span class=\"screen-reader-text\">Efect\u00faan Primer simulacro de evacuaci\u00f3n 2023 en el ayuntamiento<\/span><\/a><\/p>\n","protected":false},"author":20,"featured_media":477876,"comment_status":"closed","ping_status":"open","sticky":false,"template":"","format":"standard","meta":{"rop_custom_images_group":[],"rop_custom_messages_group":[],"rop_publish_now":"initial","rop_publish_now_accounts":{"facebook_10159540855086992_322828327761733":""},"rop_publish_now_history":[],"rop_publish_now_status":"pending","footnotes":""},"categories":[181],"tags":[121],"class_list":["post-477875","post","type-post","status-publish","format-standard","has-post-thumbnail","hentry","category-huejutla","tag-huejutla","entry"],"_links":{"self":[{"href":"https:\/\/www.zunoticia.com\/noticias-de-hidalgo\/wp-json\/wp\/v2\/posts\/477875","targetHints":{"allow":["GET"]}}],"collection":[{"href":"https:\/\/www.zunoticia.com\/noticias-de-hidalgo\/wp-json\/wp\/v2\/posts"}],"about":[{"href":"https:\/\/www.zunoticia.com\/noticias-de-hidalgo\/wp-json\/wp\/v2\/types\/post"}],"author":[{"embeddable":true,"href":"https:\/\/www.zunoticia.com\/noticias-de-hidalgo\/wp-json\/wp\/v2\/users\/20"}],"replies":[{"embeddable":true,"href":"https:\/\/www.zunoticia.com\/noticias-de-hidalgo\/wp-json\/wp\/v2\/comments?post=477875"}],"version-history":[{"count":1,"href":"https:\/\/www.zunoticia.com\/noticias-de-hidalgo\/wp-json\/wp\/v2\/posts\/477875\/revisions"}],"predecessor-version":[{"id":477879,"href":"https:\/\/www.zunoticia.com\/noticias-de-hidalgo\/wp-json\/wp\/v2\/posts\/477875\/revisions\/477879"}],"wp:featuredmedia":[{"embeddable":true,"href":"https:\/\/www.zunoticia.com\/noticias-de-hidalgo\/wp-json\/wp\/v2\/media\/477876"}],"wp:attachment":[{"href":"https:\/\/www.zunoticia.com\/noticias-de-hidalgo\/wp-json\/wp\/v2\/media?parent=477875"}],"wp:term":[{"taxonomy":"category","embeddable":true,"href":"https:\/\/www.zunoticia.com\/noticias-de-hidalgo\/wp-json\/wp\/v2\/categories?post=477875"},{"taxonomy":"post_tag","embeddable":true,"href":"https:\/\/www.zunoticia.com\/noticias-de-hidalgo\/wp-json\/wp\/v2\/tags?post=477875"}],"curies":[{"name":"wp","href":"https:\/\/api.w.org\/{rel}","templated":true}]}}