{"id":477880,"date":"2023-04-19T14:30:09","date_gmt":"2023-04-19T20:30:09","guid":{"rendered":"https:\/\/www.zunoticia.com\/noticias-de-hidalgo\/?p=477880"},"modified":"2023-04-19T16:34:17","modified_gmt":"2023-04-19T22:34:17","slug":"camioneta-de-telmex-se-fue-al-voladero","status":"publish","type":"post","link":"https:\/\/www.zunoticia.com\/noticias-de-hidalgo\/2023\/04\/19\/camioneta-de-telmex-se-fue-al-voladero\/","title":{"rendered":"Camioneta de Telmex se fue al voladero"},"content":{"rendered":"<aside class=\"mashsb-container mashsb-main mashsb-stretched\"><div class=\"mashsb-box\"><div class=\"mashsb-count mash-large\" style=\"float:left\"><div class=\"counts mashsbcount\">23<\/div><span class=\"mashsb-sharetext\">SHARES<\/span><\/div><div class=\"mashsb-buttons\"><a class=\"mashicon-facebook mash-large mash-center mashsb-noshadow\" href=\"https:\/\/www.facebook.com\/sharer.php?u=https%3A%2F%2Fwww.zunoticia.com%2Fnoticias-de-hidalgo%2F2023%2F04%2F19%2Fcamioneta-de-telmex-se-fue-al-voladero%2F\" target=\"_top\" rel=\"nofollow\"><span class=\"icon\"><\/span><span class=\"text\">Share<\/span><\/a><a class=\"mashicon-twitter mash-large mash-center mashsb-noshadow\" href=\"https:\/\/twitter.com\/intent\/tweet?text=&amp;url=https:\/\/www.zunoticia.com\/noticias-de-hidalgo\/2023\/04\/19\/camioneta-de-telmex-se-fue-al-voladero\/\" target=\"_top\" rel=\"nofollow\"><span class=\"icon\"><\/span><span class=\"text\">Tweet<\/span><\/a><div class=\"onoffswitch2 mash-large mashsb-noshadow\" style=\"display:none\"><\/div><\/div>\n            <\/div>\n                <div style=\"clear:both\"><\/div><div class=\"mashsb-toggle-container\"><\/div><\/aside>\n            <!-- Share buttons by mashshare.net - Version: 4.0.47-->\n<p><\/p>\n\n\n\n<p><em>Por Francisco Rosas\/Zunoticia<\/em><\/p>\n\n\n\n<p><strong>Xochicoatl\u00e1n, Hgo<\/strong>.- Por probable exceso de velocidad y falta de pericia del conductor, una camioneta propiedad de la empresa Telmex, se sali\u00f3 de la cinta asf\u00e1ltica y termin\u00f3 al fondo de un barranco en la v\u00eda federal M\u00e9xico-Tampico.<\/p>\n\n\n\n<p>El accidente ocurri\u00f3 la ma\u00f1ana de este mi\u00e9rcoles, a la altura de la localidad de Nonoalco, perteneciente a este municipio y el percance fue protagonizado por un veh\u00edculo de la marca Ford Ranger, de color blanco con franjas azules.<\/p>\n\n\n\n<p>La unidad motora derrap\u00f3 al llegar a la curva conocida como El Brujo y se fue a un voladero de aproximadamente 40 metros de profundidad; milagrosamente los tripulantes resultaron solo con lesiones leves.<\/p>\n\n\n\n<p>Al sitio acudieron elementos de Seguridad P\u00fablica Municipal, Estatal y agentes de la Guardia Nacional Divisi\u00f3n Caminos, quienes se encargaron de realizar el peritaje de tr\u00e1nsito terrestre y solicitaron el apoyo de una gr\u00faa para rescatar la camioneta.<\/p>\n\n\n\n<figure class=\"wp-block-gallery has-nested-images columns-default is-cropped wp-block-gallery-1 is-layout-flex wp-block-gallery-is-layout-flex\">\n<figure class=\"wp-block-image size-large\"><img fetchpriority=\"high\" decoding=\"async\" width=\"940\" height=\"788\" data-id=\"477882\" src=\"https:\/\/www.zunoticia.com\/noticias-de-hidalgo\/wp-content\/uploads\/2023\/04\/WhatsApp-Image-2023-04-19-at-14.28.23-1.jpeg\" alt=\"\" class=\"wp-image-477882\" srcset=\"https:\/\/www.zunoticia.com\/noticias-de-hidalgo\/wp-content\/uploads\/2023\/04\/WhatsApp-Image-2023-04-19-at-14.28.23-1.jpeg 940w, https:\/\/www.zunoticia.com\/noticias-de-hidalgo\/wp-content\/uploads\/2023\/04\/WhatsApp-Image-2023-04-19-at-14.28.23-1-300x251.jpeg 300w, https:\/\/www.zunoticia.com\/noticias-de-hidalgo\/wp-content\/uploads\/2023\/04\/WhatsApp-Image-2023-04-19-at-14.28.23-1-768x644.jpeg 768w\" sizes=\"(max-width: 940px) 100vw, 940px\" \/><\/figure>\n<\/figure>\n","protected":false},"excerpt":{"rendered":"<p>Por Francisco Rosas\/Zunoticia Xochicoatl\u00e1n, Hgo.- Por probable exceso de velocidad y falta de pericia del conductor, una camioneta propiedad de la empresa Telmex, se sali\u00f3 de la cinta asf\u00e1ltica y termin\u00f3 al fondo de un barranco en la v\u00eda federal M\u00e9xico-Tampico. El accidente ocurri\u00f3 la ma\u00f1ana de este mi\u00e9rcoles, a la altura de la localidad&hellip; <a class=\"more-link\" href=\"https:\/\/www.zunoticia.com\/noticias-de-hidalgo\/2023\/04\/19\/camioneta-de-telmex-se-fue-al-voladero\/\">Seguir leyendo <span class=\"screen-reader-text\">Camioneta de Telmex se fue al voladero<\/span><\/a><\/p>\n","protected":false},"author":20,"featured_media":477881,"comment_status":"closed","ping_status":"open","sticky":false,"template":"","format":"standard","meta":{"rop_custom_images_group":[],"rop_custom_messages_group":[],"rop_publish_now":"initial","rop_publish_now_accounts":{"facebook_10159540855086992_322828327761733":""},"rop_publish_now_history":[],"rop_publish_now_status":"pending","footnotes":""},"categories":[178],"tags":[259],"class_list":["post-477880","post","type-post","status-publish","format-standard","has-post-thumbnail","hentry","category-policiaca","tag-policiaca","entry"],"_links":{"self":[{"href":"https:\/\/www.zunoticia.com\/noticias-de-hidalgo\/wp-json\/wp\/v2\/posts\/477880","targetHints":{"allow":["GET"]}}],"collection":[{"href":"https:\/\/www.zunoticia.com\/noticias-de-hidalgo\/wp-json\/wp\/v2\/posts"}],"about":[{"href":"https:\/\/www.zunoticia.com\/noticias-de-hidalgo\/wp-json\/wp\/v2\/types\/post"}],"author":[{"embeddable":true,"href":"https:\/\/www.zunoticia.com\/noticias-de-hidalgo\/wp-json\/wp\/v2\/users\/20"}],"replies":[{"embeddable":true,"href":"https:\/\/www.zunoticia.com\/noticias-de-hidalgo\/wp-json\/wp\/v2\/comments?post=477880"}],"version-history":[{"count":2,"href":"https:\/\/www.zunoticia.com\/noticias-de-hidalgo\/wp-json\/wp\/v2\/posts\/477880\/revisions"}],"predecessor-version":[{"id":477895,"href":"https:\/\/www.zunoticia.com\/noticias-de-hidalgo\/wp-json\/wp\/v2\/posts\/477880\/revisions\/477895"}],"wp:featuredmedia":[{"embeddable":true,"href":"https:\/\/www.zunoticia.com\/noticias-de-hidalgo\/wp-json\/wp\/v2\/media\/477881"}],"wp:attachment":[{"href":"https:\/\/www.zunoticia.com\/noticias-de-hidalgo\/wp-json\/wp\/v2\/media?parent=477880"}],"wp:term":[{"taxonomy":"category","embeddable":true,"href":"https:\/\/www.zunoticia.com\/noticias-de-hidalgo\/wp-json\/wp\/v2\/categories?post=477880"},{"taxonomy":"post_tag","embeddable":true,"href":"https:\/\/www.zunoticia.com\/noticias-de-hidalgo\/wp-json\/wp\/v2\/tags?post=477880"}],"curies":[{"name":"wp","href":"https:\/\/api.w.org\/{rel}","templated":true}]}}