{"id":477904,"date":"2023-04-19T16:56:19","date_gmt":"2023-04-19T22:56:19","guid":{"rendered":"https:\/\/www.zunoticia.com\/noticias-de-hidalgo\/?p=477904"},"modified":"2023-04-19T16:56:20","modified_gmt":"2023-04-19T22:56:20","slug":"participo-alcalde-en-asamblea-comunitaria","status":"publish","type":"post","link":"https:\/\/www.zunoticia.com\/noticias-de-hidalgo\/2023\/04\/19\/participo-alcalde-en-asamblea-comunitaria\/","title":{"rendered":"Particip\u00f3 alcalde en asamblea comunitaria"},"content":{"rendered":"<aside class=\"mashsb-container mashsb-main mashsb-stretched\"><div class=\"mashsb-box\"><div class=\"mashsb-count mash-large\" style=\"float:left\"><div class=\"counts mashsbcount\">21<\/div><span class=\"mashsb-sharetext\">SHARES<\/span><\/div><div class=\"mashsb-buttons\"><a class=\"mashicon-facebook mash-large mash-center mashsb-noshadow\" href=\"https:\/\/www.facebook.com\/sharer.php?u=https%3A%2F%2Fwww.zunoticia.com%2Fnoticias-de-hidalgo%2F2023%2F04%2F19%2Fparticipo-alcalde-en-asamblea-comunitaria%2F\" target=\"_top\" rel=\"nofollow\"><span class=\"icon\"><\/span><span class=\"text\">Share<\/span><\/a><a class=\"mashicon-twitter mash-large mash-center mashsb-noshadow\" href=\"https:\/\/twitter.com\/intent\/tweet?text=&amp;url=https:\/\/www.zunoticia.com\/noticias-de-hidalgo\/2023\/04\/19\/participo-alcalde-en-asamblea-comunitaria\/\" target=\"_top\" rel=\"nofollow\"><span class=\"icon\"><\/span><span class=\"text\">Tweet<\/span><\/a><div class=\"onoffswitch2 mash-large mashsb-noshadow\" style=\"display:none\"><\/div><\/div>\n            <\/div>\n                <div style=\"clear:both\"><\/div><div class=\"mashsb-toggle-container\"><\/div><\/aside>\n            <!-- Share buttons by mashshare.net - Version: 4.0.47-->\n<p><em>Por Redacci\u00f3n \/ Zunoticia<\/em><\/p>\n\n\n\n<p><strong>Xochiatipan, Hgo<\/strong>.- El alcalde \u00d3scar Bautista Guti\u00e9rrez, en compa\u00f1\u00eda de personal de diferentes \u00e1reas de la administraci\u00f3n, realiz\u00f3 una visita a la localidad de Tenexhueyac, donde particip\u00f3 en la asamblea comunitaria.<\/p>\n\n\n\n<p>En dicho evento, autoridades y vecinos de esta localidad tocaron diferentes temas de inter\u00e9s para todos los habitantes, de los cuales el presidente municipal tom\u00f3 nota a fin de evaluarlos y en su oportunidad dar respuesta.<\/p>\n\n\n\n<p>El alcalde hizo uso de la palabra y opin\u00f3 respecto a las acciones y obras que su gobierno ejecuta en la localidad, durante el presente a\u00f1o, acordando los procedimientos y tiempos con los que se trabajar\u00e1 para una mejor organizaci\u00f3n.<\/p>\n\n\n\n<figure class=\"wp-block-gallery has-nested-images columns-default is-cropped wp-block-gallery-1 is-layout-flex wp-block-gallery-is-layout-flex\">\n<figure class=\"wp-block-image size-large\"><img fetchpriority=\"high\" decoding=\"async\" width=\"940\" height=\"788\" data-id=\"477906\" src=\"https:\/\/www.zunoticia.com\/noticias-de-hidalgo\/wp-content\/uploads\/2023\/04\/2-94.png\" alt=\"\" class=\"wp-image-477906\" srcset=\"https:\/\/www.zunoticia.com\/noticias-de-hidalgo\/wp-content\/uploads\/2023\/04\/2-94.png 940w, https:\/\/www.zunoticia.com\/noticias-de-hidalgo\/wp-content\/uploads\/2023\/04\/2-94-300x251.png 300w, https:\/\/www.zunoticia.com\/noticias-de-hidalgo\/wp-content\/uploads\/2023\/04\/2-94-768x644.png 768w\" sizes=\"(max-width: 940px) 100vw, 940px\" \/><\/figure>\n\n\n\n<figure class=\"wp-block-image size-large\"><img decoding=\"async\" width=\"940\" height=\"788\" data-id=\"477907\" src=\"https:\/\/www.zunoticia.com\/noticias-de-hidalgo\/wp-content\/uploads\/2023\/04\/3-33.png\" alt=\"\" class=\"wp-image-477907\" srcset=\"https:\/\/www.zunoticia.com\/noticias-de-hidalgo\/wp-content\/uploads\/2023\/04\/3-33.png 940w, https:\/\/www.zunoticia.com\/noticias-de-hidalgo\/wp-content\/uploads\/2023\/04\/3-33-300x251.png 300w, https:\/\/www.zunoticia.com\/noticias-de-hidalgo\/wp-content\/uploads\/2023\/04\/3-33-768x644.png 768w\" sizes=\"(max-width: 940px) 100vw, 940px\" \/><\/figure>\n<\/figure>\n","protected":false},"excerpt":{"rendered":"<p>Por Redacci\u00f3n \/ Zunoticia Xochiatipan, Hgo.- El alcalde \u00d3scar Bautista Guti\u00e9rrez, en compa\u00f1\u00eda de personal de diferentes \u00e1reas de la administraci\u00f3n, realiz\u00f3 una visita a la localidad de Tenexhueyac, donde particip\u00f3 en la asamblea comunitaria. En dicho evento, autoridades y vecinos de esta localidad tocaron diferentes temas de inter\u00e9s para todos los habitantes, de los&hellip; <a class=\"more-link\" href=\"https:\/\/www.zunoticia.com\/noticias-de-hidalgo\/2023\/04\/19\/participo-alcalde-en-asamblea-comunitaria\/\">Seguir leyendo <span class=\"screen-reader-text\">Particip\u00f3 alcalde en asamblea comunitaria<\/span><\/a><\/p>\n","protected":false},"author":20,"featured_media":477905,"comment_status":"closed","ping_status":"open","sticky":false,"template":"","format":"standard","meta":{"rop_custom_images_group":[],"rop_custom_messages_group":[],"rop_publish_now":"initial","rop_publish_now_accounts":{"facebook_10159540855086992_322828327761733":""},"rop_publish_now_history":[],"rop_publish_now_status":"pending","footnotes":""},"categories":[202],"tags":[135],"class_list":["post-477904","post","type-post","status-publish","format-standard","has-post-thumbnail","hentry","category-xochiatipan","tag-xochiatipan","entry"],"_links":{"self":[{"href":"https:\/\/www.zunoticia.com\/noticias-de-hidalgo\/wp-json\/wp\/v2\/posts\/477904","targetHints":{"allow":["GET"]}}],"collection":[{"href":"https:\/\/www.zunoticia.com\/noticias-de-hidalgo\/wp-json\/wp\/v2\/posts"}],"about":[{"href":"https:\/\/www.zunoticia.com\/noticias-de-hidalgo\/wp-json\/wp\/v2\/types\/post"}],"author":[{"embeddable":true,"href":"https:\/\/www.zunoticia.com\/noticias-de-hidalgo\/wp-json\/wp\/v2\/users\/20"}],"replies":[{"embeddable":true,"href":"https:\/\/www.zunoticia.com\/noticias-de-hidalgo\/wp-json\/wp\/v2\/comments?post=477904"}],"version-history":[{"count":1,"href":"https:\/\/www.zunoticia.com\/noticias-de-hidalgo\/wp-json\/wp\/v2\/posts\/477904\/revisions"}],"predecessor-version":[{"id":477908,"href":"https:\/\/www.zunoticia.com\/noticias-de-hidalgo\/wp-json\/wp\/v2\/posts\/477904\/revisions\/477908"}],"wp:featuredmedia":[{"embeddable":true,"href":"https:\/\/www.zunoticia.com\/noticias-de-hidalgo\/wp-json\/wp\/v2\/media\/477905"}],"wp:attachment":[{"href":"https:\/\/www.zunoticia.com\/noticias-de-hidalgo\/wp-json\/wp\/v2\/media?parent=477904"}],"wp:term":[{"taxonomy":"category","embeddable":true,"href":"https:\/\/www.zunoticia.com\/noticias-de-hidalgo\/wp-json\/wp\/v2\/categories?post=477904"},{"taxonomy":"post_tag","embeddable":true,"href":"https:\/\/www.zunoticia.com\/noticias-de-hidalgo\/wp-json\/wp\/v2\/tags?post=477904"}],"curies":[{"name":"wp","href":"https:\/\/api.w.org\/{rel}","templated":true}]}}