{"id":478009,"date":"2023-04-19T22:02:51","date_gmt":"2023-04-20T04:02:51","guid":{"rendered":"https:\/\/www.zunoticia.com\/noticias-de-hidalgo\/?p=478009"},"modified":"2023-04-19T22:04:08","modified_gmt":"2023-04-20T04:04:08","slug":"el-parque-ecologico-cubitos-sede-del-taller-de-fotografia-nocturna","status":"publish","type":"post","link":"https:\/\/www.zunoticia.com\/noticias-de-hidalgo\/2023\/04\/19\/el-parque-ecologico-cubitos-sede-del-taller-de-fotografia-nocturna\/","title":{"rendered":"El Parque Ecol\u00f3gico Cubitos sede del taller de fotograf\u00eda nocturna"},"content":{"rendered":"<aside class=\"mashsb-container mashsb-main mashsb-stretched\"><div class=\"mashsb-box\"><div class=\"mashsb-count mash-large\" style=\"float:left\"><div class=\"counts mashsbcount\">9<\/div><span class=\"mashsb-sharetext\">SHARES<\/span><\/div><div class=\"mashsb-buttons\"><a class=\"mashicon-facebook mash-large mash-center mashsb-noshadow\" href=\"https:\/\/www.facebook.com\/sharer.php?u=https%3A%2F%2Fwww.zunoticia.com%2Fnoticias-de-hidalgo%2F2023%2F04%2F19%2Fel-parque-ecologico-cubitos-sede-del-taller-de-fotografia-nocturna%2F\" target=\"_top\" rel=\"nofollow\"><span class=\"icon\"><\/span><span class=\"text\">Share<\/span><\/a><a class=\"mashicon-twitter mash-large mash-center mashsb-noshadow\" href=\"https:\/\/twitter.com\/intent\/tweet?text=&amp;url=https:\/\/www.zunoticia.com\/noticias-de-hidalgo\/2023\/04\/19\/el-parque-ecologico-cubitos-sede-del-taller-de-fotografia-nocturna\/\" target=\"_top\" rel=\"nofollow\"><span class=\"icon\"><\/span><span class=\"text\">Tweet<\/span><\/a><div class=\"onoffswitch2 mash-large mashsb-noshadow\" style=\"display:none\"><\/div><\/div>\n            <\/div>\n                <div style=\"clear:both\"><\/div><div class=\"mashsb-toggle-container\"><\/div><\/aside>\n            <!-- Share buttons by mashshare.net - Version: 4.0.47-->\n<p><em>Por Redacci\u00f3n\/Zunoticia<\/em><\/p>\n\n\n\n<p><strong>Pachuca, Hgo.-<\/strong> El Parque Ecol\u00f3gico Cubitos (PEC) fue sede del taller de fotograf\u00eda nocturna que imparti\u00f3 el especialista Ignacio Arcas, en el marco de la Semana Internacional del Cielo Oscuro en Hidalgo, 2023.<\/p>\n\n\n\n<p>La actividad cont\u00f3 con la participaci\u00f3n de 18 personas interesadas por aprender t\u00e9cnicas para captar paisajes nocturnos y cielos estrellados, como el que se vivi\u00f3 anoche en esta \u00c1rea Natural Protegida de la capital hidalguense.<\/p>\n","protected":false},"excerpt":{"rendered":"<p>Por Redacci\u00f3n\/Zunoticia Pachuca, Hgo.- El Parque Ecol\u00f3gico Cubitos (PEC) fue sede del taller de fotograf\u00eda nocturna que imparti\u00f3 el especialista Ignacio Arcas, en el marco de la Semana Internacional del Cielo Oscuro en Hidalgo, 2023. La actividad cont\u00f3 con la participaci\u00f3n de 18 personas interesadas por aprender t\u00e9cnicas para captar paisajes nocturnos y cielos estrellados,&hellip; <a class=\"more-link\" href=\"https:\/\/www.zunoticia.com\/noticias-de-hidalgo\/2023\/04\/19\/el-parque-ecologico-cubitos-sede-del-taller-de-fotografia-nocturna\/\">Seguir leyendo <span class=\"screen-reader-text\">El Parque Ecol\u00f3gico Cubitos sede del taller de fotograf\u00eda nocturna<\/span><\/a><\/p>\n","protected":false},"author":12,"featured_media":478015,"comment_status":"closed","ping_status":"open","sticky":false,"template":"","format":"standard","meta":{"rop_custom_images_group":[],"rop_custom_messages_group":[],"rop_publish_now":"initial","rop_publish_now_accounts":{"facebook_10159540855086992_322828327761733":""},"rop_publish_now_history":[],"rop_publish_now_status":"pending","footnotes":""},"categories":[208],"tags":[214],"class_list":["post-478009","post","type-post","status-publish","format-standard","has-post-thumbnail","hentry","category-estado","tag-estado","entry"],"_links":{"self":[{"href":"https:\/\/www.zunoticia.com\/noticias-de-hidalgo\/wp-json\/wp\/v2\/posts\/478009","targetHints":{"allow":["GET"]}}],"collection":[{"href":"https:\/\/www.zunoticia.com\/noticias-de-hidalgo\/wp-json\/wp\/v2\/posts"}],"about":[{"href":"https:\/\/www.zunoticia.com\/noticias-de-hidalgo\/wp-json\/wp\/v2\/types\/post"}],"author":[{"embeddable":true,"href":"https:\/\/www.zunoticia.com\/noticias-de-hidalgo\/wp-json\/wp\/v2\/users\/12"}],"replies":[{"embeddable":true,"href":"https:\/\/www.zunoticia.com\/noticias-de-hidalgo\/wp-json\/wp\/v2\/comments?post=478009"}],"version-history":[{"count":2,"href":"https:\/\/www.zunoticia.com\/noticias-de-hidalgo\/wp-json\/wp\/v2\/posts\/478009\/revisions"}],"predecessor-version":[{"id":478017,"href":"https:\/\/www.zunoticia.com\/noticias-de-hidalgo\/wp-json\/wp\/v2\/posts\/478009\/revisions\/478017"}],"wp:featuredmedia":[{"embeddable":true,"href":"https:\/\/www.zunoticia.com\/noticias-de-hidalgo\/wp-json\/wp\/v2\/media\/478015"}],"wp:attachment":[{"href":"https:\/\/www.zunoticia.com\/noticias-de-hidalgo\/wp-json\/wp\/v2\/media?parent=478009"}],"wp:term":[{"taxonomy":"category","embeddable":true,"href":"https:\/\/www.zunoticia.com\/noticias-de-hidalgo\/wp-json\/wp\/v2\/categories?post=478009"},{"taxonomy":"post_tag","embeddable":true,"href":"https:\/\/www.zunoticia.com\/noticias-de-hidalgo\/wp-json\/wp\/v2\/tags?post=478009"}],"curies":[{"name":"wp","href":"https:\/\/api.w.org\/{rel}","templated":true}]}}