{"id":478078,"date":"2023-04-20T16:35:21","date_gmt":"2023-04-20T22:35:21","guid":{"rendered":"https:\/\/www.zunoticia.com\/noticias-de-hidalgo\/?p=478078"},"modified":"2023-04-20T16:35:22","modified_gmt":"2023-04-20T22:35:22","slug":"rendiran-homenaje-a-la-profa-maria-luisa-andrade-en-el-festival-del-dia-internacional-del-libro","status":"publish","type":"post","link":"https:\/\/www.zunoticia.com\/noticias-de-hidalgo\/2023\/04\/20\/rendiran-homenaje-a-la-profa-maria-luisa-andrade-en-el-festival-del-dia-internacional-del-libro\/","title":{"rendered":"Rendir\u00e1n homenaje a la profa. Mar\u00eda Luisa Andrade en el &#8220;Festival del D\u00eda Internacional del Libro&#8221;"},"content":{"rendered":"<aside class=\"mashsb-container mashsb-main mashsb-stretched\"><div class=\"mashsb-box\"><div class=\"mashsb-count mash-large\" style=\"float:left\"><div class=\"counts mashsbcount\">20<\/div><span class=\"mashsb-sharetext\">SHARES<\/span><\/div><div class=\"mashsb-buttons\"><a class=\"mashicon-facebook mash-large mash-center mashsb-noshadow\" href=\"https:\/\/www.facebook.com\/sharer.php?u=https%3A%2F%2Fwww.zunoticia.com%2Fnoticias-de-hidalgo%2F2023%2F04%2F20%2Frendiran-homenaje-a-la-profa-maria-luisa-andrade-en-el-festival-del-dia-internacional-del-libro%2F\" target=\"_top\" rel=\"nofollow\"><span class=\"icon\"><\/span><span class=\"text\">Share<\/span><\/a><a class=\"mashicon-twitter mash-large mash-center mashsb-noshadow\" href=\"https:\/\/twitter.com\/intent\/tweet?text=&amp;url=https:\/\/www.zunoticia.com\/noticias-de-hidalgo\/2023\/04\/20\/rendiran-homenaje-a-la-profa-maria-luisa-andrade-en-el-festival-del-dia-internacional-del-libro\/\" target=\"_top\" rel=\"nofollow\"><span class=\"icon\"><\/span><span class=\"text\">Tweet<\/span><\/a><div class=\"onoffswitch2 mash-large mashsb-noshadow\" style=\"display:none\"><\/div><\/div>\n            <\/div>\n                <div style=\"clear:both\"><\/div><div class=\"mashsb-toggle-container\"><\/div><\/aside>\n            <!-- Share buttons by mashshare.net - Version: 4.0.47-->\n<p><\/p>\n\n\n\n<p><em>Por Salvador Altamirano\/Zunoticia<\/em><\/p>\n\n\n\n<p>Huejutla, Hgo.- En el marco del importante proyecto que inici\u00f3 la presidenta del DIF Municipal, Carol Guadalupe Lara Flores, consistente en patrocinar Salas de lectura, el &#8220;D\u00eda Internacional del Libro&#8221; se conmemorar\u00e1 con un festival que tendr\u00e1 una duraci\u00f3n de tres d\u00edas, del 22 al 24 de abril.<\/p>\n\n\n\n<p>Lo anterior, fue manifestado por el mediador de Salas de lectura comunitarias de la referida dependencia, Leopoldo Enrique Iniesta Mondrag\u00f3n, quien explic\u00f3 que en cada festejo relacionado con libros siempre se recuerda a alguien o en vida se le rinde un homenaje.<\/p>\n\n\n\n<p>Enfatiz\u00f3 que, durante la celebraci\u00f3n del evento se le rendir\u00e1 un homenaje p\u00f3stumo a la maestra Mar\u00eda Luisa Andrade Torres, mejor conocida como &#8220;Guicha&#8221;, porque no dej\u00f3 el documento denominado &#8220;Los Estandartes Blancos&#8221;, de Francisco Neumann guardado en una caja, sino que gestion\u00f3 su impresi\u00f3n.<\/p>\n\n\n\n<p>Acentu\u00f3 que el homenaje es un agradecimiento por haber ofertado esta singular obra a los habitantes de Huejutla, en la cual el inspirado autor narra en prosa o poes\u00eda, la historia de la huasteca y su pueblo Huejutla, la cual estar\u00e1 a la venta durante el festival.<\/p>\n\n\n\n<p>Para finalizar, Iniesta Mondrag\u00f3n detall\u00f3 que, el homenaje p\u00f3stumo consistir\u00e1 primero en un agradecimiento a sus familiares por su asistencia al evento, posteriormente se leer\u00e1 la poes\u00eda de Paco Neumann. A\u00f1adi\u00f3 que, en vida se le hizo un homenaje a la recordada docente, a quien en esa ocasi\u00f3n se le entreg\u00f3 un reconocimiento por toda la labor cultural que desarroll\u00f3.<\/p>\n\n\n\n<p><\/p>\n","protected":false},"excerpt":{"rendered":"<p>Por Salvador Altamirano\/Zunoticia Huejutla, Hgo.- En el marco del importante proyecto que inici\u00f3 la presidenta del DIF Municipal, Carol Guadalupe Lara Flores, consistente en patrocinar Salas de lectura, el &#8220;D\u00eda Internacional del Libro&#8221; se conmemorar\u00e1 con un festival que tendr\u00e1 una duraci\u00f3n de tres d\u00edas, del 22 al 24 de abril. Lo anterior, fue manifestado&hellip; <a class=\"more-link\" href=\"https:\/\/www.zunoticia.com\/noticias-de-hidalgo\/2023\/04\/20\/rendiran-homenaje-a-la-profa-maria-luisa-andrade-en-el-festival-del-dia-internacional-del-libro\/\">Seguir leyendo <span class=\"screen-reader-text\">Rendir\u00e1n homenaje a la profa. Mar\u00eda Luisa Andrade en el &#8220;Festival del D\u00eda Internacional del Libro&#8221;<\/span><\/a><\/p>\n","protected":false},"author":20,"featured_media":478079,"comment_status":"closed","ping_status":"open","sticky":false,"template":"","format":"standard","meta":{"rop_custom_images_group":[],"rop_custom_messages_group":[],"rop_publish_now":"initial","rop_publish_now_accounts":{"facebook_10159540855086992_322828327761733":""},"rop_publish_now_history":[],"rop_publish_now_status":"pending","footnotes":""},"categories":[181],"tags":[121],"class_list":["post-478078","post","type-post","status-publish","format-standard","has-post-thumbnail","hentry","category-huejutla","tag-huejutla","entry"],"_links":{"self":[{"href":"https:\/\/www.zunoticia.com\/noticias-de-hidalgo\/wp-json\/wp\/v2\/posts\/478078","targetHints":{"allow":["GET"]}}],"collection":[{"href":"https:\/\/www.zunoticia.com\/noticias-de-hidalgo\/wp-json\/wp\/v2\/posts"}],"about":[{"href":"https:\/\/www.zunoticia.com\/noticias-de-hidalgo\/wp-json\/wp\/v2\/types\/post"}],"author":[{"embeddable":true,"href":"https:\/\/www.zunoticia.com\/noticias-de-hidalgo\/wp-json\/wp\/v2\/users\/20"}],"replies":[{"embeddable":true,"href":"https:\/\/www.zunoticia.com\/noticias-de-hidalgo\/wp-json\/wp\/v2\/comments?post=478078"}],"version-history":[{"count":1,"href":"https:\/\/www.zunoticia.com\/noticias-de-hidalgo\/wp-json\/wp\/v2\/posts\/478078\/revisions"}],"predecessor-version":[{"id":478080,"href":"https:\/\/www.zunoticia.com\/noticias-de-hidalgo\/wp-json\/wp\/v2\/posts\/478078\/revisions\/478080"}],"wp:featuredmedia":[{"embeddable":true,"href":"https:\/\/www.zunoticia.com\/noticias-de-hidalgo\/wp-json\/wp\/v2\/media\/478079"}],"wp:attachment":[{"href":"https:\/\/www.zunoticia.com\/noticias-de-hidalgo\/wp-json\/wp\/v2\/media?parent=478078"}],"wp:term":[{"taxonomy":"category","embeddable":true,"href":"https:\/\/www.zunoticia.com\/noticias-de-hidalgo\/wp-json\/wp\/v2\/categories?post=478078"},{"taxonomy":"post_tag","embeddable":true,"href":"https:\/\/www.zunoticia.com\/noticias-de-hidalgo\/wp-json\/wp\/v2\/tags?post=478078"}],"curies":[{"name":"wp","href":"https:\/\/api.w.org\/{rel}","templated":true}]}}