{"id":478087,"date":"2023-04-20T17:10:58","date_gmt":"2023-04-20T23:10:58","guid":{"rendered":"https:\/\/www.zunoticia.com\/noticias-de-hidalgo\/?p=478087"},"modified":"2023-04-20T17:10:59","modified_gmt":"2023-04-20T23:10:59","slug":"huejutla-piloto-del-proyecto-sade-en-la-region-mavc","status":"publish","type":"post","link":"https:\/\/www.zunoticia.com\/noticias-de-hidalgo\/2023\/04\/20\/huejutla-piloto-del-proyecto-sade-en-la-region-mavc\/","title":{"rendered":"Huejutla piloto del proyecto SADE en la regi\u00f3n: MAVC"},"content":{"rendered":"<aside class=\"mashsb-container mashsb-main mashsb-stretched\"><div class=\"mashsb-box\"><div class=\"mashsb-count mash-large\" style=\"float:left\"><div class=\"counts mashsbcount\">40<\/div><span class=\"mashsb-sharetext\">SHARES<\/span><\/div><div class=\"mashsb-buttons\"><a class=\"mashicon-facebook mash-large mash-center mashsb-noshadow\" href=\"https:\/\/www.facebook.com\/sharer.php?u=https%3A%2F%2Fwww.zunoticia.com%2Fnoticias-de-hidalgo%2F2023%2F04%2F20%2Fhuejutla-piloto-del-proyecto-sade-en-la-region-mavc%2F\" target=\"_top\" rel=\"nofollow\"><span class=\"icon\"><\/span><span class=\"text\">Share<\/span><\/a><a class=\"mashicon-twitter mash-large mash-center mashsb-noshadow\" href=\"https:\/\/twitter.com\/intent\/tweet?text=&amp;url=https:\/\/www.zunoticia.com\/noticias-de-hidalgo\/2023\/04\/20\/huejutla-piloto-del-proyecto-sade-en-la-region-mavc\/\" target=\"_top\" rel=\"nofollow\"><span class=\"icon\"><\/span><span class=\"text\">Tweet<\/span><\/a><div class=\"onoffswitch2 mash-large mashsb-noshadow\" style=\"display:none\"><\/div><\/div>\n            <\/div>\n                <div style=\"clear:both\"><\/div><div class=\"mashsb-toggle-container\"><\/div><\/aside>\n            <!-- Share buttons by mashshare.net - Version: 4.0.47-->\n<p><\/p>\n\n\n\n<p><em>Por Salvador Altamirano\/Zunoticia<\/em><\/p>\n\n\n\n<p><strong>Huejutla, Hgo<\/strong>.- \u201cLa Secretar\u00eda de Desarrollo Econ\u00f3mico en el Estado a trav\u00e9s de su instancia similar municipal, en coordinaci\u00f3n con el \u00e1rea que represento, est\u00e1 implementando una plataforma denominada Sistema de Apertura R\u00e1pida para Empresas (SADE)\u201d.<\/p>\n\n\n\n<p>Lo anterior, fue expresado por el director de la dependencia municipal de Reglamentos y Espect\u00e1culos, Miguel \u00c1ngel Vargas Castel\u00e1n, quien especific\u00f3 que, dicho programa tiene la finalidad que por la v\u00eda digital los due\u00f1os o representantes de comercios establecidos de diversos giros, puedan realizar los tr\u00e1mites correspondientes de apertura o renovaci\u00f3n de registros comerciales.<\/p>\n\n\n\n<p>Agreg\u00f3 que, para tal efecto, se est\u00e1 instalando un m\u00f3dulo en el \u00e1rea a su cargo, el cual ser\u00e1 el primero en Huejutla y una prueba piloto en la regi\u00f3n, con el prop\u00f3sito de complementar el trabajo en el Estado de Hidalgo, ya que ocho o nueve municipios est\u00e1n laborando con esta nueva modalidad de tr\u00e1mite.<\/p>\n\n\n\n<p>A pregunta expresa, refiri\u00f3 que, aunque a\u00fan no hay fecha espec\u00edfica para iniciar en Huejutla con el programa, ya est\u00e1 avanzado en un 90 o 100 %, lo cual se puede constatar con la compa\u00f1era de Desarrollo Econ\u00f3mico Municipal, Margoth Hern\u00e1ndez, quien tiene a su cargo el programa.<\/p>\n\n\n\n<p>Para finalizar, Vargas Castel\u00e1n coment\u00f3 que, est\u00e1n a la espera que ella reciba la indicaci\u00f3n de la ciudad de Pachuca y poder establecer la fecha definitiva para activar en el municipio el precitado programa, \u201cmientras tanto, seguiremos difundiendo esa nueva opci\u00f3n que se pondr\u00e1 a la disposici\u00f3n de la ciudadan\u00eda\u201d.<\/p>\n\n\n\n<p><\/p>\n","protected":false},"excerpt":{"rendered":"<p>Por Salvador Altamirano\/Zunoticia Huejutla, Hgo.- \u201cLa Secretar\u00eda de Desarrollo Econ\u00f3mico en el Estado a trav\u00e9s de su instancia similar municipal, en coordinaci\u00f3n con el \u00e1rea que represento, est\u00e1 implementando una plataforma denominada Sistema de Apertura R\u00e1pida para Empresas (SADE)\u201d. Lo anterior, fue expresado por el director de la dependencia municipal de Reglamentos y Espect\u00e1culos, Miguel&hellip; <a class=\"more-link\" href=\"https:\/\/www.zunoticia.com\/noticias-de-hidalgo\/2023\/04\/20\/huejutla-piloto-del-proyecto-sade-en-la-region-mavc\/\">Seguir leyendo <span class=\"screen-reader-text\">Huejutla piloto del proyecto SADE en la regi\u00f3n: MAVC<\/span><\/a><\/p>\n","protected":false},"author":20,"featured_media":478088,"comment_status":"closed","ping_status":"open","sticky":false,"template":"","format":"standard","meta":{"rop_custom_images_group":[],"rop_custom_messages_group":[],"rop_publish_now":"initial","rop_publish_now_accounts":{"facebook_10159540855086992_322828327761733":""},"rop_publish_now_history":[],"rop_publish_now_status":"pending","footnotes":""},"categories":[181],"tags":[121],"class_list":["post-478087","post","type-post","status-publish","format-standard","has-post-thumbnail","hentry","category-huejutla","tag-huejutla","entry"],"_links":{"self":[{"href":"https:\/\/www.zunoticia.com\/noticias-de-hidalgo\/wp-json\/wp\/v2\/posts\/478087","targetHints":{"allow":["GET"]}}],"collection":[{"href":"https:\/\/www.zunoticia.com\/noticias-de-hidalgo\/wp-json\/wp\/v2\/posts"}],"about":[{"href":"https:\/\/www.zunoticia.com\/noticias-de-hidalgo\/wp-json\/wp\/v2\/types\/post"}],"author":[{"embeddable":true,"href":"https:\/\/www.zunoticia.com\/noticias-de-hidalgo\/wp-json\/wp\/v2\/users\/20"}],"replies":[{"embeddable":true,"href":"https:\/\/www.zunoticia.com\/noticias-de-hidalgo\/wp-json\/wp\/v2\/comments?post=478087"}],"version-history":[{"count":1,"href":"https:\/\/www.zunoticia.com\/noticias-de-hidalgo\/wp-json\/wp\/v2\/posts\/478087\/revisions"}],"predecessor-version":[{"id":478089,"href":"https:\/\/www.zunoticia.com\/noticias-de-hidalgo\/wp-json\/wp\/v2\/posts\/478087\/revisions\/478089"}],"wp:featuredmedia":[{"embeddable":true,"href":"https:\/\/www.zunoticia.com\/noticias-de-hidalgo\/wp-json\/wp\/v2\/media\/478088"}],"wp:attachment":[{"href":"https:\/\/www.zunoticia.com\/noticias-de-hidalgo\/wp-json\/wp\/v2\/media?parent=478087"}],"wp:term":[{"taxonomy":"category","embeddable":true,"href":"https:\/\/www.zunoticia.com\/noticias-de-hidalgo\/wp-json\/wp\/v2\/categories?post=478087"},{"taxonomy":"post_tag","embeddable":true,"href":"https:\/\/www.zunoticia.com\/noticias-de-hidalgo\/wp-json\/wp\/v2\/tags?post=478087"}],"curies":[{"name":"wp","href":"https:\/\/api.w.org\/{rel}","templated":true}]}}