{"id":478090,"date":"2023-04-20T17:31:29","date_gmt":"2023-04-20T23:31:29","guid":{"rendered":"https:\/\/www.zunoticia.com\/noticias-de-hidalgo\/?p=478090"},"modified":"2023-04-20T17:31:30","modified_gmt":"2023-04-20T23:31:30","slug":"en-archivos-se-encuentran-la-memoria-historica-e-institucional-de-hidalgo-jvp","status":"publish","type":"post","link":"https:\/\/www.zunoticia.com\/noticias-de-hidalgo\/2023\/04\/20\/en-archivos-se-encuentran-la-memoria-historica-e-institucional-de-hidalgo-jvp\/","title":{"rendered":"En archivos se encuentran la memoria hist\u00f3rica e institucional de Hidalgo: JVP"},"content":{"rendered":"<aside class=\"mashsb-container mashsb-main mashsb-stretched\"><div class=\"mashsb-box\"><div class=\"mashsb-count mash-large\" style=\"float:left\"><div class=\"counts mashsbcount\">21<\/div><span class=\"mashsb-sharetext\">SHARES<\/span><\/div><div class=\"mashsb-buttons\"><a class=\"mashicon-facebook mash-large mash-center mashsb-noshadow\" href=\"https:\/\/www.facebook.com\/sharer.php?u=https%3A%2F%2Fwww.zunoticia.com%2Fnoticias-de-hidalgo%2F2023%2F04%2F20%2Fen-archivos-se-encuentran-la-memoria-historica-e-institucional-de-hidalgo-jvp%2F\" target=\"_top\" rel=\"nofollow\"><span class=\"icon\"><\/span><span class=\"text\">Share<\/span><\/a><a class=\"mashicon-twitter mash-large mash-center mashsb-noshadow\" href=\"https:\/\/twitter.com\/intent\/tweet?text=&amp;url=https:\/\/www.zunoticia.com\/noticias-de-hidalgo\/2023\/04\/20\/en-archivos-se-encuentran-la-memoria-historica-e-institucional-de-hidalgo-jvp\/\" target=\"_top\" rel=\"nofollow\"><span class=\"icon\"><\/span><span class=\"text\">Tweet<\/span><\/a><div class=\"onoffswitch2 mash-large mashsb-noshadow\" style=\"display:none\"><\/div><\/div>\n            <\/div>\n                <div style=\"clear:both\"><\/div><div class=\"mashsb-toggle-container\"><\/div><\/aside>\n            <!-- Share buttons by mashshare.net - Version: 4.0.47-->\n<p><\/p>\n\n\n\n<p><em>Por Redacci\u00f3n\/Zunoticia<\/em><\/p>\n\n\n\n<p><strong>Pachuca de Soto, Hgo<\/strong>.- \u201cEn los archivos se encuentra la memoria hist\u00f3rica e institucional de la vida p\u00fablica de la entidad\u201d, afirm\u00f3 el presidente de la Junta de Gobierno del Congreso de Hidalgo, Julio Valera Piedras.&nbsp;<\/p>\n\n\n\n<p>Al poner en marcha las jornadas de capacitaci\u00f3n y profesionalizaci\u00f3n para la preservaci\u00f3n y conservaci\u00f3n de los archivos municipales, el diputado priista tambi\u00e9n consider\u00f3 que al tener mejores pr\u00e1cticas habr\u00e1 mayor transparencia y rendici\u00f3n de cuentas.&nbsp;<\/p>\n\n\n\n<p>En su participaci\u00f3n, Valera Piedras se\u00f1al\u00f3 que dichas \u00e1reas han dejado de ser unidades aisladas y marginadas; hoy, el archivo es fundamental porque la memoria institucional de la agenda p\u00fablica se encuentra en esos documentos.&nbsp;<\/p>\n\n\n\n<p>Quienes est\u00e1n encargados de la agenda p\u00fablica solo se encuentran por un tiempo determinado y la \u00fanica forma de trascendencia y donde permanecen las buenas y malas gestiones es en el archivo, refiri\u00f3 el legislador.&nbsp;<\/p>\n\n\n\n<p>Por ello es importante la capacitaci\u00f3n a los encargados de dichas \u00e1reas para empatar un fen\u00f3meno de la agenda p\u00fablica: la construcci\u00f3n de leyes y normativa en materia de archivos va adelante que la gesti\u00f3n y la atenci\u00f3n pol\u00edtica en los municipios.&nbsp;<\/p>\n\n\n\n<p>\u201cEsa es la idea que tenemos en el Congreso, de empatar. Que la normativa vaya a la par de la gesti\u00f3n de lo que ustedes hacen, porque los archivos son patrimonio, son memoria, identidad y conocimiento\u201d, se\u00f1al\u00f3.&nbsp;<\/p>\n\n\n\n<p>Esta actividad, dijo, se enmarca en la visi\u00f3n municipalista del Congreso de Hidalgo pues los ayuntamientos al ser pilares de la entidad, deben tener mejores herramientas de trabajo y llamar la atenci\u00f3n en \u00e1reas fundamentales de la agenda p\u00fablica.&nbsp;<\/p>\n\n\n\n<p>Por su parte, la diputada, Roc\u00edo Sosa Jim\u00e9nez, presidenta de la Primera Comisi\u00f3n de Fortalecimiento y Desarrollo Municipal, celebr\u00f3 y reconoci\u00f3 el compromiso de cada uno de los asistentes en el desarrollo de los municipios a trav\u00e9s de la capacitaci\u00f3n constante.&nbsp;<\/p>\n\n\n\n<p>La importancia del archivo municipal reside en ser el conjunto de documentos generados y recibidos por las diferentes dependencias de la administraci\u00f3n p\u00fablica en el ejercicio diario de sus funciones, indic\u00f3.&nbsp;<\/p>\n\n\n\n<p>Elevar la cultura archiv\u00edstica pues con \u00e1reas organizadas y capacitadas se garantizar\u00e1 lo dispuesto en la Ley de Transparencia y Acceso a la Informaci\u00f3n P\u00fablica de Hidalgo, apunt\u00f3.&nbsp;<\/p>\n\n\n\n<p>En su oportunidad, Brisa Ramos Ram\u00edrez, encargada de la Direcci\u00f3n de Archivo y Biblioteca del Congreso del Estado de Hidalgo, mencion\u00f3 que esta actividad se encuentra vinculada al resguardo de la memoria hist\u00f3rica encaminado a la conmemoraci\u00f3n del D\u00eda Internacional de los Archivos, a celebrarse el pr\u00f3ximo 9 de junio.&nbsp;<\/p>\n\n\n\n<p>Adem\u00e1s, se busca dotar a los servidores p\u00fablicos, responsables y encargados de los archivos de tr\u00e1mite de las administraciones p\u00fablicas municipales para abordar las problem\u00e1ticas generales de la preservaci\u00f3n y conservaci\u00f3n del patrimonio documental e identificar las posibles soluciones.&nbsp;<\/p>\n\n\n\n<p>Al tomar la palabra, Guadalupe Mor\u00f3n Montiel, encargada de la Direcci\u00f3n General del Archivo General del Estado de Hidalgo, resalt\u00f3 que los archivos pertenecen a los ciudadanos y es patrimonio de las sociedades, por tanto, el reto de las instituciones gubernamentales es de socializarlos, preservarlos y difundirlos para que no sean letras muertas.&nbsp;<\/p>\n\n\n\n<p>En el evento, realizado en la explanada del Congreso de Hidalgo, estuvieron presentes Paola Dom\u00ednguez Olmedo, directora del Instituto para el Desarrollo y Fortalecimiento Municipal (Idefom), Olga Acoltzin Vidal, directora del Archivo Hist\u00f3rico del Poder Judicial del Estado de Hidalgo y Roberto Rico Ruiz, secretario de Servicios Legislativo, as\u00ed como archivistas de los 84 municipios.<\/p>\n\n\n\n<figure class=\"wp-block-image size-full\"><img fetchpriority=\"high\" decoding=\"async\" width=\"940\" height=\"788\" src=\"https:\/\/www.zunoticia.com\/noticias-de-hidalgo\/wp-content\/uploads\/2023\/04\/2-105.png\" alt=\"\" class=\"wp-image-478092\" srcset=\"https:\/\/www.zunoticia.com\/noticias-de-hidalgo\/wp-content\/uploads\/2023\/04\/2-105.png 940w, https:\/\/www.zunoticia.com\/noticias-de-hidalgo\/wp-content\/uploads\/2023\/04\/2-105-300x251.png 300w, https:\/\/www.zunoticia.com\/noticias-de-hidalgo\/wp-content\/uploads\/2023\/04\/2-105-768x644.png 768w\" sizes=\"(max-width: 940px) 100vw, 940px\" \/><\/figure>\n","protected":false},"excerpt":{"rendered":"<p>Por Redacci\u00f3n\/Zunoticia Pachuca de Soto, Hgo.- \u201cEn los archivos se encuentra la memoria hist\u00f3rica e institucional de la vida p\u00fablica de la entidad\u201d, afirm\u00f3 el presidente de la Junta de Gobierno del Congreso de Hidalgo, Julio Valera Piedras.&nbsp; Al poner en marcha las jornadas de capacitaci\u00f3n y profesionalizaci\u00f3n para la preservaci\u00f3n y conservaci\u00f3n de los&hellip; <a class=\"more-link\" href=\"https:\/\/www.zunoticia.com\/noticias-de-hidalgo\/2023\/04\/20\/en-archivos-se-encuentran-la-memoria-historica-e-institucional-de-hidalgo-jvp\/\">Seguir leyendo <span class=\"screen-reader-text\">En archivos se encuentran la memoria hist\u00f3rica e institucional de Hidalgo: JVP<\/span><\/a><\/p>\n","protected":false},"author":20,"featured_media":478091,"comment_status":"closed","ping_status":"open","sticky":false,"template":"","format":"standard","meta":{"rop_custom_images_group":[],"rop_custom_messages_group":[],"rop_publish_now":"initial","rop_publish_now_accounts":{"facebook_10159540855086992_322828327761733":""},"rop_publish_now_history":[],"rop_publish_now_status":"pending","footnotes":""},"categories":[208],"tags":[214],"class_list":["post-478090","post","type-post","status-publish","format-standard","has-post-thumbnail","hentry","category-estado","tag-estado","entry"],"_links":{"self":[{"href":"https:\/\/www.zunoticia.com\/noticias-de-hidalgo\/wp-json\/wp\/v2\/posts\/478090","targetHints":{"allow":["GET"]}}],"collection":[{"href":"https:\/\/www.zunoticia.com\/noticias-de-hidalgo\/wp-json\/wp\/v2\/posts"}],"about":[{"href":"https:\/\/www.zunoticia.com\/noticias-de-hidalgo\/wp-json\/wp\/v2\/types\/post"}],"author":[{"embeddable":true,"href":"https:\/\/www.zunoticia.com\/noticias-de-hidalgo\/wp-json\/wp\/v2\/users\/20"}],"replies":[{"embeddable":true,"href":"https:\/\/www.zunoticia.com\/noticias-de-hidalgo\/wp-json\/wp\/v2\/comments?post=478090"}],"version-history":[{"count":1,"href":"https:\/\/www.zunoticia.com\/noticias-de-hidalgo\/wp-json\/wp\/v2\/posts\/478090\/revisions"}],"predecessor-version":[{"id":478093,"href":"https:\/\/www.zunoticia.com\/noticias-de-hidalgo\/wp-json\/wp\/v2\/posts\/478090\/revisions\/478093"}],"wp:featuredmedia":[{"embeddable":true,"href":"https:\/\/www.zunoticia.com\/noticias-de-hidalgo\/wp-json\/wp\/v2\/media\/478091"}],"wp:attachment":[{"href":"https:\/\/www.zunoticia.com\/noticias-de-hidalgo\/wp-json\/wp\/v2\/media?parent=478090"}],"wp:term":[{"taxonomy":"category","embeddable":true,"href":"https:\/\/www.zunoticia.com\/noticias-de-hidalgo\/wp-json\/wp\/v2\/categories?post=478090"},{"taxonomy":"post_tag","embeddable":true,"href":"https:\/\/www.zunoticia.com\/noticias-de-hidalgo\/wp-json\/wp\/v2\/tags?post=478090"}],"curies":[{"name":"wp","href":"https:\/\/api.w.org\/{rel}","templated":true}]}}