{"id":478143,"date":"2023-04-20T20:15:11","date_gmt":"2023-04-21T02:15:11","guid":{"rendered":"https:\/\/www.zunoticia.com\/noticias-de-hidalgo\/?p=478143"},"modified":"2023-04-20T20:15:12","modified_gmt":"2023-04-21T02:15:12","slug":"preparan-festejos-de-ascension-del-senor","status":"publish","type":"post","link":"https:\/\/www.zunoticia.com\/noticias-de-hidalgo\/2023\/04\/20\/preparan-festejos-de-ascension-del-senor\/","title":{"rendered":"Preparan festejos de Ascensi\u00f3n del Se\u00f1or"},"content":{"rendered":"<aside class=\"mashsb-container mashsb-main mashsb-stretched\"><div class=\"mashsb-box\"><div class=\"mashsb-count mash-large\" style=\"float:left\"><div class=\"counts mashsbcount\">26<\/div><span class=\"mashsb-sharetext\">SHARES<\/span><\/div><div class=\"mashsb-buttons\"><a class=\"mashicon-facebook mash-large mash-center mashsb-noshadow\" href=\"https:\/\/www.facebook.com\/sharer.php?u=https%3A%2F%2Fwww.zunoticia.com%2Fnoticias-de-hidalgo%2F2023%2F04%2F20%2Fpreparan-festejos-de-ascension-del-senor%2F\" target=\"_top\" rel=\"nofollow\"><span class=\"icon\"><\/span><span class=\"text\">Share<\/span><\/a><a class=\"mashicon-twitter mash-large mash-center mashsb-noshadow\" href=\"https:\/\/twitter.com\/intent\/tweet?text=&amp;url=https:\/\/www.zunoticia.com\/noticias-de-hidalgo\/2023\/04\/20\/preparan-festejos-de-ascension-del-senor\/\" target=\"_top\" rel=\"nofollow\"><span class=\"icon\"><\/span><span class=\"text\">Tweet<\/span><\/a><div class=\"onoffswitch2 mash-large mashsb-noshadow\" style=\"display:none\"><\/div><\/div>\n            <\/div>\n                <div style=\"clear:both\"><\/div><div class=\"mashsb-toggle-container\"><\/div><\/aside>\n            <!-- Share buttons by mashshare.net - Version: 4.0.47-->\n<p><em>Por Roberto Meza\/Zunoticia<\/em><\/p>\n\n\n\n<p><strong>Huazalingo, Hgo.-<\/strong> El p\u00e1rroco de la iglesia San Jos\u00e9 de esta municipalidad, Leonardo Sosa Alvarado, dijo que se est\u00e1n preparando para los festejos de Ascensi\u00f3n del Se\u00f1or, que se habr\u00e1 de llevar a cabo durante el mes de mayo, en donde, como iglesia se encargan de llevar las diferentes actividades religiosas y el ayuntamiento realiza lo que le corresponde.<\/p>\n\n\n\n<p>Agreg\u00f3 que la parte religiosa de esa fiesta se realizar\u00e1 en un solo d\u00eda, el pr\u00f3ximo domingo 21 de mayo, en donde se habr\u00e1n de desarrollar las diversas actividades religiosas en la iglesia de la cabecera municipal, en donde participar\u00e1n los cat\u00f3licos de cada una de las comunidades de este municipio.<\/p>\n\n\n\n<p>El cura invit\u00f3 a todos los huazalinguenses a participar en tan importante festejo religioso ya que es una tradici\u00f3n y costumbre que no se debe de perder entre los habitantes de este municipio, por lo que recalc\u00f3 la invitaci\u00f3n a participar en los eventos religiosos.<\/p>\n","protected":false},"excerpt":{"rendered":"<p>Por Roberto Meza\/Zunoticia Huazalingo, Hgo.- El p\u00e1rroco de la iglesia San Jos\u00e9 de esta municipalidad, Leonardo Sosa Alvarado, dijo que se est\u00e1n preparando para los festejos de Ascensi\u00f3n del Se\u00f1or, que se habr\u00e1 de llevar a cabo durante el mes de mayo, en donde, como iglesia se encargan de llevar las diferentes actividades religiosas y&hellip; <a class=\"more-link\" href=\"https:\/\/www.zunoticia.com\/noticias-de-hidalgo\/2023\/04\/20\/preparan-festejos-de-ascension-del-senor\/\">Seguir leyendo <span class=\"screen-reader-text\">Preparan festejos de Ascensi\u00f3n del Se\u00f1or<\/span><\/a><\/p>\n","protected":false},"author":12,"featured_media":478139,"comment_status":"closed","ping_status":"open","sticky":false,"template":"","format":"standard","meta":{"rop_custom_images_group":[],"rop_custom_messages_group":[],"rop_publish_now":"initial","rop_publish_now_accounts":{"facebook_10159540855086992_322828327761733":""},"rop_publish_now_history":[],"rop_publish_now_status":"pending","footnotes":""},"categories":[179,212],"tags":[138],"class_list":["post-478143","post","type-post","status-publish","format-standard","has-post-thumbnail","hentry","category-huasteca","category-huazalingo","tag-huazalingo","entry"],"_links":{"self":[{"href":"https:\/\/www.zunoticia.com\/noticias-de-hidalgo\/wp-json\/wp\/v2\/posts\/478143","targetHints":{"allow":["GET"]}}],"collection":[{"href":"https:\/\/www.zunoticia.com\/noticias-de-hidalgo\/wp-json\/wp\/v2\/posts"}],"about":[{"href":"https:\/\/www.zunoticia.com\/noticias-de-hidalgo\/wp-json\/wp\/v2\/types\/post"}],"author":[{"embeddable":true,"href":"https:\/\/www.zunoticia.com\/noticias-de-hidalgo\/wp-json\/wp\/v2\/users\/12"}],"replies":[{"embeddable":true,"href":"https:\/\/www.zunoticia.com\/noticias-de-hidalgo\/wp-json\/wp\/v2\/comments?post=478143"}],"version-history":[{"count":1,"href":"https:\/\/www.zunoticia.com\/noticias-de-hidalgo\/wp-json\/wp\/v2\/posts\/478143\/revisions"}],"predecessor-version":[{"id":478146,"href":"https:\/\/www.zunoticia.com\/noticias-de-hidalgo\/wp-json\/wp\/v2\/posts\/478143\/revisions\/478146"}],"wp:featuredmedia":[{"embeddable":true,"href":"https:\/\/www.zunoticia.com\/noticias-de-hidalgo\/wp-json\/wp\/v2\/media\/478139"}],"wp:attachment":[{"href":"https:\/\/www.zunoticia.com\/noticias-de-hidalgo\/wp-json\/wp\/v2\/media?parent=478143"}],"wp:term":[{"taxonomy":"category","embeddable":true,"href":"https:\/\/www.zunoticia.com\/noticias-de-hidalgo\/wp-json\/wp\/v2\/categories?post=478143"},{"taxonomy":"post_tag","embeddable":true,"href":"https:\/\/www.zunoticia.com\/noticias-de-hidalgo\/wp-json\/wp\/v2\/tags?post=478143"}],"curies":[{"name":"wp","href":"https:\/\/api.w.org\/{rel}","templated":true}]}}