{"id":478153,"date":"2023-04-20T20:54:42","date_gmt":"2023-04-21T02:54:42","guid":{"rendered":"https:\/\/www.zunoticia.com\/noticias-de-hidalgo\/?p=478153"},"modified":"2023-04-20T20:54:43","modified_gmt":"2023-04-21T02:54:43","slug":"combi-pasajera-choco-contra-taxi","status":"publish","type":"post","link":"https:\/\/www.zunoticia.com\/noticias-de-hidalgo\/2023\/04\/20\/combi-pasajera-choco-contra-taxi\/","title":{"rendered":"Combi pasajera choc\u00f3 contra taxi"},"content":{"rendered":"<aside class=\"mashsb-container mashsb-main mashsb-stretched\"><div class=\"mashsb-box\"><div class=\"mashsb-count mash-large\" style=\"float:left\"><div class=\"counts mashsbcount\">22<\/div><span class=\"mashsb-sharetext\">SHARES<\/span><\/div><div class=\"mashsb-buttons\"><a class=\"mashicon-facebook mash-large mash-center mashsb-noshadow\" href=\"https:\/\/www.facebook.com\/sharer.php?u=https%3A%2F%2Fwww.zunoticia.com%2Fnoticias-de-hidalgo%2F2023%2F04%2F20%2Fcombi-pasajera-choco-contra-taxi%2F\" target=\"_top\" rel=\"nofollow\"><span class=\"icon\"><\/span><span class=\"text\">Share<\/span><\/a><a class=\"mashicon-twitter mash-large mash-center mashsb-noshadow\" href=\"https:\/\/twitter.com\/intent\/tweet?text=&amp;url=https:\/\/www.zunoticia.com\/noticias-de-hidalgo\/2023\/04\/20\/combi-pasajera-choco-contra-taxi\/\" target=\"_top\" rel=\"nofollow\"><span class=\"icon\"><\/span><span class=\"text\">Tweet<\/span><\/a><div class=\"onoffswitch2 mash-large mashsb-noshadow\" style=\"display:none\"><\/div><\/div>\n            <\/div>\n                <div style=\"clear:both\"><\/div><div class=\"mashsb-toggle-container\"><\/div><\/aside>\n            <!-- Share buttons by mashshare.net - Version: 4.0.47-->\n<ul class=\"wp-block-list\">\n<li>No se reportan personas lesionadas, solo p\u00e9rdidas materiales.<\/li>\n<\/ul>\n\n\n\n<p><em>Por Francisco Rosas\/Zunoticia<\/em><\/p>\n\n\n\n<p><strong>Huejutla, Hgo.-<\/strong> Debido a la imprudencia del operador, una combi pasajera de la ruta Jaltoc\u00e1n \u2013 Huejutla, choc\u00f3 contra un taxi del sitio Huejutla.<\/p>\n\n\n\n<figure class=\"wp-block-image size-large\"><img fetchpriority=\"high\" decoding=\"async\" width=\"1024\" height=\"629\" src=\"https:\/\/www.zunoticia.com\/noticias-de-hidalgo\/wp-content\/uploads\/2023\/04\/Imagen-de-WhatsApp-2023-04-20-a-las-20.40.591-1024x629.jpg\" alt=\"\" class=\"wp-image-478154\" srcset=\"https:\/\/www.zunoticia.com\/noticias-de-hidalgo\/wp-content\/uploads\/2023\/04\/Imagen-de-WhatsApp-2023-04-20-a-las-20.40.591-1024x629.jpg 1024w, https:\/\/www.zunoticia.com\/noticias-de-hidalgo\/wp-content\/uploads\/2023\/04\/Imagen-de-WhatsApp-2023-04-20-a-las-20.40.591-300x184.jpg 300w, https:\/\/www.zunoticia.com\/noticias-de-hidalgo\/wp-content\/uploads\/2023\/04\/Imagen-de-WhatsApp-2023-04-20-a-las-20.40.591-768x472.jpg 768w, https:\/\/www.zunoticia.com\/noticias-de-hidalgo\/wp-content\/uploads\/2023\/04\/Imagen-de-WhatsApp-2023-04-20-a-las-20.40.591.jpg 1280w\" sizes=\"(max-width: 1024px) 100vw, 1024px\" \/><\/figure>\n\n\n\n<p>De acuerdo con los datos recabados en el lugar de los hechos, el percance de tr\u00e1nsito terrestre sucedi\u00f3 la tarde de este jueves, en la avenida Corona del Rosal de la colonia La Lomita de esta ciudad y la presunta responsable del incidente fue una Urvan marcada con el n\u00famero econ\u00f3mico 06 y placas de circulaci\u00f3n A-44196-K.<\/p>\n\n\n\n<p>La combi se impact\u00f3 en la puerta izquierda del taxi marcado con el n\u00famero econ\u00f3mico 187 y l\u00e1minas met\u00e1licas A-344-FUT, ya que al parecer el conductor de la Urvan quiso incorporarse al carril del lado derecho sin la debida precauci\u00f3n y sobrevino el accidente.&nbsp;<\/p>\n\n\n\n<figure class=\"wp-block-image size-large\"><img decoding=\"async\" width=\"1024\" height=\"666\" src=\"https:\/\/www.zunoticia.com\/noticias-de-hidalgo\/wp-content\/uploads\/2023\/04\/Imagen-de-WhatsApp-2023-04-20-a-las-20.40.59-1024x666.jpg\" alt=\"\" class=\"wp-image-478156\" srcset=\"https:\/\/www.zunoticia.com\/noticias-de-hidalgo\/wp-content\/uploads\/2023\/04\/Imagen-de-WhatsApp-2023-04-20-a-las-20.40.59-1024x666.jpg 1024w, https:\/\/www.zunoticia.com\/noticias-de-hidalgo\/wp-content\/uploads\/2023\/04\/Imagen-de-WhatsApp-2023-04-20-a-las-20.40.59-300x195.jpg 300w, https:\/\/www.zunoticia.com\/noticias-de-hidalgo\/wp-content\/uploads\/2023\/04\/Imagen-de-WhatsApp-2023-04-20-a-las-20.40.59-768x499.jpg 768w, https:\/\/www.zunoticia.com\/noticias-de-hidalgo\/wp-content\/uploads\/2023\/04\/Imagen-de-WhatsApp-2023-04-20-a-las-20.40.59.jpg 1280w\" sizes=\"(max-width: 1024px) 100vw, 1024px\" \/><\/figure>\n\n\n\n<p>En el choque no hubo personas lesionadas, solo da\u00f1os, no obstante, ambos conductores mostraron la disposici\u00f3n de llegar a un arreglo para la reparaci\u00f3n de las p\u00e9rdidas materiales, por lo que no fue necesaria la intervenci\u00f3n de los agentes de la Secretar\u00eda de Seguridad P\u00fablica y Tr\u00e1nsito Municipal.<\/p>\n","protected":false},"excerpt":{"rendered":"<p>Por Francisco Rosas\/Zunoticia Huejutla, Hgo.- Debido a la imprudencia del operador, una combi pasajera de la ruta Jaltoc\u00e1n \u2013 Huejutla, choc\u00f3 contra un taxi del sitio Huejutla. De acuerdo con los datos recabados en el lugar de los hechos, el percance de tr\u00e1nsito terrestre sucedi\u00f3 la tarde de este jueves, en la avenida Corona del&hellip; <a class=\"more-link\" href=\"https:\/\/www.zunoticia.com\/noticias-de-hidalgo\/2023\/04\/20\/combi-pasajera-choco-contra-taxi\/\">Seguir leyendo <span class=\"screen-reader-text\">Combi pasajera choc\u00f3 contra taxi<\/span><\/a><\/p>\n","protected":false},"author":12,"featured_media":478155,"comment_status":"closed","ping_status":"open","sticky":false,"template":"","format":"standard","meta":{"rop_custom_images_group":[],"rop_custom_messages_group":[],"rop_publish_now":"initial","rop_publish_now_accounts":{"facebook_10159540855086992_322828327761733":""},"rop_publish_now_history":[],"rop_publish_now_status":"pending","footnotes":""},"categories":[178],"tags":[259],"class_list":["post-478153","post","type-post","status-publish","format-standard","has-post-thumbnail","hentry","category-policiaca","tag-policiaca","entry"],"_links":{"self":[{"href":"https:\/\/www.zunoticia.com\/noticias-de-hidalgo\/wp-json\/wp\/v2\/posts\/478153","targetHints":{"allow":["GET"]}}],"collection":[{"href":"https:\/\/www.zunoticia.com\/noticias-de-hidalgo\/wp-json\/wp\/v2\/posts"}],"about":[{"href":"https:\/\/www.zunoticia.com\/noticias-de-hidalgo\/wp-json\/wp\/v2\/types\/post"}],"author":[{"embeddable":true,"href":"https:\/\/www.zunoticia.com\/noticias-de-hidalgo\/wp-json\/wp\/v2\/users\/12"}],"replies":[{"embeddable":true,"href":"https:\/\/www.zunoticia.com\/noticias-de-hidalgo\/wp-json\/wp\/v2\/comments?post=478153"}],"version-history":[{"count":1,"href":"https:\/\/www.zunoticia.com\/noticias-de-hidalgo\/wp-json\/wp\/v2\/posts\/478153\/revisions"}],"predecessor-version":[{"id":478157,"href":"https:\/\/www.zunoticia.com\/noticias-de-hidalgo\/wp-json\/wp\/v2\/posts\/478153\/revisions\/478157"}],"wp:featuredmedia":[{"embeddable":true,"href":"https:\/\/www.zunoticia.com\/noticias-de-hidalgo\/wp-json\/wp\/v2\/media\/478155"}],"wp:attachment":[{"href":"https:\/\/www.zunoticia.com\/noticias-de-hidalgo\/wp-json\/wp\/v2\/media?parent=478153"}],"wp:term":[{"taxonomy":"category","embeddable":true,"href":"https:\/\/www.zunoticia.com\/noticias-de-hidalgo\/wp-json\/wp\/v2\/categories?post=478153"},{"taxonomy":"post_tag","embeddable":true,"href":"https:\/\/www.zunoticia.com\/noticias-de-hidalgo\/wp-json\/wp\/v2\/tags?post=478153"}],"curies":[{"name":"wp","href":"https:\/\/api.w.org\/{rel}","templated":true}]}}