{"id":478753,"date":"2023-04-25T14:32:49","date_gmt":"2023-04-25T20:32:49","guid":{"rendered":"https:\/\/www.zunoticia.com\/noticias-de-hidalgo\/?p=478753"},"modified":"2023-04-25T14:32:50","modified_gmt":"2023-04-25T20:32:50","slug":"es-importante-que-el-gobierno-estatal-escuche-las-necesidades-del-pueblo-directamente-fjrv","status":"publish","type":"post","link":"https:\/\/www.zunoticia.com\/noticias-de-hidalgo\/2023\/04\/25\/es-importante-que-el-gobierno-estatal-escuche-las-necesidades-del-pueblo-directamente-fjrv\/","title":{"rendered":"Es importante que el gobierno estatal escuche las necesidades del pueblo directamente: FJRV"},"content":{"rendered":"<aside class=\"mashsb-container mashsb-main mashsb-stretched\"><div class=\"mashsb-box\"><div class=\"mashsb-count mash-large\" style=\"float:left\"><div class=\"counts mashsbcount\">4<\/div><span class=\"mashsb-sharetext\">SHARES<\/span><\/div><div class=\"mashsb-buttons\"><a class=\"mashicon-facebook mash-large mash-center mashsb-noshadow\" href=\"https:\/\/www.facebook.com\/sharer.php?u=https%3A%2F%2Fwww.zunoticia.com%2Fnoticias-de-hidalgo%2F2023%2F04%2F25%2Fes-importante-que-el-gobierno-estatal-escuche-las-necesidades-del-pueblo-directamente-fjrv%2F\" target=\"_top\" rel=\"nofollow\"><span class=\"icon\"><\/span><span class=\"text\">Share<\/span><\/a><a class=\"mashicon-twitter mash-large mash-center mashsb-noshadow\" href=\"https:\/\/twitter.com\/intent\/tweet?text=&amp;url=https:\/\/www.zunoticia.com\/noticias-de-hidalgo\/2023\/04\/25\/es-importante-que-el-gobierno-estatal-escuche-las-necesidades-del-pueblo-directamente-fjrv\/\" target=\"_top\" rel=\"nofollow\"><span class=\"icon\"><\/span><span class=\"text\">Tweet<\/span><\/a><div class=\"onoffswitch2 mash-large mashsb-noshadow\" style=\"display:none\"><\/div><\/div>\n            <\/div>\n                <div style=\"clear:both\"><\/div><div class=\"mashsb-toggle-container\"><\/div><\/aside>\n            <!-- Share buttons by mashshare.net - Version: 4.0.47-->\n<p><\/p>\n\n\n\n<p><em>Por Salvador Altamirano\/Zunoticia<\/em><\/p>\n\n\n\n<p><strong>Huejutla, Hgo.-<\/strong> Entrevistado respecto a la &#8220;Audiencia P\u00fablica&#8221; que este martes, a las 11:00 horas, otorgar\u00edan funcionarios estatales en el auditorio de la &#8220;Escuela Secundaria General H\u00e9roe Antonio Reyes (ESGHAR), el delegado municipal de la Zona Centro, Felipe de Jes\u00fas Rodr\u00edguez Vera, reconoci\u00f3 que es una buena decisi\u00f3n del Gobernador del Estado, Julio Menchaca, de enviar a su equipo de trabajo a Huejutla para que escuchen las necesidades de la ciudadan\u00eda.<\/p>\n\n\n\n<p>Agreg\u00f3, \u201cqu\u00e9 mejor que sean los ciudadanos, que son quienes ven y sufren a diario las necesidades, las expresen de manera directa para que el gobierno estatal conozca las problem\u00e1ticas existentes en el municipio y la regi\u00f3n\u201d.<\/p>\n\n\n\n<p>A pregunta expresa, refiri\u00f3 que, con este tipo de eventos las personas evitan ser v\u00edctimas de la tardanza burocr\u00e1tica, ya no hay segundas ni terceras manos, y hasta que alguien te pida la cl\u00e1sica \u2018mochada\u2019 para llevar tu solicitud a tal o cual dependencia de la ciudad de Pachuca. Es mejor -dijo-, el trato directo.<\/p>\n\n\n\n<p>Al inquirirle si como representante social, ya lo han invitado para que acuda al evento, coment\u00f3 que hasta el momento no le ha llegado ninguna invitaci\u00f3n, tal vez en el transcurso del d\u00eda se la env\u00eden, pero de no ser as\u00ed no pasa nada, y si me requieren ah\u00ed estaremos con mucho gusto, se\u00f1al\u00f3.<\/p>\n\n\n\n<p>Para finalizar, Rodr\u00edguez Vera enfatiz\u00f3 que en la Zona Centro de Huejutla hay muchas necesidades, pero de llevar una solicitud le dar\u00eda prioridad a la contaminaci\u00f3n de los r\u00edos, que es el problema m\u00e1s grave en el municipio. Ojal\u00e1 que a la audiencia p\u00fablica acuda mucha gente -a\u00f1adi\u00f3-, para que el gobierno del Estado sepa de las necesidades existentes en la regi\u00f3n.<\/p>\n\n\n\n<p><\/p>\n","protected":false},"excerpt":{"rendered":"<p>Por Salvador Altamirano\/Zunoticia Huejutla, Hgo.- Entrevistado respecto a la &#8220;Audiencia P\u00fablica&#8221; que este martes, a las 11:00 horas, otorgar\u00edan funcionarios estatales en el auditorio de la &#8220;Escuela Secundaria General H\u00e9roe Antonio Reyes (ESGHAR), el delegado municipal de la Zona Centro, Felipe de Jes\u00fas Rodr\u00edguez Vera, reconoci\u00f3 que es una buena decisi\u00f3n del Gobernador del Estado,&hellip; <a class=\"more-link\" href=\"https:\/\/www.zunoticia.com\/noticias-de-hidalgo\/2023\/04\/25\/es-importante-que-el-gobierno-estatal-escuche-las-necesidades-del-pueblo-directamente-fjrv\/\">Seguir leyendo <span class=\"screen-reader-text\">Es importante que el gobierno estatal escuche las necesidades del pueblo directamente: FJRV<\/span><\/a><\/p>\n","protected":false},"author":20,"featured_media":478754,"comment_status":"closed","ping_status":"open","sticky":false,"template":"","format":"standard","meta":{"rop_custom_images_group":[],"rop_custom_messages_group":[],"rop_publish_now":"initial","rop_publish_now_accounts":{"facebook_10159540855086992_322828327761733":""},"rop_publish_now_history":[],"rop_publish_now_status":"pending","footnotes":""},"categories":[181],"tags":[121],"class_list":["post-478753","post","type-post","status-publish","format-standard","has-post-thumbnail","hentry","category-huejutla","tag-huejutla","entry"],"_links":{"self":[{"href":"https:\/\/www.zunoticia.com\/noticias-de-hidalgo\/wp-json\/wp\/v2\/posts\/478753","targetHints":{"allow":["GET"]}}],"collection":[{"href":"https:\/\/www.zunoticia.com\/noticias-de-hidalgo\/wp-json\/wp\/v2\/posts"}],"about":[{"href":"https:\/\/www.zunoticia.com\/noticias-de-hidalgo\/wp-json\/wp\/v2\/types\/post"}],"author":[{"embeddable":true,"href":"https:\/\/www.zunoticia.com\/noticias-de-hidalgo\/wp-json\/wp\/v2\/users\/20"}],"replies":[{"embeddable":true,"href":"https:\/\/www.zunoticia.com\/noticias-de-hidalgo\/wp-json\/wp\/v2\/comments?post=478753"}],"version-history":[{"count":1,"href":"https:\/\/www.zunoticia.com\/noticias-de-hidalgo\/wp-json\/wp\/v2\/posts\/478753\/revisions"}],"predecessor-version":[{"id":478755,"href":"https:\/\/www.zunoticia.com\/noticias-de-hidalgo\/wp-json\/wp\/v2\/posts\/478753\/revisions\/478755"}],"wp:featuredmedia":[{"embeddable":true,"href":"https:\/\/www.zunoticia.com\/noticias-de-hidalgo\/wp-json\/wp\/v2\/media\/478754"}],"wp:attachment":[{"href":"https:\/\/www.zunoticia.com\/noticias-de-hidalgo\/wp-json\/wp\/v2\/media?parent=478753"}],"wp:term":[{"taxonomy":"category","embeddable":true,"href":"https:\/\/www.zunoticia.com\/noticias-de-hidalgo\/wp-json\/wp\/v2\/categories?post=478753"},{"taxonomy":"post_tag","embeddable":true,"href":"https:\/\/www.zunoticia.com\/noticias-de-hidalgo\/wp-json\/wp\/v2\/tags?post=478753"}],"curies":[{"name":"wp","href":"https:\/\/api.w.org\/{rel}","templated":true}]}}