{"id":478781,"date":"2023-04-25T17:12:01","date_gmt":"2023-04-25T23:12:01","guid":{"rendered":"https:\/\/www.zunoticia.com\/noticias-de-hidalgo\/?p=478781"},"modified":"2023-04-25T17:12:02","modified_gmt":"2023-04-25T23:12:02","slug":"difunden-ficha-de-busqueda-de-menor-desaparecida-en-tehuetlan","status":"publish","type":"post","link":"https:\/\/www.zunoticia.com\/noticias-de-hidalgo\/2023\/04\/25\/difunden-ficha-de-busqueda-de-menor-desaparecida-en-tehuetlan\/","title":{"rendered":"Difunden ficha de b\u00fasqueda de menor desaparecida en Tehuetl\u00e1n"},"content":{"rendered":"<aside class=\"mashsb-container mashsb-main mashsb-stretched\"><div class=\"mashsb-box\"><div class=\"mashsb-count mash-large\" style=\"float:left\"><div class=\"counts mashsbcount\">37<\/div><span class=\"mashsb-sharetext\">SHARES<\/span><\/div><div class=\"mashsb-buttons\"><a class=\"mashicon-facebook mash-large mash-center mashsb-noshadow\" href=\"https:\/\/www.facebook.com\/sharer.php?u=https%3A%2F%2Fwww.zunoticia.com%2Fnoticias-de-hidalgo%2F2023%2F04%2F25%2Fdifunden-ficha-de-busqueda-de-menor-desaparecida-en-tehuetlan%2F\" target=\"_top\" rel=\"nofollow\"><span class=\"icon\"><\/span><span class=\"text\">Share<\/span><\/a><a class=\"mashicon-twitter mash-large mash-center mashsb-noshadow\" href=\"https:\/\/twitter.com\/intent\/tweet?text=&amp;url=https:\/\/www.zunoticia.com\/noticias-de-hidalgo\/2023\/04\/25\/difunden-ficha-de-busqueda-de-menor-desaparecida-en-tehuetlan\/\" target=\"_top\" rel=\"nofollow\"><span class=\"icon\"><\/span><span class=\"text\">Tweet<\/span><\/a><div class=\"onoffswitch2 mash-large mashsb-noshadow\" style=\"display:none\"><\/div><\/div>\n            <\/div>\n                <div style=\"clear:both\"><\/div><div class=\"mashsb-toggle-container\"><\/div><\/aside>\n            <!-- Share buttons by mashshare.net - Version: 4.0.47-->\n<p><\/p>\n\n\n\n<p><em>Por Francisco Rosas\/Zunoticia<\/em><\/p>\n\n\n\n<p><strong>Huejutla, Hgo<\/strong>.- A 10 d\u00edas de la desaparici\u00f3n de la menor Olivia Hern\u00e1ndez Hern\u00e1ndez, originaria de la localidad de Tehuetl\u00e1n, perteneciente a este municipio, la Comisi\u00f3n de B\u00fasqueda de Personas del Estado de Hidalgo (CBPEH) difunde la ficha de b\u00fasqueda de la adolescente.<\/p>\n\n\n\n<p>Hasta el momento se desconoce el paradero de la jovencita de 16 a\u00f1os de edad, no obstante, sus familiares ya presentaron una denuncia en el Ministerio P\u00fablico donde se inici\u00f3 una carpeta de investigaci\u00f3n por la desaparici\u00f3n de persona.<\/p>\n\n\n\n<p>Como se dio a conocer en su momento, la joven quien tiene su domicilio en el barrio Corralillo del poblado en menci\u00f3n, fue vista por \u00faltima vez el 15 de abril del a\u00f1o en curso y desde entonces no se sabe nada de ella.<\/p>\n\n\n\n<p>Por lo anterior, la (CBPEH) solicita la colaboraci\u00f3n de la poblaci\u00f3n para localizar a la muchacha, piden comunicarse al n\u00famero telef\u00f3nico 7711307436.<\/p>\n\n\n\n<p><\/p>\n","protected":false},"excerpt":{"rendered":"<p>Por Francisco Rosas\/Zunoticia Huejutla, Hgo.- A 10 d\u00edas de la desaparici\u00f3n de la menor Olivia Hern\u00e1ndez Hern\u00e1ndez, originaria de la localidad de Tehuetl\u00e1n, perteneciente a este municipio, la Comisi\u00f3n de B\u00fasqueda de Personas del Estado de Hidalgo (CBPEH) difunde la ficha de b\u00fasqueda de la adolescente. Hasta el momento se desconoce el paradero de la&hellip; <a class=\"more-link\" href=\"https:\/\/www.zunoticia.com\/noticias-de-hidalgo\/2023\/04\/25\/difunden-ficha-de-busqueda-de-menor-desaparecida-en-tehuetlan\/\">Seguir leyendo <span class=\"screen-reader-text\">Difunden ficha de b\u00fasqueda de menor desaparecida en Tehuetl\u00e1n<\/span><\/a><\/p>\n","protected":false},"author":20,"featured_media":478782,"comment_status":"closed","ping_status":"open","sticky":false,"template":"","format":"standard","meta":{"rop_custom_images_group":[],"rop_custom_messages_group":[],"rop_publish_now":"initial","rop_publish_now_accounts":{"facebook_10159540855086992_322828327761733":""},"rop_publish_now_history":[],"rop_publish_now_status":"pending","footnotes":""},"categories":[178],"tags":[259],"class_list":["post-478781","post","type-post","status-publish","format-standard","has-post-thumbnail","hentry","category-policiaca","tag-policiaca","entry"],"_links":{"self":[{"href":"https:\/\/www.zunoticia.com\/noticias-de-hidalgo\/wp-json\/wp\/v2\/posts\/478781","targetHints":{"allow":["GET"]}}],"collection":[{"href":"https:\/\/www.zunoticia.com\/noticias-de-hidalgo\/wp-json\/wp\/v2\/posts"}],"about":[{"href":"https:\/\/www.zunoticia.com\/noticias-de-hidalgo\/wp-json\/wp\/v2\/types\/post"}],"author":[{"embeddable":true,"href":"https:\/\/www.zunoticia.com\/noticias-de-hidalgo\/wp-json\/wp\/v2\/users\/20"}],"replies":[{"embeddable":true,"href":"https:\/\/www.zunoticia.com\/noticias-de-hidalgo\/wp-json\/wp\/v2\/comments?post=478781"}],"version-history":[{"count":1,"href":"https:\/\/www.zunoticia.com\/noticias-de-hidalgo\/wp-json\/wp\/v2\/posts\/478781\/revisions"}],"predecessor-version":[{"id":478783,"href":"https:\/\/www.zunoticia.com\/noticias-de-hidalgo\/wp-json\/wp\/v2\/posts\/478781\/revisions\/478783"}],"wp:featuredmedia":[{"embeddable":true,"href":"https:\/\/www.zunoticia.com\/noticias-de-hidalgo\/wp-json\/wp\/v2\/media\/478782"}],"wp:attachment":[{"href":"https:\/\/www.zunoticia.com\/noticias-de-hidalgo\/wp-json\/wp\/v2\/media?parent=478781"}],"wp:term":[{"taxonomy":"category","embeddable":true,"href":"https:\/\/www.zunoticia.com\/noticias-de-hidalgo\/wp-json\/wp\/v2\/categories?post=478781"},{"taxonomy":"post_tag","embeddable":true,"href":"https:\/\/www.zunoticia.com\/noticias-de-hidalgo\/wp-json\/wp\/v2\/tags?post=478781"}],"curies":[{"name":"wp","href":"https:\/\/api.w.org\/{rel}","templated":true}]}}