{"id":478784,"date":"2023-04-25T17:22:07","date_gmt":"2023-04-25T23:22:07","guid":{"rendered":"https:\/\/www.zunoticia.com\/noticias-de-hidalgo\/?p=478784"},"modified":"2023-04-25T17:22:08","modified_gmt":"2023-04-25T23:22:08","slug":"alcaldia-construye-galera-publica","status":"publish","type":"post","link":"https:\/\/www.zunoticia.com\/noticias-de-hidalgo\/2023\/04\/25\/alcaldia-construye-galera-publica\/","title":{"rendered":"Alcald\u00eda construye galera p\u00fablica"},"content":{"rendered":"<aside class=\"mashsb-container mashsb-main mashsb-stretched\"><div class=\"mashsb-box\"><div class=\"mashsb-count mash-large\" style=\"float:left\"><div class=\"counts mashsbcount\">16<\/div><span class=\"mashsb-sharetext\">SHARES<\/span><\/div><div class=\"mashsb-buttons\"><a class=\"mashicon-facebook mash-large mash-center mashsb-noshadow\" href=\"https:\/\/www.facebook.com\/sharer.php?u=https%3A%2F%2Fwww.zunoticia.com%2Fnoticias-de-hidalgo%2F2023%2F04%2F25%2Falcaldia-construye-galera-publica%2F\" target=\"_top\" rel=\"nofollow\"><span class=\"icon\"><\/span><span class=\"text\">Share<\/span><\/a><a class=\"mashicon-twitter mash-large mash-center mashsb-noshadow\" href=\"https:\/\/twitter.com\/intent\/tweet?text=&amp;url=https:\/\/www.zunoticia.com\/noticias-de-hidalgo\/2023\/04\/25\/alcaldia-construye-galera-publica\/\" target=\"_top\" rel=\"nofollow\"><span class=\"icon\"><\/span><span class=\"text\">Tweet<\/span><\/a><div class=\"onoffswitch2 mash-large mashsb-noshadow\" style=\"display:none\"><\/div><\/div>\n            <\/div>\n                <div style=\"clear:both\"><\/div><div class=\"mashsb-toggle-container\"><\/div><\/aside>\n            <!-- Share buttons by mashshare.net - Version: 4.0.47-->\n<p><em>Por Roberto Meza\/Zunoticia<\/em><\/p>\n\n\n\n<p><strong>Huazalingo, Hgo. <\/strong>&#8211; El gobierno municipal que preside Julio C\u00e9sar Gonz\u00e1lez, inici\u00f3 la construcci\u00f3n de una galera p\u00fablica en la zona centro con recursos del ayuntamiento, derivado de que se carec\u00eda de este espacio para realizar actividades al aire libre, sin resentir los efectos de las inclemencias del tiempo.<\/p>\n\n\n\n<p>Esto con la finalidad de que los alumnos y habitantes en general puedan llevar a cabo sus actividades f\u00edsicas, sociales y culturales sin tener que preocuparse por los da\u00f1os que pudieran causarles las inclemencias del tiempo, por eso el alcalde inici\u00f3 esta importante obra, ya que en muchas de las actividades propias del municipio se ten\u00edan que rentar lonas y carpas, con esto se habr\u00e1n de ahorrar en ese rubro.<\/p>\n\n\n\n<p>En dicha obra mencionaron que, se est\u00e1 aplicando una fuerte derrama econ\u00f3mica del Fondo de Infraestructura Social Municipal y con ello, mejorar los espacios para el bien de la ni\u00f1ez, de la juventud y de la poblaci\u00f3n en general; la obra apenas dio comienzo y se agilizar\u00e1 para que durante los festejos del Ascensi\u00f3n del Se\u00f1or est\u00e9 listo este inmueble.<\/p>\n\n\n\n<p><\/p>\n","protected":false},"excerpt":{"rendered":"<p>Por Roberto Meza\/Zunoticia Huazalingo, Hgo. &#8211; El gobierno municipal que preside Julio C\u00e9sar Gonz\u00e1lez, inici\u00f3 la construcci\u00f3n de una galera p\u00fablica en la zona centro con recursos del ayuntamiento, derivado de que se carec\u00eda de este espacio para realizar actividades al aire libre, sin resentir los efectos de las inclemencias del tiempo. Esto con la&hellip; <a class=\"more-link\" href=\"https:\/\/www.zunoticia.com\/noticias-de-hidalgo\/2023\/04\/25\/alcaldia-construye-galera-publica\/\">Seguir leyendo <span class=\"screen-reader-text\">Alcald\u00eda construye galera p\u00fablica<\/span><\/a><\/p>\n","protected":false},"author":20,"featured_media":478785,"comment_status":"closed","ping_status":"open","sticky":false,"template":"","format":"standard","meta":{"rop_custom_images_group":[],"rop_custom_messages_group":[],"rop_publish_now":"initial","rop_publish_now_accounts":{"facebook_10159540855086992_322828327761733":""},"rop_publish_now_history":[],"rop_publish_now_status":"pending","footnotes":""},"categories":[212],"tags":[138],"class_list":["post-478784","post","type-post","status-publish","format-standard","has-post-thumbnail","hentry","category-huazalingo","tag-huazalingo","entry"],"_links":{"self":[{"href":"https:\/\/www.zunoticia.com\/noticias-de-hidalgo\/wp-json\/wp\/v2\/posts\/478784","targetHints":{"allow":["GET"]}}],"collection":[{"href":"https:\/\/www.zunoticia.com\/noticias-de-hidalgo\/wp-json\/wp\/v2\/posts"}],"about":[{"href":"https:\/\/www.zunoticia.com\/noticias-de-hidalgo\/wp-json\/wp\/v2\/types\/post"}],"author":[{"embeddable":true,"href":"https:\/\/www.zunoticia.com\/noticias-de-hidalgo\/wp-json\/wp\/v2\/users\/20"}],"replies":[{"embeddable":true,"href":"https:\/\/www.zunoticia.com\/noticias-de-hidalgo\/wp-json\/wp\/v2\/comments?post=478784"}],"version-history":[{"count":1,"href":"https:\/\/www.zunoticia.com\/noticias-de-hidalgo\/wp-json\/wp\/v2\/posts\/478784\/revisions"}],"predecessor-version":[{"id":478786,"href":"https:\/\/www.zunoticia.com\/noticias-de-hidalgo\/wp-json\/wp\/v2\/posts\/478784\/revisions\/478786"}],"wp:featuredmedia":[{"embeddable":true,"href":"https:\/\/www.zunoticia.com\/noticias-de-hidalgo\/wp-json\/wp\/v2\/media\/478785"}],"wp:attachment":[{"href":"https:\/\/www.zunoticia.com\/noticias-de-hidalgo\/wp-json\/wp\/v2\/media?parent=478784"}],"wp:term":[{"taxonomy":"category","embeddable":true,"href":"https:\/\/www.zunoticia.com\/noticias-de-hidalgo\/wp-json\/wp\/v2\/categories?post=478784"},{"taxonomy":"post_tag","embeddable":true,"href":"https:\/\/www.zunoticia.com\/noticias-de-hidalgo\/wp-json\/wp\/v2\/tags?post=478784"}],"curies":[{"name":"wp","href":"https:\/\/api.w.org\/{rel}","templated":true}]}}