{"id":478832,"date":"2023-04-25T19:54:43","date_gmt":"2023-04-26T01:54:43","guid":{"rendered":"https:\/\/www.zunoticia.com\/noticias-de-hidalgo\/?p=478832"},"modified":"2023-04-25T19:54:45","modified_gmt":"2023-04-26T01:54:45","slug":"colocaran-una-estatua-de-cristo-rey-en-la-rampa-de-acceso-a-la-iglesia-catedral","status":"publish","type":"post","link":"https:\/\/www.zunoticia.com\/noticias-de-hidalgo\/2023\/04\/25\/colocaran-una-estatua-de-cristo-rey-en-la-rampa-de-acceso-a-la-iglesia-catedral\/","title":{"rendered":"Colocar\u00e1n una estatua de Cristo Rey en la rampa de acceso a la Iglesia Catedral"},"content":{"rendered":"<aside class=\"mashsb-container mashsb-main mashsb-stretched\"><div class=\"mashsb-box\"><div class=\"mashsb-count mash-large\" style=\"float:left\"><div class=\"counts mashsbcount\">30<\/div><span class=\"mashsb-sharetext\">SHARES<\/span><\/div><div class=\"mashsb-buttons\"><a class=\"mashicon-facebook mash-large mash-center mashsb-noshadow\" href=\"https:\/\/www.facebook.com\/sharer.php?u=https%3A%2F%2Fwww.zunoticia.com%2Fnoticias-de-hidalgo%2F2023%2F04%2F25%2Fcolocaran-una-estatua-de-cristo-rey-en-la-rampa-de-acceso-a-la-iglesia-catedral%2F\" target=\"_top\" rel=\"nofollow\"><span class=\"icon\"><\/span><span class=\"text\">Share<\/span><\/a><a class=\"mashicon-twitter mash-large mash-center mashsb-noshadow\" href=\"https:\/\/twitter.com\/intent\/tweet?text=&amp;url=https:\/\/www.zunoticia.com\/noticias-de-hidalgo\/2023\/04\/25\/colocaran-una-estatua-de-cristo-rey-en-la-rampa-de-acceso-a-la-iglesia-catedral\/\" target=\"_top\" rel=\"nofollow\"><span class=\"icon\"><\/span><span class=\"text\">Tweet<\/span><\/a><div class=\"onoffswitch2 mash-large mashsb-noshadow\" style=\"display:none\"><\/div><\/div>\n            <\/div>\n                <div style=\"clear:both\"><\/div><div class=\"mashsb-toggle-container\"><\/div><\/aside>\n            <!-- Share buttons by mashshare.net - Version: 4.0.47-->\n<p><em>Por Salvador Altamirano\/Zunoticia<\/em><\/p>\n\n\n\n<p><strong>Huejutla, Hgo.-<\/strong> Habitantes de la poblaci\u00f3n, que profesan la religi\u00f3n cat\u00f3lica, manifestaron que tienen conocimiento que se rehabilitar\u00e1 el empedrado de la rampa de acceso a la Iglesia Catedral, y se colocar\u00e1 en la misma una estatua de tres metros de alto con la imagen de Cristo Rey, lo cual consideran loable.<\/p>\n\n\n\n<p>Asimismo, expresaron que desconocen si ese proyecto se llevar\u00e1 a cabo en el marco de la conmemoraci\u00f3n del primer centenario de la creaci\u00f3n de la Di\u00f3cesis de Huejutla, la cual fue erigida can\u00f3nicamente el primero de julio de 1923, por el Obispo del Estado de Tamaulipas, D. Jos\u00e9 Guadalupe Ortiz, delegado para el caso.<\/p>\n\n\n\n<figure class=\"wp-block-image size-large\"><img fetchpriority=\"high\" decoding=\"async\" width=\"1024\" height=\"768\" src=\"https:\/\/www.zunoticia.com\/noticias-de-hidalgo\/wp-content\/uploads\/2023\/04\/eZy-Watermark-25-04-2023-06-40-17-8770p.m.-1024x768.jpg\" alt=\"\" class=\"wp-image-478819\" srcset=\"https:\/\/www.zunoticia.com\/noticias-de-hidalgo\/wp-content\/uploads\/2023\/04\/eZy-Watermark-25-04-2023-06-40-17-8770p.m.-1024x768.jpg 1024w, https:\/\/www.zunoticia.com\/noticias-de-hidalgo\/wp-content\/uploads\/2023\/04\/eZy-Watermark-25-04-2023-06-40-17-8770p.m.-300x225.jpg 300w, https:\/\/www.zunoticia.com\/noticias-de-hidalgo\/wp-content\/uploads\/2023\/04\/eZy-Watermark-25-04-2023-06-40-17-8770p.m.-768x576.jpg 768w, https:\/\/www.zunoticia.com\/noticias-de-hidalgo\/wp-content\/uploads\/2023\/04\/eZy-Watermark-25-04-2023-06-40-17-8770p.m..jpg 1280w\" sizes=\"(max-width: 1024px) 100vw, 1024px\" \/><\/figure>\n\n\n\n<p>Hist\u00f3ricamente la Di\u00f3cesis de Huejutla fue creada con una clara intensi\u00f3n misionera por el Santo Padre P\u00edo XI, mediante la bula &#8220;Inter Negotia&#8221; del 24 de noviembre de 1922, para la atenci\u00f3n de los grupos ind\u00edgenas de la regi\u00f3n huasteca, agregaron.<\/p>\n\n\n\n<p>A pregunta expresa, comentaron que saben que el precitado proyecto se cristalizar\u00e1 con el apoyo del Alcalde, Daniel Andrade Zurutuza, quien se ha congraciado con los habitantes de la poblaci\u00f3n por la atenci\u00f3n otorgada a las celebraciones laicas y religiosas, entre ellas Xantolo y Semana Santa.<\/p>\n\n\n\n<p>Para finalizar, comentaron que tanto la iglesia como el convento, fueron construidas con mano ind\u00edgena bajo la supervisi\u00f3n de los frailes agustinos, entre los a\u00f1os de 1543 y 1544, ambos edificios de estilo plateresco austero.<\/p>\n","protected":false},"excerpt":{"rendered":"<p>Por Salvador Altamirano\/Zunoticia Huejutla, Hgo.- Habitantes de la poblaci\u00f3n, que profesan la religi\u00f3n cat\u00f3lica, manifestaron que tienen conocimiento que se rehabilitar\u00e1 el empedrado de la rampa de acceso a la Iglesia Catedral, y se colocar\u00e1 en la misma una estatua de tres metros de alto con la imagen de Cristo Rey, lo cual consideran loable.&hellip; <a class=\"more-link\" href=\"https:\/\/www.zunoticia.com\/noticias-de-hidalgo\/2023\/04\/25\/colocaran-una-estatua-de-cristo-rey-en-la-rampa-de-acceso-a-la-iglesia-catedral\/\">Seguir leyendo <span class=\"screen-reader-text\">Colocar\u00e1n una estatua de Cristo Rey en la rampa de acceso a la Iglesia Catedral<\/span><\/a><\/p>\n","protected":false},"author":12,"featured_media":478820,"comment_status":"closed","ping_status":"open","sticky":false,"template":"","format":"standard","meta":{"rop_custom_images_group":[],"rop_custom_messages_group":[],"rop_publish_now":"initial","rop_publish_now_accounts":{"facebook_10159540855086992_322828327761733":""},"rop_publish_now_history":[],"rop_publish_now_status":"pending","footnotes":""},"categories":[181],"tags":[121],"class_list":["post-478832","post","type-post","status-publish","format-standard","has-post-thumbnail","hentry","category-huejutla","tag-huejutla","entry"],"_links":{"self":[{"href":"https:\/\/www.zunoticia.com\/noticias-de-hidalgo\/wp-json\/wp\/v2\/posts\/478832","targetHints":{"allow":["GET"]}}],"collection":[{"href":"https:\/\/www.zunoticia.com\/noticias-de-hidalgo\/wp-json\/wp\/v2\/posts"}],"about":[{"href":"https:\/\/www.zunoticia.com\/noticias-de-hidalgo\/wp-json\/wp\/v2\/types\/post"}],"author":[{"embeddable":true,"href":"https:\/\/www.zunoticia.com\/noticias-de-hidalgo\/wp-json\/wp\/v2\/users\/12"}],"replies":[{"embeddable":true,"href":"https:\/\/www.zunoticia.com\/noticias-de-hidalgo\/wp-json\/wp\/v2\/comments?post=478832"}],"version-history":[{"count":1,"href":"https:\/\/www.zunoticia.com\/noticias-de-hidalgo\/wp-json\/wp\/v2\/posts\/478832\/revisions"}],"predecessor-version":[{"id":478835,"href":"https:\/\/www.zunoticia.com\/noticias-de-hidalgo\/wp-json\/wp\/v2\/posts\/478832\/revisions\/478835"}],"wp:featuredmedia":[{"embeddable":true,"href":"https:\/\/www.zunoticia.com\/noticias-de-hidalgo\/wp-json\/wp\/v2\/media\/478820"}],"wp:attachment":[{"href":"https:\/\/www.zunoticia.com\/noticias-de-hidalgo\/wp-json\/wp\/v2\/media?parent=478832"}],"wp:term":[{"taxonomy":"category","embeddable":true,"href":"https:\/\/www.zunoticia.com\/noticias-de-hidalgo\/wp-json\/wp\/v2\/categories?post=478832"},{"taxonomy":"post_tag","embeddable":true,"href":"https:\/\/www.zunoticia.com\/noticias-de-hidalgo\/wp-json\/wp\/v2\/tags?post=478832"}],"curies":[{"name":"wp","href":"https:\/\/api.w.org\/{rel}","templated":true}]}}