{"id":478852,"date":"2023-04-25T21:14:19","date_gmt":"2023-04-26T03:14:19","guid":{"rendered":"https:\/\/www.zunoticia.com\/noticias-de-hidalgo\/?p=478852"},"modified":"2023-04-25T21:14:21","modified_gmt":"2023-04-26T03:14:21","slug":"aperturan-cadena-de-autoservicio","status":"publish","type":"post","link":"https:\/\/www.zunoticia.com\/noticias-de-hidalgo\/2023\/04\/25\/aperturan-cadena-de-autoservicio\/","title":{"rendered":"Aperturan cadena de autoservicio"},"content":{"rendered":"<aside class=\"mashsb-container mashsb-main mashsb-stretched\"><div class=\"mashsb-box\"><div class=\"mashsb-count mash-large\" style=\"float:left\"><div class=\"counts mashsbcount\">3<\/div><span class=\"mashsb-sharetext\">SHARES<\/span><\/div><div class=\"mashsb-buttons\"><a class=\"mashicon-facebook mash-large mash-center mashsb-noshadow\" href=\"https:\/\/www.facebook.com\/sharer.php?u=https%3A%2F%2Fwww.zunoticia.com%2Fnoticias-de-hidalgo%2F2023%2F04%2F25%2Faperturan-cadena-de-autoservicio%2F\" target=\"_top\" rel=\"nofollow\"><span class=\"icon\"><\/span><span class=\"text\">Share<\/span><\/a><a class=\"mashicon-twitter mash-large mash-center mashsb-noshadow\" href=\"https:\/\/twitter.com\/intent\/tweet?text=&amp;url=https:\/\/www.zunoticia.com\/noticias-de-hidalgo\/2023\/04\/25\/aperturan-cadena-de-autoservicio\/\" target=\"_top\" rel=\"nofollow\"><span class=\"icon\"><\/span><span class=\"text\">Tweet<\/span><\/a><div class=\"onoffswitch2 mash-large mashsb-noshadow\" style=\"display:none\"><\/div><\/div>\n            <\/div>\n                <div style=\"clear:both\"><\/div><div class=\"mashsb-toggle-container\"><\/div><\/aside>\n            <!-- Share buttons by mashshare.net - Version: 4.0.47-->\n<p><em>Por Redacci\u00f3n\/Zunoticia<\/em><strong><\/strong><\/p>\n\n\n\n<p><strong>Mineral de la Reforma, Hgo.-<\/strong> Carlos Henkel Escorza, titular de la Secretar\u00eda de Desarrollo Econ\u00f3mico (Sedeco), en representaci\u00f3n del gobernador Julio Menchaca, fue testigo de la apertura de conocida cadena de autoservicio en el municipio de Mineral de la Reforma; ah\u00ed, se dijo que gracias a la gesti\u00f3n econ\u00f3mica, trabajo colaborativo de los tres \u00f3rdenes de gobierno, hoy se cuenta con esta importante nueva fuente de empleo para la zona metropolitana.<\/p>\n\n\n\n<figure class=\"wp-block-image size-large\"><img fetchpriority=\"high\" decoding=\"async\" width=\"1024\" height=\"576\" src=\"https:\/\/www.zunoticia.com\/noticias-de-hidalgo\/wp-content\/uploads\/2023\/04\/eZy-Watermark-25-04-2023-09-05-33-4690p.m.-1024x576.jpg\" alt=\"\" class=\"wp-image-478854\" srcset=\"https:\/\/www.zunoticia.com\/noticias-de-hidalgo\/wp-content\/uploads\/2023\/04\/eZy-Watermark-25-04-2023-09-05-33-4690p.m.-1024x576.jpg 1024w, https:\/\/www.zunoticia.com\/noticias-de-hidalgo\/wp-content\/uploads\/2023\/04\/eZy-Watermark-25-04-2023-09-05-33-4690p.m.-300x169.jpg 300w, https:\/\/www.zunoticia.com\/noticias-de-hidalgo\/wp-content\/uploads\/2023\/04\/eZy-Watermark-25-04-2023-09-05-33-4690p.m.-768x432.jpg 768w, https:\/\/www.zunoticia.com\/noticias-de-hidalgo\/wp-content\/uploads\/2023\/04\/eZy-Watermark-25-04-2023-09-05-33-4690p.m..jpg 1280w\" sizes=\"(max-width: 1024px) 100vw, 1024px\" \/><\/figure>\n\n\n\n<p>\u201cHidalgo tiene las puertas abiertas porque brinda a los inversionistas ventajas competitivas, certeza jur\u00eddica, seguridad y crecimiento para seguir generando m\u00e1s y mejores oportunidades\u201d, puntualiz\u00f3.<\/p>\n","protected":false},"excerpt":{"rendered":"<p>Por Redacci\u00f3n\/Zunoticia Mineral de la Reforma, Hgo.- Carlos Henkel Escorza, titular de la Secretar\u00eda de Desarrollo Econ\u00f3mico (Sedeco), en representaci\u00f3n del gobernador Julio Menchaca, fue testigo de la apertura de conocida cadena de autoservicio en el municipio de Mineral de la Reforma; ah\u00ed, se dijo que gracias a la gesti\u00f3n econ\u00f3mica, trabajo colaborativo de los&hellip; <a class=\"more-link\" href=\"https:\/\/www.zunoticia.com\/noticias-de-hidalgo\/2023\/04\/25\/aperturan-cadena-de-autoservicio\/\">Seguir leyendo <span class=\"screen-reader-text\">Aperturan cadena de autoservicio<\/span><\/a><\/p>\n","protected":false},"author":12,"featured_media":478855,"comment_status":"closed","ping_status":"open","sticky":false,"template":"","format":"standard","meta":{"rop_custom_images_group":[],"rop_custom_messages_group":[],"rop_publish_now":"initial","rop_publish_now_accounts":{"facebook_10159540855086992_322828327761733":""},"rop_publish_now_history":[],"rop_publish_now_status":"pending","footnotes":""},"categories":[208],"tags":[214],"class_list":["post-478852","post","type-post","status-publish","format-standard","has-post-thumbnail","hentry","category-estado","tag-estado","entry"],"_links":{"self":[{"href":"https:\/\/www.zunoticia.com\/noticias-de-hidalgo\/wp-json\/wp\/v2\/posts\/478852","targetHints":{"allow":["GET"]}}],"collection":[{"href":"https:\/\/www.zunoticia.com\/noticias-de-hidalgo\/wp-json\/wp\/v2\/posts"}],"about":[{"href":"https:\/\/www.zunoticia.com\/noticias-de-hidalgo\/wp-json\/wp\/v2\/types\/post"}],"author":[{"embeddable":true,"href":"https:\/\/www.zunoticia.com\/noticias-de-hidalgo\/wp-json\/wp\/v2\/users\/12"}],"replies":[{"embeddable":true,"href":"https:\/\/www.zunoticia.com\/noticias-de-hidalgo\/wp-json\/wp\/v2\/comments?post=478852"}],"version-history":[{"count":1,"href":"https:\/\/www.zunoticia.com\/noticias-de-hidalgo\/wp-json\/wp\/v2\/posts\/478852\/revisions"}],"predecessor-version":[{"id":478858,"href":"https:\/\/www.zunoticia.com\/noticias-de-hidalgo\/wp-json\/wp\/v2\/posts\/478852\/revisions\/478858"}],"wp:featuredmedia":[{"embeddable":true,"href":"https:\/\/www.zunoticia.com\/noticias-de-hidalgo\/wp-json\/wp\/v2\/media\/478855"}],"wp:attachment":[{"href":"https:\/\/www.zunoticia.com\/noticias-de-hidalgo\/wp-json\/wp\/v2\/media?parent=478852"}],"wp:term":[{"taxonomy":"category","embeddable":true,"href":"https:\/\/www.zunoticia.com\/noticias-de-hidalgo\/wp-json\/wp\/v2\/categories?post=478852"},{"taxonomy":"post_tag","embeddable":true,"href":"https:\/\/www.zunoticia.com\/noticias-de-hidalgo\/wp-json\/wp\/v2\/tags?post=478852"}],"curies":[{"name":"wp","href":"https:\/\/api.w.org\/{rel}","templated":true}]}}