{"id":478879,"date":"2023-04-25T22:20:22","date_gmt":"2023-04-26T04:20:22","guid":{"rendered":"https:\/\/www.zunoticia.com\/noticias-de-hidalgo\/?p=478879"},"modified":"2023-04-25T22:20:23","modified_gmt":"2023-04-26T04:20:23","slug":"menchaca-participa-en-inauguracion-de-aula-audiovisual-en-congreso","status":"publish","type":"post","link":"https:\/\/www.zunoticia.com\/noticias-de-hidalgo\/2023\/04\/25\/menchaca-participa-en-inauguracion-de-aula-audiovisual-en-congreso\/","title":{"rendered":"Menchaca participa en inauguraci\u00f3n de aula audiovisual en Congreso <strong><\/strong>"},"content":{"rendered":"<aside class=\"mashsb-container mashsb-main mashsb-stretched\"><div class=\"mashsb-box\"><div class=\"mashsb-count mash-large\" style=\"float:left\"><div class=\"counts mashsbcount\">10<\/div><span class=\"mashsb-sharetext\">SHARES<\/span><\/div><div class=\"mashsb-buttons\"><a class=\"mashicon-facebook mash-large mash-center mashsb-noshadow\" href=\"https:\/\/www.facebook.com\/sharer.php?u=https%3A%2F%2Fwww.zunoticia.com%2Fnoticias-de-hidalgo%2F2023%2F04%2F25%2Fmenchaca-participa-en-inauguracion-de-aula-audiovisual-en-congreso%2F\" target=\"_top\" rel=\"nofollow\"><span class=\"icon\"><\/span><span class=\"text\">Share<\/span><\/a><a class=\"mashicon-twitter mash-large mash-center mashsb-noshadow\" href=\"https:\/\/twitter.com\/intent\/tweet?text=&amp;url=https:\/\/www.zunoticia.com\/noticias-de-hidalgo\/2023\/04\/25\/menchaca-participa-en-inauguracion-de-aula-audiovisual-en-congreso\/\" target=\"_top\" rel=\"nofollow\"><span class=\"icon\"><\/span><span class=\"text\">Tweet<\/span><\/a><div class=\"onoffswitch2 mash-large mashsb-noshadow\" style=\"display:none\"><\/div><\/div>\n            <\/div>\n                <div style=\"clear:both\"><\/div><div class=\"mashsb-toggle-container\"><\/div><\/aside>\n            <!-- Share buttons by mashshare.net - Version: 4.0.47-->\n<p><a><em>Por Redacci\u00f3n\/Zunoticia<\/em><\/a><em>&nbsp;<\/em><\/p>\n\n\n\n<p><strong>Pachuca, Hgo.-<\/strong> El gobernador Julio Menchaca Salazar, durante su reciente visita a las instalaciones del Congreso Libre y Soberano del Estado de Hidalgo, particip\u00f3 en la inauguraci\u00f3n de un comedor, un almac\u00e9n y el aula audiovisual \u201cOlga Trevethan Cravioto\u201d, as\u00ed como de las obras de remodelaci\u00f3n en la Sala Constituyentes, jardines y \u00e1reas comunes del recinto legislativo. Al finalizar el recorrido, el mandatario record\u00f3 que su administraci\u00f3n seguir\u00e1 trabajando de manera coordinada con los dem\u00e1s poderes con estricto apego a los principios de imparcialidad y respeto en su actuar.<\/p>\n","protected":false},"excerpt":{"rendered":"<p>Por Redacci\u00f3n\/Zunoticia&nbsp; Pachuca, Hgo.- El gobernador Julio Menchaca Salazar, durante su reciente visita a las instalaciones del Congreso Libre y Soberano del Estado de Hidalgo, particip\u00f3 en la inauguraci\u00f3n de un comedor, un almac\u00e9n y el aula audiovisual \u201cOlga Trevethan Cravioto\u201d, as\u00ed como de las obras de remodelaci\u00f3n en la Sala Constituyentes, jardines y \u00e1reas&hellip; <a class=\"more-link\" href=\"https:\/\/www.zunoticia.com\/noticias-de-hidalgo\/2023\/04\/25\/menchaca-participa-en-inauguracion-de-aula-audiovisual-en-congreso\/\">Seguir leyendo <span class=\"screen-reader-text\">Menchaca participa en inauguraci\u00f3n de aula audiovisual en Congreso <strong><\/strong><\/span><\/a><\/p>\n","protected":false},"author":12,"featured_media":478886,"comment_status":"closed","ping_status":"open","sticky":false,"template":"","format":"standard","meta":{"rop_custom_images_group":[],"rop_custom_messages_group":[],"rop_publish_now":"initial","rop_publish_now_accounts":{"facebook_10159540855086992_322828327761733":""},"rop_publish_now_history":[],"rop_publish_now_status":"pending","footnotes":""},"categories":[208],"tags":[214],"class_list":["post-478879","post","type-post","status-publish","format-standard","has-post-thumbnail","hentry","category-estado","tag-estado","entry"],"_links":{"self":[{"href":"https:\/\/www.zunoticia.com\/noticias-de-hidalgo\/wp-json\/wp\/v2\/posts\/478879","targetHints":{"allow":["GET"]}}],"collection":[{"href":"https:\/\/www.zunoticia.com\/noticias-de-hidalgo\/wp-json\/wp\/v2\/posts"}],"about":[{"href":"https:\/\/www.zunoticia.com\/noticias-de-hidalgo\/wp-json\/wp\/v2\/types\/post"}],"author":[{"embeddable":true,"href":"https:\/\/www.zunoticia.com\/noticias-de-hidalgo\/wp-json\/wp\/v2\/users\/12"}],"replies":[{"embeddable":true,"href":"https:\/\/www.zunoticia.com\/noticias-de-hidalgo\/wp-json\/wp\/v2\/comments?post=478879"}],"version-history":[{"count":1,"href":"https:\/\/www.zunoticia.com\/noticias-de-hidalgo\/wp-json\/wp\/v2\/posts\/478879\/revisions"}],"predecessor-version":[{"id":478888,"href":"https:\/\/www.zunoticia.com\/noticias-de-hidalgo\/wp-json\/wp\/v2\/posts\/478879\/revisions\/478888"}],"wp:featuredmedia":[{"embeddable":true,"href":"https:\/\/www.zunoticia.com\/noticias-de-hidalgo\/wp-json\/wp\/v2\/media\/478886"}],"wp:attachment":[{"href":"https:\/\/www.zunoticia.com\/noticias-de-hidalgo\/wp-json\/wp\/v2\/media?parent=478879"}],"wp:term":[{"taxonomy":"category","embeddable":true,"href":"https:\/\/www.zunoticia.com\/noticias-de-hidalgo\/wp-json\/wp\/v2\/categories?post=478879"},{"taxonomy":"post_tag","embeddable":true,"href":"https:\/\/www.zunoticia.com\/noticias-de-hidalgo\/wp-json\/wp\/v2\/tags?post=478879"}],"curies":[{"name":"wp","href":"https:\/\/api.w.org\/{rel}","templated":true}]}}