{"id":478880,"date":"2023-04-25T22:19:44","date_gmt":"2023-04-26T04:19:44","guid":{"rendered":"https:\/\/www.zunoticia.com\/noticias-de-hidalgo\/?p=478880"},"modified":"2023-04-25T22:19:45","modified_gmt":"2023-04-26T04:19:45","slug":"promueven-candidatura-de-pena-del-aire-como-primer-parque-internacional-de-cielo-oscuro","status":"publish","type":"post","link":"https:\/\/www.zunoticia.com\/noticias-de-hidalgo\/2023\/04\/25\/promueven-candidatura-de-pena-del-aire-como-primer-parque-internacional-de-cielo-oscuro\/","title":{"rendered":"Promueven candidatura de Pe\u00f1a del Aire como primer Parque Internacional de Cielo Oscuro"},"content":{"rendered":"<aside class=\"mashsb-container mashsb-main mashsb-stretched\"><div class=\"mashsb-box\"><div class=\"mashsb-count mash-large\" style=\"float:left\"><div class=\"counts mashsbcount\">21<\/div><span class=\"mashsb-sharetext\">SHARES<\/span><\/div><div class=\"mashsb-buttons\"><a class=\"mashicon-facebook mash-large mash-center mashsb-noshadow\" href=\"https:\/\/www.facebook.com\/sharer.php?u=https%3A%2F%2Fwww.zunoticia.com%2Fnoticias-de-hidalgo%2F2023%2F04%2F25%2Fpromueven-candidatura-de-pena-del-aire-como-primer-parque-internacional-de-cielo-oscuro%2F\" target=\"_top\" rel=\"nofollow\"><span class=\"icon\"><\/span><span class=\"text\">Share<\/span><\/a><a class=\"mashicon-twitter mash-large mash-center mashsb-noshadow\" href=\"https:\/\/twitter.com\/intent\/tweet?text=&amp;url=https:\/\/www.zunoticia.com\/noticias-de-hidalgo\/2023\/04\/25\/promueven-candidatura-de-pena-del-aire-como-primer-parque-internacional-de-cielo-oscuro\/\" target=\"_top\" rel=\"nofollow\"><span class=\"icon\"><\/span><span class=\"text\">Tweet<\/span><\/a><div class=\"onoffswitch2 mash-large mashsb-noshadow\" style=\"display:none\"><\/div><\/div>\n            <\/div>\n                <div style=\"clear:both\"><\/div><div class=\"mashsb-toggle-container\"><\/div><\/aside>\n            <!-- Share buttons by mashshare.net - Version: 4.0.47-->\n<ul class=\"wp-block-list\">\n<li>Actualmente se llevan a cabo estudios para comprobar que el cielo nocturno de esta zona realmente tenga la calidad num\u00e9rica adecuada.<\/li>\n\n\n\n<li>Este es el \u00fanico lugar en M\u00e9xico con una doble designaci\u00f3n internacional, y de lograr esta nueva acreditaci\u00f3n, se posicionar\u00eda como un lugar \u00fanico en el mundo.<\/li>\n<\/ul>\n\n\n\n<p><a><em>Por Redacci\u00f3n\/Zunoticia<\/em><\/a><em>&nbsp;<\/em><\/p>\n\n\n\n<p><strong>Pachuca, Hgo.-<\/strong> Tras la declaratoria que compromete a la entidad a formar parte de las actividades en el marco de la Semana Internacional del Cielo Oscuro, el gobierno que encabeza Julio Menchaca Salazar, ahora propone a Pe\u00f1a del Aire como candidato a convertirse en el primer Parque Internacional de Cielo Oscuro en M\u00e9xico.<\/p>\n\n\n\n<p>Con el objetivo de aprovechar las condiciones geogr\u00e1ficas de este espacio natural ubicado en la comunidad de San Sebasti\u00e1n, municipio de Huasca de Ocampo; as\u00ed como el de promover la mitigaci\u00f3n de la contaminaci\u00f3n lum\u00ednica en Hidalgo, \u00e9sta categor\u00eda est\u00e1 enfocada en la proyecci\u00f3n de zonas rurales en las que la comunidad asume un papel fundamental para combatir la contaminaci\u00f3n lum\u00ednica y promover la investigaci\u00f3n cient\u00edfica, as\u00ed como el astroturismo.<\/p>\n\n\n\n<figure class=\"wp-block-image size-large\"><img fetchpriority=\"high\" decoding=\"async\" width=\"1024\" height=\"682\" src=\"https:\/\/www.zunoticia.com\/noticias-de-hidalgo\/wp-content\/uploads\/2023\/04\/eZy-Watermark-25-04-2023-09-57-23-7850p.m.-1024x682.jpg\" alt=\"\" class=\"wp-image-478881\" srcset=\"https:\/\/www.zunoticia.com\/noticias-de-hidalgo\/wp-content\/uploads\/2023\/04\/eZy-Watermark-25-04-2023-09-57-23-7850p.m.-1024x682.jpg 1024w, https:\/\/www.zunoticia.com\/noticias-de-hidalgo\/wp-content\/uploads\/2023\/04\/eZy-Watermark-25-04-2023-09-57-23-7850p.m.-300x200.jpg 300w, https:\/\/www.zunoticia.com\/noticias-de-hidalgo\/wp-content\/uploads\/2023\/04\/eZy-Watermark-25-04-2023-09-57-23-7850p.m.-768x512.jpg 768w, https:\/\/www.zunoticia.com\/noticias-de-hidalgo\/wp-content\/uploads\/2023\/04\/eZy-Watermark-25-04-2023-09-57-23-7850p.m..jpg 1280w\" sizes=\"(max-width: 1024px) 100vw, 1024px\" \/><\/figure>\n\n\n\n<p>Al respecto, el investigador y secretario acad\u00e9mico de la Escuela Nacional de Ciencias de la Tierra de la Universidad Nacional Aut\u00f3noma de M\u00e9xico (UNAM), Carles Canet Miquel, se mostr\u00f3 optimista ante el compromiso del gobierno estatal para impulsar el \u00e9xito de esta candidatura y se pronunci\u00f3 a favor de que \u201ceste tipo de proyectos se multipliquen y pueda haber no solo en Pe\u00f1a del Aire, sino otros espacios en m\u00e1s municipios y ejidos del estado de Hidalgo o de otras partes de la Rep\u00fablica\u201d.<\/p>\n\n\n\n<p>En ese sentido, Canet Miquel mencion\u00f3 que en el proceso de candidatura, ya se han realizado algunos avances en materia de difusi\u00f3n y promoci\u00f3n, tales como capacitaciones por parte de especialistas de la UNAM para que las y los pobladores del ejido de San Sebasti\u00e1n puedan ofertar paquetes de modelos tur\u00edsticos sobre actividades nocturnas, tales como caminatas por senderos, vigilancia de fauna en la noche, lectura de leyendas y &nbsp;observaci\u00f3n astron\u00f3mica a trav\u00e9s de telescopios donados por el gobierno estatal, entre otros servicios.<\/p>\n\n\n\n<p>Tambi\u00e9n explic\u00f3 que, actualmente se llevan a cabo mediciones con aparatos especializados para comprobar que realmente el cielo nocturno de esta zona tenga la calidad num\u00e9rica adecuada, seg\u00fan una escala espec\u00edfica, para cumplir con la candidatura, lo cual se ve favorecido debido a sus caracter\u00edsticas geogr\u00e1ficas y sociales.<\/p>\n\n\n\n<figure class=\"wp-block-image size-large\"><img decoding=\"async\" width=\"1024\" height=\"682\" src=\"https:\/\/www.zunoticia.com\/noticias-de-hidalgo\/wp-content\/uploads\/2023\/04\/eZy-Watermark-25-04-2023-09-57-10-4560p.m.-1024x682.jpg\" alt=\"\" class=\"wp-image-478882\" srcset=\"https:\/\/www.zunoticia.com\/noticias-de-hidalgo\/wp-content\/uploads\/2023\/04\/eZy-Watermark-25-04-2023-09-57-10-4560p.m.-1024x682.jpg 1024w, https:\/\/www.zunoticia.com\/noticias-de-hidalgo\/wp-content\/uploads\/2023\/04\/eZy-Watermark-25-04-2023-09-57-10-4560p.m.-300x200.jpg 300w, https:\/\/www.zunoticia.com\/noticias-de-hidalgo\/wp-content\/uploads\/2023\/04\/eZy-Watermark-25-04-2023-09-57-10-4560p.m.-768x512.jpg 768w, https:\/\/www.zunoticia.com\/noticias-de-hidalgo\/wp-content\/uploads\/2023\/04\/eZy-Watermark-25-04-2023-09-57-10-4560p.m..jpg 1280w\" sizes=\"(max-width: 1024px) 100vw, 1024px\" \/><\/figure>\n\n\n\n<p>Pe\u00f1a del Aire se encuentra a la orilla de la Reserva de la Biosfera de la Barranca de Metztitl\u00e1n, denominada como parte de la Red Mundial de Reservas de la Biosfera por parte de la Organizaci\u00f3n de las Naciones Unidas para la Educaci\u00f3n, la Ciencia y la Cultura (Unesco) desde 2006. Adem\u00e1s, forma parte del Geoparque Mundial Comarca Minera desde 2017, convirti\u00e9ndose as\u00ed en el \u00fanico lugar del pa\u00eds con una doble designaci\u00f3n internacional; y de lograr una nueva acreditaci\u00f3n como el primer Parque Internacional de Cielo Oscuro, se posicionar\u00eda como un lugar \u00fanico en el mundo.<\/p>\n\n\n\n<p>Por ello, el gobierno de Hidalgo impulsa el desarrollo de buenas pr\u00e1cticas para obtener este sello de calidad que ofrezca al turismo local, nacional e internacional un espacio con cielos oscuros de calidad, un ecosistema preservado, noches iluminadas naturalmente y una variedad de experiencias y conocimientos regionales que brinden una experiencia \u00fanica en su tipo.<\/p>\n","protected":false},"excerpt":{"rendered":"<p>Por Redacci\u00f3n\/Zunoticia&nbsp; Pachuca, Hgo.- Tras la declaratoria que compromete a la entidad a formar parte de las actividades en el marco de la Semana Internacional del Cielo Oscuro, el gobierno que encabeza Julio Menchaca Salazar, ahora propone a Pe\u00f1a del Aire como candidato a convertirse en el primer Parque Internacional de Cielo Oscuro en M\u00e9xico.&hellip; <a class=\"more-link\" href=\"https:\/\/www.zunoticia.com\/noticias-de-hidalgo\/2023\/04\/25\/promueven-candidatura-de-pena-del-aire-como-primer-parque-internacional-de-cielo-oscuro\/\">Seguir leyendo <span class=\"screen-reader-text\">Promueven candidatura de Pe\u00f1a del Aire como primer Parque Internacional de Cielo Oscuro<\/span><\/a><\/p>\n","protected":false},"author":12,"featured_media":478883,"comment_status":"closed","ping_status":"open","sticky":false,"template":"","format":"standard","meta":{"rop_custom_images_group":[],"rop_custom_messages_group":[],"rop_publish_now":"initial","rop_publish_now_accounts":{"facebook_10159540855086992_322828327761733":""},"rop_publish_now_history":[],"rop_publish_now_status":"pending","footnotes":""},"categories":[208],"tags":[214],"class_list":["post-478880","post","type-post","status-publish","format-standard","has-post-thumbnail","hentry","category-estado","tag-estado","entry"],"_links":{"self":[{"href":"https:\/\/www.zunoticia.com\/noticias-de-hidalgo\/wp-json\/wp\/v2\/posts\/478880","targetHints":{"allow":["GET"]}}],"collection":[{"href":"https:\/\/www.zunoticia.com\/noticias-de-hidalgo\/wp-json\/wp\/v2\/posts"}],"about":[{"href":"https:\/\/www.zunoticia.com\/noticias-de-hidalgo\/wp-json\/wp\/v2\/types\/post"}],"author":[{"embeddable":true,"href":"https:\/\/www.zunoticia.com\/noticias-de-hidalgo\/wp-json\/wp\/v2\/users\/12"}],"replies":[{"embeddable":true,"href":"https:\/\/www.zunoticia.com\/noticias-de-hidalgo\/wp-json\/wp\/v2\/comments?post=478880"}],"version-history":[{"count":1,"href":"https:\/\/www.zunoticia.com\/noticias-de-hidalgo\/wp-json\/wp\/v2\/posts\/478880\/revisions"}],"predecessor-version":[{"id":478887,"href":"https:\/\/www.zunoticia.com\/noticias-de-hidalgo\/wp-json\/wp\/v2\/posts\/478880\/revisions\/478887"}],"wp:featuredmedia":[{"embeddable":true,"href":"https:\/\/www.zunoticia.com\/noticias-de-hidalgo\/wp-json\/wp\/v2\/media\/478883"}],"wp:attachment":[{"href":"https:\/\/www.zunoticia.com\/noticias-de-hidalgo\/wp-json\/wp\/v2\/media?parent=478880"}],"wp:term":[{"taxonomy":"category","embeddable":true,"href":"https:\/\/www.zunoticia.com\/noticias-de-hidalgo\/wp-json\/wp\/v2\/categories?post=478880"},{"taxonomy":"post_tag","embeddable":true,"href":"https:\/\/www.zunoticia.com\/noticias-de-hidalgo\/wp-json\/wp\/v2\/tags?post=478880"}],"curies":[{"name":"wp","href":"https:\/\/api.w.org\/{rel}","templated":true}]}}