{"id":478889,"date":"2023-04-25T22:24:33","date_gmt":"2023-04-26T04:24:33","guid":{"rendered":"https:\/\/www.zunoticia.com\/noticias-de-hidalgo\/?p=478889"},"modified":"2023-04-25T22:24:34","modified_gmt":"2023-04-26T04:24:34","slug":"son-las-y-los-jovenes-la-esperanza-de-hidalgo-recalca-julio-menchaca","status":"publish","type":"post","link":"https:\/\/www.zunoticia.com\/noticias-de-hidalgo\/2023\/04\/25\/son-las-y-los-jovenes-la-esperanza-de-hidalgo-recalca-julio-menchaca\/","title":{"rendered":"Son las y los j\u00f3venes la esperanza de Hidalgo, recalca Julio Menchaca"},"content":{"rendered":"<aside class=\"mashsb-container mashsb-main mashsb-stretched\"><div class=\"mashsb-box\"><div class=\"mashsb-count mash-large\" style=\"float:left\"><div class=\"counts mashsbcount\">8<\/div><span class=\"mashsb-sharetext\">SHARES<\/span><\/div><div class=\"mashsb-buttons\"><a class=\"mashicon-facebook mash-large mash-center mashsb-noshadow\" href=\"https:\/\/www.facebook.com\/sharer.php?u=https%3A%2F%2Fwww.zunoticia.com%2Fnoticias-de-hidalgo%2F2023%2F04%2F25%2Fson-las-y-los-jovenes-la-esperanza-de-hidalgo-recalca-julio-menchaca%2F\" target=\"_top\" rel=\"nofollow\"><span class=\"icon\"><\/span><span class=\"text\">Share<\/span><\/a><a class=\"mashicon-twitter mash-large mash-center mashsb-noshadow\" href=\"https:\/\/twitter.com\/intent\/tweet?text=&amp;url=https:\/\/www.zunoticia.com\/noticias-de-hidalgo\/2023\/04\/25\/son-las-y-los-jovenes-la-esperanza-de-hidalgo-recalca-julio-menchaca\/\" target=\"_top\" rel=\"nofollow\"><span class=\"icon\"><\/span><span class=\"text\">Tweet<\/span><\/a><div class=\"onoffswitch2 mash-large mashsb-noshadow\" style=\"display:none\"><\/div><\/div>\n            <\/div>\n                <div style=\"clear:both\"><\/div><div class=\"mashsb-toggle-container\"><\/div><\/aside>\n            <!-- Share buttons by mashshare.net - Version: 4.0.47-->\n<ul class=\"wp-block-list\">\n<li>El gobernador felicit\u00f3 el esfuerzo, compromiso y entusiasmo de las y los legisladores juveniles.<\/li>\n<\/ul>\n\n\n\n<p><a><em>Por Redacci\u00f3n\/Zunoticia<\/em><\/a><em>&nbsp;<\/em><\/p>\n\n\n\n<p><strong>Pachuca, Hgo.-<\/strong> \u201cEstoy convencido de que ustedes son la esperanza\u201d, declar\u00f3 el mandatario estatal, Julio Menchaca Salazar, durante una convivencia e intercambio de ideas con las y los integrantes del Primer Congreso Juvenil Hidalgo 2023, organizado por el Congreso Local, en coordinaci\u00f3n con instituciones de educaci\u00f3n p\u00fablica en la entidad.&nbsp;<\/p>\n\n\n\n<p>Record\u00f3 que a lo largo de su vida y carrera se ha rodeado de personas defensoras de derechos humanos, por lo que invit\u00f3 a las y los parlamentarios juveniles a dejar el discurso y actuar en beneficio de la comunidad: \u201cEn ustedes est\u00e1 gran parte del compromiso de que se escuche su voz y \u00e9sta signifique un cambio real\u201d.<\/p>\n\n\n\n<p>A\u00f1adi\u00f3 que la entidad requiere de verdaderos l\u00edderes que est\u00e9n dispuestos a trabajar todos los d\u00edas para enfrentar los retos venideros: \u201cPrep\u00e1rense y defiendan su punto de vista, en el Gobierno de Hidalgo tienen a un aliado que se esfuerza para dar resultados\u201d.<\/p>\n\n\n\n<p>Natividad Castrej\u00f3n Valdez, secretario de Educaci\u00f3n P\u00fablica de Hidalgo, destac\u00f3 que conocer la voz de las y los adolescentes permite estar al tanto de la visi\u00f3n que tienen las juventudes en el corto y mediano plazo, por lo que reconoci\u00f3 su iniciativa de participar en este tipo de ejercicios: \u201cLa realizaci\u00f3n de la cultura c\u00edvica que implica este Primer Congreso Juvenil nos facilita evaluar de cerca la perspectiva de las juventudes, pues sin duda habremos de lograr la transformaci\u00f3n que se ha planteado\u201d.&nbsp;<\/p>\n\n\n\n<p>Fue Perla Aguilar Orta, legisladora juvenil proveniente de Tula, quien expres\u00f3 la emoci\u00f3n que sus compa\u00f1eras y compa\u00f1eras tienen al momento de participar en estas actividades: \u201cNo somos una generaci\u00f3n de cristal, somos la generaci\u00f3n que alza la voz y propone cambios para transformar a la sociedad; celebramos que se nos d\u00e9 la oportunidad de que nuestras expresiones puedan ser escuchadas\u201d.<\/p>\n\n\n\n<p>La representante del Distrito V con cabecera en Ixmiquilpan, Jazm\u00edn Quinterio, resalt\u00f3 que las juventudes tienen la capacidad de realizar grandes cosas, sobre todo aquellas que provienen de comunidades o pueblos ind\u00edgenas: \u201cLa educaci\u00f3n es fundamental, porque nos ayuda a crecer como personas. Provengo de una escuela multigrado, pero eso no es impedimento para alcanzar nuestros sue\u00f1os\u201d.<\/p>\n\n\n\n<p>En esta nutrida ronda de participaciones, Kenia Calva Flores subray\u00f3 que este Congreso Juvenil les abre las puertas a nuevas posibilidades, pues, explic\u00f3, sus propuestas pueden ser escuchadas por primera vez en la historia, opini\u00f3n compartida por Yoalith P\u00e9rez Rivera, al expresar que durante muchos a\u00f1os el pensamiento adultocentrista les cort\u00f3 su libertad de expresi\u00f3n.<\/p>\n\n\n\n<p>Al finalizar, el gobernador felicit\u00f3 al Congreso Local por llevar a cabo estas tareas, pues destac\u00f3 que es motivo de orgullo para las familias, que sus hijas e hijos planteen propuestas para mejorar su entorno.<\/p>\n","protected":false},"excerpt":{"rendered":"<p>Por Redacci\u00f3n\/Zunoticia&nbsp; Pachuca, Hgo.- \u201cEstoy convencido de que ustedes son la esperanza\u201d, declar\u00f3 el mandatario estatal, Julio Menchaca Salazar, durante una convivencia e intercambio de ideas con las y los integrantes del Primer Congreso Juvenil Hidalgo 2023, organizado por el Congreso Local, en coordinaci\u00f3n con instituciones de educaci\u00f3n p\u00fablica en la entidad.&nbsp; Record\u00f3 que a&hellip; <a class=\"more-link\" href=\"https:\/\/www.zunoticia.com\/noticias-de-hidalgo\/2023\/04\/25\/son-las-y-los-jovenes-la-esperanza-de-hidalgo-recalca-julio-menchaca\/\">Seguir leyendo <span class=\"screen-reader-text\">Son las y los j\u00f3venes la esperanza de Hidalgo, recalca Julio Menchaca<\/span><\/a><\/p>\n","protected":false},"author":12,"featured_media":478892,"comment_status":"closed","ping_status":"open","sticky":false,"template":"","format":"standard","meta":{"rop_custom_images_group":[],"rop_custom_messages_group":[],"rop_publish_now":"initial","rop_publish_now_accounts":{"facebook_10159540855086992_322828327761733":""},"rop_publish_now_history":[],"rop_publish_now_status":"pending","footnotes":""},"categories":[208],"tags":[214],"class_list":["post-478889","post","type-post","status-publish","format-standard","has-post-thumbnail","hentry","category-estado","tag-estado","entry"],"_links":{"self":[{"href":"https:\/\/www.zunoticia.com\/noticias-de-hidalgo\/wp-json\/wp\/v2\/posts\/478889","targetHints":{"allow":["GET"]}}],"collection":[{"href":"https:\/\/www.zunoticia.com\/noticias-de-hidalgo\/wp-json\/wp\/v2\/posts"}],"about":[{"href":"https:\/\/www.zunoticia.com\/noticias-de-hidalgo\/wp-json\/wp\/v2\/types\/post"}],"author":[{"embeddable":true,"href":"https:\/\/www.zunoticia.com\/noticias-de-hidalgo\/wp-json\/wp\/v2\/users\/12"}],"replies":[{"embeddable":true,"href":"https:\/\/www.zunoticia.com\/noticias-de-hidalgo\/wp-json\/wp\/v2\/comments?post=478889"}],"version-history":[{"count":1,"href":"https:\/\/www.zunoticia.com\/noticias-de-hidalgo\/wp-json\/wp\/v2\/posts\/478889\/revisions"}],"predecessor-version":[{"id":478893,"href":"https:\/\/www.zunoticia.com\/noticias-de-hidalgo\/wp-json\/wp\/v2\/posts\/478889\/revisions\/478893"}],"wp:featuredmedia":[{"embeddable":true,"href":"https:\/\/www.zunoticia.com\/noticias-de-hidalgo\/wp-json\/wp\/v2\/media\/478892"}],"wp:attachment":[{"href":"https:\/\/www.zunoticia.com\/noticias-de-hidalgo\/wp-json\/wp\/v2\/media?parent=478889"}],"wp:term":[{"taxonomy":"category","embeddable":true,"href":"https:\/\/www.zunoticia.com\/noticias-de-hidalgo\/wp-json\/wp\/v2\/categories?post=478889"},{"taxonomy":"post_tag","embeddable":true,"href":"https:\/\/www.zunoticia.com\/noticias-de-hidalgo\/wp-json\/wp\/v2\/tags?post=478889"}],"curies":[{"name":"wp","href":"https:\/\/api.w.org\/{rel}","templated":true}]}}