{"id":478890,"date":"2023-04-25T22:23:33","date_gmt":"2023-04-26T04:23:33","guid":{"rendered":"https:\/\/www.zunoticia.com\/noticias-de-hidalgo\/?p=478890"},"modified":"2023-04-25T22:23:34","modified_gmt":"2023-04-26T04:23:34","slug":"altura-de-miras-y-respeto-entre-poderes-claves-para-la-transformacion-de-hidalgo-jms","status":"publish","type":"post","link":"https:\/\/www.zunoticia.com\/noticias-de-hidalgo\/2023\/04\/25\/altura-de-miras-y-respeto-entre-poderes-claves-para-la-transformacion-de-hidalgo-jms\/","title":{"rendered":"Altura de miras y respeto entre poderes, claves para la transformaci\u00f3n de Hidalgo: JMS"},"content":{"rendered":"<aside class=\"mashsb-container mashsb-main mashsb-stretched\"><div class=\"mashsb-box\"><div class=\"mashsb-count mash-large\" style=\"float:left\"><div class=\"counts mashsbcount\">33<\/div><span class=\"mashsb-sharetext\">SHARES<\/span><\/div><div class=\"mashsb-buttons\"><a class=\"mashicon-facebook mash-large mash-center mashsb-noshadow\" href=\"https:\/\/www.facebook.com\/sharer.php?u=https%3A%2F%2Fwww.zunoticia.com%2Fnoticias-de-hidalgo%2F2023%2F04%2F25%2Faltura-de-miras-y-respeto-entre-poderes-claves-para-la-transformacion-de-hidalgo-jms%2F\" target=\"_top\" rel=\"nofollow\"><span class=\"icon\"><\/span><span class=\"text\">Share<\/span><\/a><a class=\"mashicon-twitter mash-large mash-center mashsb-noshadow\" href=\"https:\/\/twitter.com\/intent\/tweet?text=&amp;url=https:\/\/www.zunoticia.com\/noticias-de-hidalgo\/2023\/04\/25\/altura-de-miras-y-respeto-entre-poderes-claves-para-la-transformacion-de-hidalgo-jms\/\" target=\"_top\" rel=\"nofollow\"><span class=\"icon\"><\/span><span class=\"text\">Tweet<\/span><\/a><div class=\"onoffswitch2 mash-large mashsb-noshadow\" style=\"display:none\"><\/div><\/div>\n            <\/div>\n                <div style=\"clear:both\"><\/div><div class=\"mashsb-toggle-container\"><\/div><\/aside>\n            <!-- Share buttons by mashshare.net - Version: 4.0.47-->\n<ul class=\"wp-block-list\">\n<li>Gobierno estatal reconoce inter\u00e9s de las juventudes en la construcci\u00f3n de espacios m\u00e1s respetuosos e inclusivos.<\/li>\n<\/ul>\n\n\n\n<p><a><em>Por Redacci\u00f3n\/Zunoticia<\/em><\/a><em>&nbsp;<\/em><\/p>\n\n\n\n<p><strong>Pachuca, Hgo.-<\/strong> Durante la ceremonia de toma de protesta de las y los integrantes del Primer Congreso Juvenil 2023, el gobernador de Hidalgo, Julio Menchaca Salazar, manifest\u00f3 su satisfacci\u00f3n con el hecho de que se incentive entre este sector el inter\u00e9s en una actividad tan noble como la pol\u00edtica, y asegur\u00f3 a las y los j\u00f3venes presentes que su participaci\u00f3n es muy significativa en el presente y en el futuro del estado y la naci\u00f3n.<\/p>\n\n\n\n<p>El titular del Ejecutivo estatal asever\u00f3 que existe altura de miras y respeto entre los tres poderes para construir el estado que todas y todos queremos; en ese tenor, invit\u00f3 a las y los miembros del Congreso Juvenil a trabajar por sus comunidades y municipios con respeto a las diferencias: \u201cMiren lo que hemos venido construyendo en el estado de Hidalgo, el Poder Legislativo, el Poder Ejecutivo y el Poder Judicial, situaciones que no se ve\u00edan en mucho tiempo, como este Parlamento Juvenil, como tener un gabinete paritario\u201d.<\/p>\n\n\n\n<p>A\u00f1adi\u00f3 que la disposici\u00f3n de mantener una formaci\u00f3n con consciencia social les permitir\u00e1 defender y entender otros puntos de vista, adem\u00e1s de desarrollar empat\u00eda hacia las y los otros; recomend\u00f3 no tener miedo de cambiar de opini\u00f3n, pues esto forma parte del crecimiento.<\/p>\n\n\n\n<p>Por su parte, Julio Manuel Valera Piedras, presidente de la Junta de Gobierno del Congreso Libre y Soberano de Hidalgo, destac\u00f3 que el mandatario estatal siempre ha sido respetuoso de la divisi\u00f3n de poderes, por lo que extern\u00f3 su compromiso para seguir impulsando los esfuerzos que permitan a j\u00f3venes, mujeres y hombres contar con mejores condiciones de vida.<\/p>\n\n\n\n<p>Valera Piedras se\u00f1al\u00f3 que el Congreso local tiene varios pendientes, entre los cuales destaca la incorporaci\u00f3n de mujeres a espacios de toma de decisiones. Respecto a este primer Parlamento Juvenil, explic\u00f3 que en la actual legislatura se dialoga y se respeta la diversidad en un ambiente tolerancia e inclusi\u00f3n.<\/p>\n\n\n\n<figure class=\"wp-block-image size-large\"><img fetchpriority=\"high\" decoding=\"async\" width=\"1024\" height=\"682\" src=\"https:\/\/www.zunoticia.com\/noticias-de-hidalgo\/wp-content\/uploads\/2023\/04\/eZy-Watermark-25-04-2023-10-18-31-5270p.m.-1024x682.jpg\" alt=\"\" class=\"wp-image-478884\" srcset=\"https:\/\/www.zunoticia.com\/noticias-de-hidalgo\/wp-content\/uploads\/2023\/04\/eZy-Watermark-25-04-2023-10-18-31-5270p.m.-1024x682.jpg 1024w, https:\/\/www.zunoticia.com\/noticias-de-hidalgo\/wp-content\/uploads\/2023\/04\/eZy-Watermark-25-04-2023-10-18-31-5270p.m.-300x200.jpg 300w, https:\/\/www.zunoticia.com\/noticias-de-hidalgo\/wp-content\/uploads\/2023\/04\/eZy-Watermark-25-04-2023-10-18-31-5270p.m.-768x512.jpg 768w, https:\/\/www.zunoticia.com\/noticias-de-hidalgo\/wp-content\/uploads\/2023\/04\/eZy-Watermark-25-04-2023-10-18-31-5270p.m..jpg 1280w\" sizes=\"(max-width: 1024px) 100vw, 1024px\" \/><\/figure>\n\n\n\n<p>Por otro lado, la diputada Erika Rodr\u00edguez Hern\u00e1ndez, presidenta de la Comisi\u00f3n de la Ni\u00f1ez, la Juventud, el Deporte y la Familia, reconoci\u00f3 la importancia de que por primera vez en la historia se lleven a cabo actividades que pretenden colocar a las y los j\u00f3venes en la agenda p\u00fablica. Del mismo modo, agradeci\u00f3 al gobernador del estado y a su equipo de trabajo el apoyo que brindan para alentar la participaci\u00f3n de las de este sector.<\/p>\n\n\n\n<p>Tambi\u00e9n mencion\u00f3 que para este ejercicio legislativo las instituciones p\u00fablicas de todo el estado promovieron la participaci\u00f3n de j\u00f3venes de entre 14 a 17 a\u00f1os, con el objetivo de salir del adultocentrismo, que durante muchos a\u00f1os mantuvo marginado a este grupo poblacional; de igual forma, invit\u00f3 a las y los presentes a no permanecer indiferentes ante la injusticia y a seguir siempre el camino correcto.<\/p>\n\n\n\n<p>Tania Valdez Cu\u00e9llar, presidenta de la Mesa Directiva en el mes de abril, destac\u00f3 que el Congreso local ser\u00e1 un aliado permanente del Ejecutivo para trabajar en favor del pueblo hidalguense, el cual, dijo, cuenta con un gobernador comprometido con la transformaci\u00f3n de los sectores m\u00e1s desprotegidos.<\/p>\n","protected":false},"excerpt":{"rendered":"<p>Por Redacci\u00f3n\/Zunoticia&nbsp; Pachuca, Hgo.- Durante la ceremonia de toma de protesta de las y los integrantes del Primer Congreso Juvenil 2023, el gobernador de Hidalgo, Julio Menchaca Salazar, manifest\u00f3 su satisfacci\u00f3n con el hecho de que se incentive entre este sector el inter\u00e9s en una actividad tan noble como la pol\u00edtica, y asegur\u00f3 a las&hellip; <a class=\"more-link\" href=\"https:\/\/www.zunoticia.com\/noticias-de-hidalgo\/2023\/04\/25\/altura-de-miras-y-respeto-entre-poderes-claves-para-la-transformacion-de-hidalgo-jms\/\">Seguir leyendo <span class=\"screen-reader-text\">Altura de miras y respeto entre poderes, claves para la transformaci\u00f3n de Hidalgo: JMS<\/span><\/a><\/p>\n","protected":false},"author":12,"featured_media":478885,"comment_status":"closed","ping_status":"open","sticky":false,"template":"","format":"standard","meta":{"rop_custom_images_group":[],"rop_custom_messages_group":[],"rop_publish_now":"initial","rop_publish_now_accounts":{"facebook_10159540855086992_322828327761733":""},"rop_publish_now_history":[],"rop_publish_now_status":"pending","footnotes":""},"categories":[208],"tags":[214],"class_list":["post-478890","post","type-post","status-publish","format-standard","has-post-thumbnail","hentry","category-estado","tag-estado","entry"],"_links":{"self":[{"href":"https:\/\/www.zunoticia.com\/noticias-de-hidalgo\/wp-json\/wp\/v2\/posts\/478890","targetHints":{"allow":["GET"]}}],"collection":[{"href":"https:\/\/www.zunoticia.com\/noticias-de-hidalgo\/wp-json\/wp\/v2\/posts"}],"about":[{"href":"https:\/\/www.zunoticia.com\/noticias-de-hidalgo\/wp-json\/wp\/v2\/types\/post"}],"author":[{"embeddable":true,"href":"https:\/\/www.zunoticia.com\/noticias-de-hidalgo\/wp-json\/wp\/v2\/users\/12"}],"replies":[{"embeddable":true,"href":"https:\/\/www.zunoticia.com\/noticias-de-hidalgo\/wp-json\/wp\/v2\/comments?post=478890"}],"version-history":[{"count":1,"href":"https:\/\/www.zunoticia.com\/noticias-de-hidalgo\/wp-json\/wp\/v2\/posts\/478890\/revisions"}],"predecessor-version":[{"id":478891,"href":"https:\/\/www.zunoticia.com\/noticias-de-hidalgo\/wp-json\/wp\/v2\/posts\/478890\/revisions\/478891"}],"wp:featuredmedia":[{"embeddable":true,"href":"https:\/\/www.zunoticia.com\/noticias-de-hidalgo\/wp-json\/wp\/v2\/media\/478885"}],"wp:attachment":[{"href":"https:\/\/www.zunoticia.com\/noticias-de-hidalgo\/wp-json\/wp\/v2\/media?parent=478890"}],"wp:term":[{"taxonomy":"category","embeddable":true,"href":"https:\/\/www.zunoticia.com\/noticias-de-hidalgo\/wp-json\/wp\/v2\/categories?post=478890"},{"taxonomy":"post_tag","embeddable":true,"href":"https:\/\/www.zunoticia.com\/noticias-de-hidalgo\/wp-json\/wp\/v2\/tags?post=478890"}],"curies":[{"name":"wp","href":"https:\/\/api.w.org\/{rel}","templated":true}]}}