{"id":478899,"date":"2023-04-25T22:37:54","date_gmt":"2023-04-26T04:37:54","guid":{"rendered":"https:\/\/www.zunoticia.com\/noticias-de-hidalgo\/?p=478899"},"modified":"2023-04-25T22:37:56","modified_gmt":"2023-04-26T04:37:56","slug":"huastecos-disenaran-la-imagen-del-festival-de-las-huastecas","status":"publish","type":"post","link":"https:\/\/www.zunoticia.com\/noticias-de-hidalgo\/2023\/04\/25\/huastecos-disenaran-la-imagen-del-festival-de-las-huastecas\/","title":{"rendered":"Huastecos dise\u00f1ar\u00e1n la imagen del Festival de las Huastecas"},"content":{"rendered":"<aside class=\"mashsb-container mashsb-main mashsb-stretched\"><div class=\"mashsb-box\"><div class=\"mashsb-count mash-large\" style=\"float:left\"><div class=\"counts mashsbcount\">39<\/div><span class=\"mashsb-sharetext\">SHARES<\/span><\/div><div class=\"mashsb-buttons\"><a class=\"mashicon-facebook mash-large mash-center mashsb-noshadow\" href=\"https:\/\/www.facebook.com\/sharer.php?u=https%3A%2F%2Fwww.zunoticia.com%2Fnoticias-de-hidalgo%2F2023%2F04%2F25%2Fhuastecos-disenaran-la-imagen-del-festival-de-las-huastecas%2F\" target=\"_top\" rel=\"nofollow\"><span class=\"icon\"><\/span><span class=\"text\">Share<\/span><\/a><a class=\"mashicon-twitter mash-large mash-center mashsb-noshadow\" href=\"https:\/\/twitter.com\/intent\/tweet?text=&amp;url=https:\/\/www.zunoticia.com\/noticias-de-hidalgo\/2023\/04\/25\/huastecos-disenaran-la-imagen-del-festival-de-las-huastecas\/\" target=\"_top\" rel=\"nofollow\"><span class=\"icon\"><\/span><span class=\"text\">Tweet<\/span><\/a><div class=\"onoffswitch2 mash-large mashsb-noshadow\" style=\"display:none\"><\/div><\/div>\n            <\/div>\n                <div style=\"clear:both\"><\/div><div class=\"mashsb-toggle-container\"><\/div><\/aside>\n            <!-- Share buttons by mashshare.net - Version: 4.0.47-->\n<ul class=\"wp-block-list\">\n<li>Ante convocatoria ning\u00fan funcionario dise\u00f1ador de los municipios pueden participar, s\u00f3lo artistas dise\u00f1adores originarios de los ocho municipios participantes.<\/li>\n<\/ul>\n\n\n\n<p><em>Por Mois\u00e9s Medrano\/Zunoticia&nbsp;<\/em><\/p>\n\n\n\n<p><strong>Huejutla, Hgo.-<\/strong> La Doctora Tania Meza Escorza secretaria de Cultura acompa\u00f1ada del sub secretario de gobierno, Marco Ramos Moguel; la Arque\u00f3loga Yatzin Montiel Directora General de Patrimonio Cultural; el profesor Alejandro Canales, Secretario Municipal en representaci\u00f3n del presidente municipal, Joel Nochebuena Hern\u00e1ndez y la presidenta del DIF, Reyna Guerrero.<\/p>\n\n\n\n<p>Marco Ramos tras recibir a Tania Meza le dijo que para el gobernador Julio Menchaca le es muy importante el evento, que se d\u00e9 a conocer la manifestaci\u00f3n cultural huasteca en todos los rincones del pa\u00eds, resalt\u00f3 que es el momento para que se conozca la esencia, cultura y folclor de la huasteca hidalguense.<\/p>\n\n\n\n<p>La funcionaria estatal, Meza Escorza, y la arque\u00f3loga Yatzin Montiel cumplieron con el protocolo de dar a conocer la Convocatoria regional de imagen para el XXVI Festival de las Huasteca, cuya sede correspond\u00eda a los ocho municipios hidalguenses. Detall\u00f3 que estaban representantes de las \u00e1reas de cultura representado a los presidentes municipales y record\u00f3 que trabajan como equipo.<\/p>\n\n\n\n<figure class=\"wp-block-image size-large\"><img fetchpriority=\"high\" decoding=\"async\" width=\"1024\" height=\"768\" src=\"https:\/\/www.zunoticia.com\/noticias-de-hidalgo\/wp-content\/uploads\/2023\/04\/eZy-Watermark-25-04-2023-08-37-16-1790p.m.-1024x768.jpg\" alt=\"\" class=\"wp-image-478846\" srcset=\"https:\/\/www.zunoticia.com\/noticias-de-hidalgo\/wp-content\/uploads\/2023\/04\/eZy-Watermark-25-04-2023-08-37-16-1790p.m.-1024x768.jpg 1024w, https:\/\/www.zunoticia.com\/noticias-de-hidalgo\/wp-content\/uploads\/2023\/04\/eZy-Watermark-25-04-2023-08-37-16-1790p.m.-300x225.jpg 300w, https:\/\/www.zunoticia.com\/noticias-de-hidalgo\/wp-content\/uploads\/2023\/04\/eZy-Watermark-25-04-2023-08-37-16-1790p.m.-768x576.jpg 768w, https:\/\/www.zunoticia.com\/noticias-de-hidalgo\/wp-content\/uploads\/2023\/04\/eZy-Watermark-25-04-2023-08-37-16-1790p.m.-1536x1152.jpg 1536w, https:\/\/www.zunoticia.com\/noticias-de-hidalgo\/wp-content\/uploads\/2023\/04\/eZy-Watermark-25-04-2023-08-37-16-1790p.m.-1568x1176.jpg 1568w, https:\/\/www.zunoticia.com\/noticias-de-hidalgo\/wp-content\/uploads\/2023\/04\/eZy-Watermark-25-04-2023-08-37-16-1790p.m..jpg 1600w\" sizes=\"(max-width: 1024px) 100vw, 1024px\" \/><\/figure>\n\n\n\n<p>&nbsp;Dijo que la instrucci\u00f3n del gobernador es m\u00e1s territorio y menos escritorio, que ya habr\u00eda realizado una reuni\u00f3n con los artistas culturales de la regi\u00f3n, que tomaron estos reclamos y que pidieron que la imagen del festival de la huasteca lo dise\u00f1en los huastecos y no funcionarios no identificados con la regi\u00f3n.<\/p>\n\n\n\n<p>La sede la tendr\u00e1n los ocho municipios y dijo que no ser\u00e1 sencillo, pero es proporcional la satisfacci\u00f3n porque todos estaban participando y record\u00f3 vienen los grupos culturales de los seis estados huastecos y todo eso era turismo y que no es el objetivo principal, que \u00e9ste era la preservaci\u00f3n de la cultura.&nbsp;<\/p>\n\n\n\n<p>\u201cNing\u00fan funcionario del gobierno estatal o municipal podr\u00e1n participar en esta convocatoria, tampoco personas no originarias del estado de Hidalgo\u201d. Dijo que la convocatoria est\u00e1 abierta desde ahora hasta el 17 de julio del presente a\u00f1o y los resultados se dar\u00e1n a conocer en redes sociales de la Secretar\u00eda de Cultura a partir del primero&nbsp;de&nbsp;agosto<\/p>\n","protected":false},"excerpt":{"rendered":"<p>Por Mois\u00e9s Medrano\/Zunoticia&nbsp; Huejutla, Hgo.- La Doctora Tania Meza Escorza secretaria de Cultura acompa\u00f1ada del sub secretario de gobierno, Marco Ramos Moguel; la Arque\u00f3loga Yatzin Montiel Directora General de Patrimonio Cultural; el profesor Alejandro Canales, Secretario Municipal en representaci\u00f3n del presidente municipal, Joel Nochebuena Hern\u00e1ndez y la presidenta del DIF, Reyna Guerrero. Marco Ramos tras&hellip; <a class=\"more-link\" href=\"https:\/\/www.zunoticia.com\/noticias-de-hidalgo\/2023\/04\/25\/huastecos-disenaran-la-imagen-del-festival-de-las-huastecas\/\">Seguir leyendo <span class=\"screen-reader-text\">Huastecos dise\u00f1ar\u00e1n la imagen del Festival de las Huastecas<\/span><\/a><\/p>\n","protected":false},"author":12,"featured_media":478847,"comment_status":"closed","ping_status":"open","sticky":false,"template":"","format":"standard","meta":{"rop_custom_images_group":[],"rop_custom_messages_group":[],"rop_publish_now":"initial","rop_publish_now_accounts":{"facebook_10159540855086992_322828327761733":""},"rop_publish_now_history":[],"rop_publish_now_status":"pending","footnotes":""},"categories":[181],"tags":[121],"class_list":["post-478899","post","type-post","status-publish","format-standard","has-post-thumbnail","hentry","category-huejutla","tag-huejutla","entry"],"_links":{"self":[{"href":"https:\/\/www.zunoticia.com\/noticias-de-hidalgo\/wp-json\/wp\/v2\/posts\/478899","targetHints":{"allow":["GET"]}}],"collection":[{"href":"https:\/\/www.zunoticia.com\/noticias-de-hidalgo\/wp-json\/wp\/v2\/posts"}],"about":[{"href":"https:\/\/www.zunoticia.com\/noticias-de-hidalgo\/wp-json\/wp\/v2\/types\/post"}],"author":[{"embeddable":true,"href":"https:\/\/www.zunoticia.com\/noticias-de-hidalgo\/wp-json\/wp\/v2\/users\/12"}],"replies":[{"embeddable":true,"href":"https:\/\/www.zunoticia.com\/noticias-de-hidalgo\/wp-json\/wp\/v2\/comments?post=478899"}],"version-history":[{"count":1,"href":"https:\/\/www.zunoticia.com\/noticias-de-hidalgo\/wp-json\/wp\/v2\/posts\/478899\/revisions"}],"predecessor-version":[{"id":478900,"href":"https:\/\/www.zunoticia.com\/noticias-de-hidalgo\/wp-json\/wp\/v2\/posts\/478899\/revisions\/478900"}],"wp:featuredmedia":[{"embeddable":true,"href":"https:\/\/www.zunoticia.com\/noticias-de-hidalgo\/wp-json\/wp\/v2\/media\/478847"}],"wp:attachment":[{"href":"https:\/\/www.zunoticia.com\/noticias-de-hidalgo\/wp-json\/wp\/v2\/media?parent=478899"}],"wp:term":[{"taxonomy":"category","embeddable":true,"href":"https:\/\/www.zunoticia.com\/noticias-de-hidalgo\/wp-json\/wp\/v2\/categories?post=478899"},{"taxonomy":"post_tag","embeddable":true,"href":"https:\/\/www.zunoticia.com\/noticias-de-hidalgo\/wp-json\/wp\/v2\/tags?post=478899"}],"curies":[{"name":"wp","href":"https:\/\/api.w.org\/{rel}","templated":true}]}}