{"id":479146,"date":"2023-04-27T19:04:15","date_gmt":"2023-04-28T01:04:15","guid":{"rendered":"https:\/\/www.zunoticia.com\/noticias-de-hidalgo\/?p=479146"},"modified":"2023-04-27T19:04:16","modified_gmt":"2023-04-28T01:04:16","slug":"maestros-participaran-en-la-marcha-del-dia-del-trabajo","status":"publish","type":"post","link":"https:\/\/www.zunoticia.com\/noticias-de-hidalgo\/2023\/04\/27\/maestros-participaran-en-la-marcha-del-dia-del-trabajo\/","title":{"rendered":"Maestros participar\u00e1n en la marcha del d\u00eda del trabajo"},"content":{"rendered":"<aside class=\"mashsb-container mashsb-main mashsb-stretched\"><div class=\"mashsb-box\"><div class=\"mashsb-count mash-large\" style=\"float:left\"><div class=\"counts mashsbcount\">12<\/div><span class=\"mashsb-sharetext\">SHARES<\/span><\/div><div class=\"mashsb-buttons\"><a class=\"mashicon-facebook mash-large mash-center mashsb-noshadow\" href=\"https:\/\/www.facebook.com\/sharer.php?u=https%3A%2F%2Fwww.zunoticia.com%2Fnoticias-de-hidalgo%2F2023%2F04%2F27%2Fmaestros-participaran-en-la-marcha-del-dia-del-trabajo%2F\" target=\"_top\" rel=\"nofollow\"><span class=\"icon\"><\/span><span class=\"text\">Share<\/span><\/a><a class=\"mashicon-twitter mash-large mash-center mashsb-noshadow\" href=\"https:\/\/twitter.com\/intent\/tweet?text=&amp;url=https:\/\/www.zunoticia.com\/noticias-de-hidalgo\/2023\/04\/27\/maestros-participaran-en-la-marcha-del-dia-del-trabajo\/\" target=\"_top\" rel=\"nofollow\"><span class=\"icon\"><\/span><span class=\"text\">Tweet<\/span><\/a><div class=\"onoffswitch2 mash-large mashsb-noshadow\" style=\"display:none\"><\/div><\/div>\n            <\/div>\n                <div style=\"clear:both\"><\/div><div class=\"mashsb-toggle-container\"><\/div><\/aside>\n            <!-- Share buttons by mashshare.net - Version: 4.0.47-->\n<p><em>Por Roberto Meza\/Zunoticia<\/em><\/p>\n\n\n\n<p><strong>Huazalingo, Hgo.-<\/strong> Maestros de este municipio participar\u00e1n en la marcha por el d\u00eda del trabajo en la ciudad de Pachuca, por lo que con toda oportunidad se preparan para tan importante acto el pr\u00f3ximo 1 de mayo del presente a\u00f1o, se\u00f1al\u00f3 el profesor Abel Barrera Fern\u00e1ndez.<\/p>\n\n\n\n<p>El docente dijo que esta actividad se lleva a cabo a\u00f1o con a\u00f1o, por lo que todos los maestros ya estan preparados para acudir a respaldar el SNTE en el estado, que es quien encabezar\u00e1 esta marcha por el d\u00eda de trabajo; aprovechar\u00e1n para exigir mejores condiciones de trabajo del magisterio.<\/p>\n\n\n\n<p>El directivo de la telesecundaria 105 de la cabecera municipal, agreg\u00f3 que los docentes acudir\u00e1n el pr\u00f3ximo lunes a este evento para seguir manteniendo la unidad del magisterio y as\u00ed poder defender los derechos laborales que les corresponde.<\/p>\n","protected":false},"excerpt":{"rendered":"<p>Por Roberto Meza\/Zunoticia Huazalingo, Hgo.- Maestros de este municipio participar\u00e1n en la marcha por el d\u00eda del trabajo en la ciudad de Pachuca, por lo que con toda oportunidad se preparan para tan importante acto el pr\u00f3ximo 1 de mayo del presente a\u00f1o, se\u00f1al\u00f3 el profesor Abel Barrera Fern\u00e1ndez. El docente dijo que esta actividad&hellip; <a class=\"more-link\" href=\"https:\/\/www.zunoticia.com\/noticias-de-hidalgo\/2023\/04\/27\/maestros-participaran-en-la-marcha-del-dia-del-trabajo\/\">Seguir leyendo <span class=\"screen-reader-text\">Maestros participar\u00e1n en la marcha del d\u00eda del trabajo<\/span><\/a><\/p>\n","protected":false},"author":12,"featured_media":479156,"comment_status":"closed","ping_status":"open","sticky":false,"template":"","format":"standard","meta":{"rop_custom_images_group":[],"rop_custom_messages_group":[],"rop_publish_now":"initial","rop_publish_now_accounts":{"facebook_10159540855086992_322828327761733":""},"rop_publish_now_history":[],"rop_publish_now_status":"pending","footnotes":""},"categories":[179,212],"tags":[138],"class_list":["post-479146","post","type-post","status-publish","format-standard","has-post-thumbnail","hentry","category-huasteca","category-huazalingo","tag-huazalingo","entry"],"_links":{"self":[{"href":"https:\/\/www.zunoticia.com\/noticias-de-hidalgo\/wp-json\/wp\/v2\/posts\/479146","targetHints":{"allow":["GET"]}}],"collection":[{"href":"https:\/\/www.zunoticia.com\/noticias-de-hidalgo\/wp-json\/wp\/v2\/posts"}],"about":[{"href":"https:\/\/www.zunoticia.com\/noticias-de-hidalgo\/wp-json\/wp\/v2\/types\/post"}],"author":[{"embeddable":true,"href":"https:\/\/www.zunoticia.com\/noticias-de-hidalgo\/wp-json\/wp\/v2\/users\/12"}],"replies":[{"embeddable":true,"href":"https:\/\/www.zunoticia.com\/noticias-de-hidalgo\/wp-json\/wp\/v2\/comments?post=479146"}],"version-history":[{"count":1,"href":"https:\/\/www.zunoticia.com\/noticias-de-hidalgo\/wp-json\/wp\/v2\/posts\/479146\/revisions"}],"predecessor-version":[{"id":479161,"href":"https:\/\/www.zunoticia.com\/noticias-de-hidalgo\/wp-json\/wp\/v2\/posts\/479146\/revisions\/479161"}],"wp:featuredmedia":[{"embeddable":true,"href":"https:\/\/www.zunoticia.com\/noticias-de-hidalgo\/wp-json\/wp\/v2\/media\/479156"}],"wp:attachment":[{"href":"https:\/\/www.zunoticia.com\/noticias-de-hidalgo\/wp-json\/wp\/v2\/media?parent=479146"}],"wp:term":[{"taxonomy":"category","embeddable":true,"href":"https:\/\/www.zunoticia.com\/noticias-de-hidalgo\/wp-json\/wp\/v2\/categories?post=479146"},{"taxonomy":"post_tag","embeddable":true,"href":"https:\/\/www.zunoticia.com\/noticias-de-hidalgo\/wp-json\/wp\/v2\/tags?post=479146"}],"curies":[{"name":"wp","href":"https:\/\/api.w.org\/{rel}","templated":true}]}}