{"id":479168,"date":"2023-04-27T19:29:38","date_gmt":"2023-04-28T01:29:38","guid":{"rendered":"https:\/\/www.zunoticia.com\/noticias-de-hidalgo\/?p=479168"},"modified":"2023-04-27T19:29:39","modified_gmt":"2023-04-28T01:29:39","slug":"micropolis-tambien-festeja-con-fundacion-ferles-a-los-ninos","status":"publish","type":"post","link":"https:\/\/www.zunoticia.com\/noticias-de-hidalgo\/2023\/04\/27\/micropolis-tambien-festeja-con-fundacion-ferles-a-los-ninos\/","title":{"rendered":"Micr\u00f3polis tambi\u00e9n festeja con Fundaci\u00f3n FERLES a los ni\u00f1os"},"content":{"rendered":"<aside class=\"mashsb-container mashsb-main mashsb-stretched\"><div class=\"mashsb-box\"><div class=\"mashsb-count mash-large\" style=\"float:left\"><div class=\"counts mashsbcount\">35<\/div><span class=\"mashsb-sharetext\">SHARES<\/span><\/div><div class=\"mashsb-buttons\"><a class=\"mashicon-facebook mash-large mash-center mashsb-noshadow\" href=\"https:\/\/www.facebook.com\/sharer.php?u=https%3A%2F%2Fwww.zunoticia.com%2Fnoticias-de-hidalgo%2F2023%2F04%2F27%2Fmicropolis-tambien-festeja-con-fundacion-ferles-a-los-ninos%2F\" target=\"_top\" rel=\"nofollow\"><span class=\"icon\"><\/span><span class=\"text\">Share<\/span><\/a><a class=\"mashicon-twitter mash-large mash-center mashsb-noshadow\" href=\"https:\/\/twitter.com\/intent\/tweet?text=&amp;url=https:\/\/www.zunoticia.com\/noticias-de-hidalgo\/2023\/04\/27\/micropolis-tambien-festeja-con-fundacion-ferles-a-los-ninos\/\" target=\"_top\" rel=\"nofollow\"><span class=\"icon\"><\/span><span class=\"text\">Tweet<\/span><\/a><div class=\"onoffswitch2 mash-large mashsb-noshadow\" style=\"display:none\"><\/div><\/div>\n            <\/div>\n                <div style=\"clear:both\"><\/div><div class=\"mashsb-toggle-container\"><\/div><\/aside>\n            <!-- Share buttons by mashshare.net - Version: 4.0.47-->\n<p><em>Por \u00c1ngel Silverio\/Zunoticia<\/em><\/p>\n\n\n\n<p><strong>San Felipe Orizatl\u00e1n, Hgo.-<\/strong>&nbsp; Continuando con su recorrido \u201cPor amor a nuestros ni\u00f1os\u201d, el pasado mi\u00e9rcoles el equipo de la FERLES se sum\u00f3 a los festejos del D\u00eda del Ni\u00f1o y de la Ni\u00f1a en la zona norte de Orizatl\u00e1n, as\u00ed como en Las Piedras, llevando el show infantil de F\u00e1brica de Sonrisas, los personajes de la Vecindad del Chavo y Mario Bros.<\/p>\n\n\n\n<p>En esta ocasi\u00f3n, fue la zona norte, donde la fundaci\u00f3n llev\u00f3 alegr\u00eda y regalos a los peque\u00f1os de estas comunidades, donde se atendi\u00f3 a los preescolares ind\u00edgenas, as\u00ed como los infantes de educaci\u00f3n inicial, siendo un poco m\u00e1s de 200 ni\u00f1as y ni\u00f1os, quienes recibieron un peque\u00f1o presente y un refrigerio.<\/p>\n\n\n\n<p>Durante las actividades, Gricelda Arvizu Viggiano, socia fundadora de FERLES, enfatiz\u00f3 la importancia de estos festejos en la ni\u00f1ez orizatlense para la fundaci\u00f3n e invit\u00f3 a los padres de familia a conocer m\u00e1s acerca del trabajo que se realiza por amor a nuestra tierra, reiterando el compromiso de su hijo V\u00edctor Fernel Guzm\u00e1n, quien impulsa estas actividades desde hace 3 a\u00f1os en Orizatl\u00e1n.<\/p>\n\n\n\n<p>Del mismo modo, invit\u00f3 a todos los ciudadanos a que conozcan los programas y las diferentes acciones que realiza la fundaci\u00f3n, adem\u00e1s de aprovechar los cursos que se ofrecen, los cuales son totalmente gratuitos.<\/p>\n","protected":false},"excerpt":{"rendered":"<p>Por \u00c1ngel Silverio\/Zunoticia San Felipe Orizatl\u00e1n, Hgo.-&nbsp; Continuando con su recorrido \u201cPor amor a nuestros ni\u00f1os\u201d, el pasado mi\u00e9rcoles el equipo de la FERLES se sum\u00f3 a los festejos del D\u00eda del Ni\u00f1o y de la Ni\u00f1a en la zona norte de Orizatl\u00e1n, as\u00ed como en Las Piedras, llevando el show infantil de F\u00e1brica de&hellip; <a class=\"more-link\" href=\"https:\/\/www.zunoticia.com\/noticias-de-hidalgo\/2023\/04\/27\/micropolis-tambien-festeja-con-fundacion-ferles-a-los-ninos\/\">Seguir leyendo <span class=\"screen-reader-text\">Micr\u00f3polis tambi\u00e9n festeja con Fundaci\u00f3n FERLES a los ni\u00f1os<\/span><\/a><\/p>\n","protected":false},"author":12,"featured_media":479155,"comment_status":"closed","ping_status":"open","sticky":false,"template":"","format":"standard","meta":{"rop_custom_images_group":[],"rop_custom_messages_group":[],"rop_publish_now":"initial","rop_publish_now_accounts":{"facebook_10159540855086992_322828327761733":""},"rop_publish_now_history":[],"rop_publish_now_status":"pending","footnotes":""},"categories":[180],"tags":[129],"class_list":["post-479168","post","type-post","status-publish","format-standard","has-post-thumbnail","hentry","category-orizatlan","tag-orizatlan","entry"],"_links":{"self":[{"href":"https:\/\/www.zunoticia.com\/noticias-de-hidalgo\/wp-json\/wp\/v2\/posts\/479168","targetHints":{"allow":["GET"]}}],"collection":[{"href":"https:\/\/www.zunoticia.com\/noticias-de-hidalgo\/wp-json\/wp\/v2\/posts"}],"about":[{"href":"https:\/\/www.zunoticia.com\/noticias-de-hidalgo\/wp-json\/wp\/v2\/types\/post"}],"author":[{"embeddable":true,"href":"https:\/\/www.zunoticia.com\/noticias-de-hidalgo\/wp-json\/wp\/v2\/users\/12"}],"replies":[{"embeddable":true,"href":"https:\/\/www.zunoticia.com\/noticias-de-hidalgo\/wp-json\/wp\/v2\/comments?post=479168"}],"version-history":[{"count":1,"href":"https:\/\/www.zunoticia.com\/noticias-de-hidalgo\/wp-json\/wp\/v2\/posts\/479168\/revisions"}],"predecessor-version":[{"id":479170,"href":"https:\/\/www.zunoticia.com\/noticias-de-hidalgo\/wp-json\/wp\/v2\/posts\/479168\/revisions\/479170"}],"wp:featuredmedia":[{"embeddable":true,"href":"https:\/\/www.zunoticia.com\/noticias-de-hidalgo\/wp-json\/wp\/v2\/media\/479155"}],"wp:attachment":[{"href":"https:\/\/www.zunoticia.com\/noticias-de-hidalgo\/wp-json\/wp\/v2\/media?parent=479168"}],"wp:term":[{"taxonomy":"category","embeddable":true,"href":"https:\/\/www.zunoticia.com\/noticias-de-hidalgo\/wp-json\/wp\/v2\/categories?post=479168"},{"taxonomy":"post_tag","embeddable":true,"href":"https:\/\/www.zunoticia.com\/noticias-de-hidalgo\/wp-json\/wp\/v2\/tags?post=479168"}],"curies":[{"name":"wp","href":"https:\/\/api.w.org\/{rel}","templated":true}]}}