{"id":479283,"date":"2023-04-28T16:30:06","date_gmt":"2023-04-28T22:30:06","guid":{"rendered":"https:\/\/www.zunoticia.com\/noticias-de-hidalgo\/?p=479283"},"modified":"2023-04-28T19:16:10","modified_gmt":"2023-04-29T01:16:10","slug":"magno-festejo-del-dia-del-nino-realizo-el-ayuntamiento","status":"publish","type":"post","link":"https:\/\/www.zunoticia.com\/noticias-de-hidalgo\/2023\/04\/28\/magno-festejo-del-dia-del-nino-realizo-el-ayuntamiento\/","title":{"rendered":"Magno festejo del D\u00eda del Ni\u00f1o realiz\u00f3 el ayuntamiento"},"content":{"rendered":"<aside class=\"mashsb-container mashsb-main mashsb-stretched\"><div class=\"mashsb-box\"><div class=\"mashsb-count mash-large\" style=\"float:left\"><div class=\"counts mashsbcount\">28<\/div><span class=\"mashsb-sharetext\">SHARES<\/span><\/div><div class=\"mashsb-buttons\"><a class=\"mashicon-facebook mash-large mash-center mashsb-noshadow\" href=\"https:\/\/www.facebook.com\/sharer.php?u=https%3A%2F%2Fwww.zunoticia.com%2Fnoticias-de-hidalgo%2F2023%2F04%2F28%2Fmagno-festejo-del-dia-del-nino-realizo-el-ayuntamiento%2F\" target=\"_top\" rel=\"nofollow\"><span class=\"icon\"><\/span><span class=\"text\">Share<\/span><\/a><a class=\"mashicon-twitter mash-large mash-center mashsb-noshadow\" href=\"https:\/\/twitter.com\/intent\/tweet?text=&amp;url=https:\/\/www.zunoticia.com\/noticias-de-hidalgo\/2023\/04\/28\/magno-festejo-del-dia-del-nino-realizo-el-ayuntamiento\/\" target=\"_top\" rel=\"nofollow\"><span class=\"icon\"><\/span><span class=\"text\">Tweet<\/span><\/a><div class=\"onoffswitch2 mash-large mashsb-noshadow\" style=\"display:none\"><\/div><\/div>\n            <\/div>\n                <div style=\"clear:both\"><\/div><div class=\"mashsb-toggle-container\"><\/div><\/aside>\n            <!-- Share buttons by mashshare.net - Version: 4.0.47-->\n<p><em>Por Redacci\u00f3n\/ Zunoticia<\/em><\/p>\n\n\n\n<p><strong>San Felipe Orizatl\u00e1n, Hgo<\/strong>.- En el marco de la celebraci\u00f3n del D\u00eda del Ni\u00f1o, el gobierno municipal que preside Erika Saab Lara, llev\u00f3 a cabo un magno evento para celebrar a la ni\u00f1ez orizatlense, acto que se realiz\u00f3 en la explanada municipal, lleno de regalos, diversi\u00f3n, sorpresas y show infantil.<\/p>\n\n\n\n<p>Fue en punto de las 6:00 de la tarde que se dio inicio con las actividades programadas, donde cientos de ni\u00f1os y ni\u00f1as acompa\u00f1ados de sus pap\u00e1s se dieron cita para poder disfrutar de la fiesta con el espectacular show infantil &#8220;Huellitas&#8221;, que con su alegr\u00eda y entusiasmo deleit\u00f3 a los ni\u00f1os; posteriormente se procedi\u00f3 con las rifas, adem\u00e1s que a cada ni\u00f1a y ni\u00f1o se le entreg\u00f3 un juguete, un aguinaldo y un refrigerio.<\/p>\n\n\n\n<p>Por su parte, Camilo Melo Rivera secretario municipal, a nombre de la alcaldesa Erika Saab Lara mencion\u00f3,- &#8220;Hoy estamos celebrando este d\u00eda tan especial a las y los ni\u00f1os esperemos de todo coraz\u00f3n que disfruten de las incre\u00edbles sorpresas que hemos preparado con todo nuestro cari\u00f1o para ustedes; que el esfuerzo de todas y todos los compa\u00f1eros se vea reflejado en una sonrisa en cada ni\u00f1a y ni\u00f1o&#8221; as\u00ed mismo agradeci\u00f3 por el acompa\u00f1amiento a Marco Antonio Ramos Moguel, subsecretario de Gobierno en la huasteca; Paulino Ram\u00edrez Hern\u00e1ndez, director de Gobernaci\u00f3n en el Distrito 03; Imar Hern\u00e1ndez Corona en representaci\u00f3n de \u00c1lvaro Bardales Ram\u00edrez, secretario de Contralor\u00eda; Cirilo Humberto De la Cruz Bautista, s\u00edndico municipal, las y los regidores, al personal de la presidencia, del DIF encabezado por Cesar Ra\u00fal Becerra.<\/p>\n\n\n\n<p>Fue as\u00ed como se vivi\u00f3 en grande el D\u00eda del Ni\u00f1o, donde la alegr\u00eda y la unidad familiar fueron lo esencial para que los infantes disfrutaran de este evento.<\/p>\n\n\n\n<figure class=\"wp-block-image size-full\"><img fetchpriority=\"high\" decoding=\"async\" width=\"940\" height=\"788\" src=\"https:\/\/www.zunoticia.com\/noticias-de-hidalgo\/wp-content\/uploads\/2023\/04\/1-159.png\" alt=\"\" class=\"wp-image-479285\" srcset=\"https:\/\/www.zunoticia.com\/noticias-de-hidalgo\/wp-content\/uploads\/2023\/04\/1-159.png 940w, https:\/\/www.zunoticia.com\/noticias-de-hidalgo\/wp-content\/uploads\/2023\/04\/1-159-300x251.png 300w, https:\/\/www.zunoticia.com\/noticias-de-hidalgo\/wp-content\/uploads\/2023\/04\/1-159-768x644.png 768w\" sizes=\"(max-width: 940px) 100vw, 940px\" \/><\/figure>\n","protected":false},"excerpt":{"rendered":"<p>Por Redacci\u00f3n\/ Zunoticia San Felipe Orizatl\u00e1n, Hgo.- En el marco de la celebraci\u00f3n del D\u00eda del Ni\u00f1o, el gobierno municipal que preside Erika Saab Lara, llev\u00f3 a cabo un magno evento para celebrar a la ni\u00f1ez orizatlense, acto que se realiz\u00f3 en la explanada municipal, lleno de regalos, diversi\u00f3n, sorpresas y show infantil. Fue en&hellip; <a class=\"more-link\" href=\"https:\/\/www.zunoticia.com\/noticias-de-hidalgo\/2023\/04\/28\/magno-festejo-del-dia-del-nino-realizo-el-ayuntamiento\/\">Seguir leyendo <span class=\"screen-reader-text\">Magno festejo del D\u00eda del Ni\u00f1o realiz\u00f3 el ayuntamiento<\/span><\/a><\/p>\n","protected":false},"author":20,"featured_media":479284,"comment_status":"closed","ping_status":"open","sticky":false,"template":"","format":"standard","meta":{"rop_custom_images_group":[],"rop_custom_messages_group":[],"rop_publish_now":"initial","rop_publish_now_accounts":{"facebook_10159540855086992_322828327761733":""},"rop_publish_now_history":[],"rop_publish_now_status":"pending","footnotes":""},"categories":[180],"tags":[129],"class_list":["post-479283","post","type-post","status-publish","format-standard","has-post-thumbnail","hentry","category-orizatlan","tag-orizatlan","entry"],"_links":{"self":[{"href":"https:\/\/www.zunoticia.com\/noticias-de-hidalgo\/wp-json\/wp\/v2\/posts\/479283","targetHints":{"allow":["GET"]}}],"collection":[{"href":"https:\/\/www.zunoticia.com\/noticias-de-hidalgo\/wp-json\/wp\/v2\/posts"}],"about":[{"href":"https:\/\/www.zunoticia.com\/noticias-de-hidalgo\/wp-json\/wp\/v2\/types\/post"}],"author":[{"embeddable":true,"href":"https:\/\/www.zunoticia.com\/noticias-de-hidalgo\/wp-json\/wp\/v2\/users\/20"}],"replies":[{"embeddable":true,"href":"https:\/\/www.zunoticia.com\/noticias-de-hidalgo\/wp-json\/wp\/v2\/comments?post=479283"}],"version-history":[{"count":2,"href":"https:\/\/www.zunoticia.com\/noticias-de-hidalgo\/wp-json\/wp\/v2\/posts\/479283\/revisions"}],"predecessor-version":[{"id":479319,"href":"https:\/\/www.zunoticia.com\/noticias-de-hidalgo\/wp-json\/wp\/v2\/posts\/479283\/revisions\/479319"}],"wp:featuredmedia":[{"embeddable":true,"href":"https:\/\/www.zunoticia.com\/noticias-de-hidalgo\/wp-json\/wp\/v2\/media\/479284"}],"wp:attachment":[{"href":"https:\/\/www.zunoticia.com\/noticias-de-hidalgo\/wp-json\/wp\/v2\/media?parent=479283"}],"wp:term":[{"taxonomy":"category","embeddable":true,"href":"https:\/\/www.zunoticia.com\/noticias-de-hidalgo\/wp-json\/wp\/v2\/categories?post=479283"},{"taxonomy":"post_tag","embeddable":true,"href":"https:\/\/www.zunoticia.com\/noticias-de-hidalgo\/wp-json\/wp\/v2\/tags?post=479283"}],"curies":[{"name":"wp","href":"https:\/\/api.w.org\/{rel}","templated":true}]}}