{"id":479960,"date":"2023-05-03T17:03:40","date_gmt":"2023-05-03T23:03:40","guid":{"rendered":"https:\/\/www.zunoticia.com\/noticias-de-hidalgo\/?p=479960"},"modified":"2023-05-03T17:03:41","modified_gmt":"2023-05-03T23:03:41","slug":"natividad-castrejon-inauguro-el-encuentro-inade-cecyteh-hidalgo-2023","status":"publish","type":"post","link":"https:\/\/www.zunoticia.com\/noticias-de-hidalgo\/2023\/05\/03\/natividad-castrejon-inauguro-el-encuentro-inade-cecyteh-hidalgo-2023\/","title":{"rendered":"Natividad Castrej\u00f3n inaugur\u00f3 el encuentro INADE-CECyTEH Hidalgo 2023"},"content":{"rendered":"<aside class=\"mashsb-container mashsb-main mashsb-stretched\"><div class=\"mashsb-box\"><div class=\"mashsb-count mash-large\" style=\"float:left\"><div class=\"counts mashsbcount\">7<\/div><span class=\"mashsb-sharetext\">SHARES<\/span><\/div><div class=\"mashsb-buttons\"><a class=\"mashicon-facebook mash-large mash-center mashsb-noshadow\" href=\"https:\/\/www.facebook.com\/sharer.php?u=https%3A%2F%2Fwww.zunoticia.com%2Fnoticias-de-hidalgo%2F2023%2F05%2F03%2Fnatividad-castrejon-inauguro-el-encuentro-inade-cecyteh-hidalgo-2023%2F\" target=\"_top\" rel=\"nofollow\"><span class=\"icon\"><\/span><span class=\"text\">Share<\/span><\/a><a class=\"mashicon-twitter mash-large mash-center mashsb-noshadow\" href=\"https:\/\/twitter.com\/intent\/tweet?text=&amp;url=https:\/\/www.zunoticia.com\/noticias-de-hidalgo\/2023\/05\/03\/natividad-castrejon-inauguro-el-encuentro-inade-cecyteh-hidalgo-2023\/\" target=\"_top\" rel=\"nofollow\"><span class=\"icon\"><\/span><span class=\"text\">Tweet<\/span><\/a><div class=\"onoffswitch2 mash-large mashsb-noshadow\" style=\"display:none\"><\/div><\/div>\n            <\/div>\n                <div style=\"clear:both\"><\/div><div class=\"mashsb-toggle-container\"><\/div><\/aside>\n            <!-- Share buttons by mashshare.net - Version: 4.0.47-->\n<p><\/p>\n\n\n\n<p>\u00b7 En la fase regional participaron m\u00e1s de tres mil estudiantes; En la estatal acudieron 39 delegaciones, sumando alrededor de 700 alumnos.<\/p>\n\n\n\n<p><em>Por Redacci\u00f3n\/Zunoticia<\/em><\/p>\n\n\n\n<p><strong>Pachuca de Soto, Hgo<\/strong>.- \u201cJ\u00f3venes, son ustedes el motivo de nuestra preocupaci\u00f3n, queremos verlos triunfar y deseamos que desarrollen su m\u00e1ximo potencial para que juntas y juntos impulsemos la transformaci\u00f3n de Hidalgo\u201d, expres\u00f3 el secretario de Educaci\u00f3n P\u00fablica en la entidad, Natividad Castrej\u00f3n Valdez, al inaugurar el Encuentro Estatal Intercultural, Arte y Deporte 2023 del Colegio de Estudios Cient\u00edficos y Tecnol\u00f3gicos del Estado de Hidalgo (CECyTEH).<\/p>\n\n\n\n<p>En representaci\u00f3n del gobernador Julio Menchaca Salazar, el titular de la SEPH indic\u00f3 que hoy en la entidad se lleva a cabo un gran esfuerzo que asegure la transformaci\u00f3n en un territorio donde todas y todos cuenten con m\u00e1s y mejores oportunidades, que les permitan alcanzar el pleno potencial de desarrollo, tanto personal como social.<\/p>\n\n\n\n<p>Acompa\u00f1ado de la secretaria de Cultura de Hidalgo, Tania Er\u00e9ndira Meza Escorza, el secretario Natividad Castrej\u00f3n invit\u00f3 a las y los estudiantes a disfrutar plenamente de las actividades culturales, art\u00edsticas y deportivas, programadas en el marco del INADE-CECyTEH Hidalgo 2023.<\/p>\n\n\n\n<p>Este encuentro tiene como finalidad promover la generaci\u00f3n de espacios que fomenten y posibiliten la formaci\u00f3n integral en el alumnado, a trav\u00e9s de su tr\u00e1nsito en la Educaci\u00f3n Media Superior, la formaci\u00f3n de valores, costumbres, y tradiciones propias del estado, reforzando las ra\u00edces, el civismo y el amor por M\u00e9xico, que podr\u00e1n implementar en la vida<\/p>\n\n\n\n<p>cotidiana, adem\u00e1s de promover estilos de vida saludables mediante la promoci\u00f3n de habilidades adquiridas durante su estancia en el colegio.<\/p>\n\n\n\n<p>Cabe se\u00f1alar que en los eventos regionales participaron m\u00e1s de tres mil estudiantes y en la fase estatal acudieron 39 delegaciones representantes de las diferentes regiones del estado, incluidas:<\/p>\n\n\n\n<p>Sierra\u2013Huasteca, Valle del Mezquital, Otom\u00ed\u2013Tepehua y Centro, con un aproximado de 700 estudiantes que participaron en las diferentes disciplinas en Interculturalidad, Arte y Deporte.<\/p>\n\n\n\n<p>En el evento estuvo presente tambi\u00e9n el titular de la Oficina de Enlace Educativo del Gobierno de M\u00e9xico en Hidalgo, Jes\u00fas L\u00f3pez Serrano; el Procurador Agrario federal en el estado de Hidalgo, Andr\u00e9s Vel\u00e1zquez V\u00e1zquez; el subsecretario de Educaci\u00f3n Media Superior y Superior, Daniel Fragoso Torres; el director general del CECYTEH, Agust\u00edn Rowe C\u00f3rdova; el presidente municipal de Pachuca, Sergio Ba\u00f1os Rubio; el director general del Instituto Hidalguense del Deporte, Pipino Isidro Cuevas Gonz\u00e1lez, entre otros.<\/p>\n\n\n\n<figure class=\"wp-block-image size-full\"><img fetchpriority=\"high\" decoding=\"async\" width=\"940\" height=\"788\" src=\"https:\/\/www.zunoticia.com\/noticias-de-hidalgo\/wp-content\/uploads\/2023\/05\/1-22.png\" alt=\"\" class=\"wp-image-479962\" srcset=\"https:\/\/www.zunoticia.com\/noticias-de-hidalgo\/wp-content\/uploads\/2023\/05\/1-22.png 940w, https:\/\/www.zunoticia.com\/noticias-de-hidalgo\/wp-content\/uploads\/2023\/05\/1-22-300x251.png 300w, https:\/\/www.zunoticia.com\/noticias-de-hidalgo\/wp-content\/uploads\/2023\/05\/1-22-768x644.png 768w\" sizes=\"(max-width: 940px) 100vw, 940px\" \/><\/figure>\n","protected":false},"excerpt":{"rendered":"<p>\u00b7 En la fase regional participaron m\u00e1s de tres mil estudiantes; En la estatal acudieron 39 delegaciones, sumando alrededor de 700 alumnos. Por Redacci\u00f3n\/Zunoticia Pachuca de Soto, Hgo.- \u201cJ\u00f3venes, son ustedes el motivo de nuestra preocupaci\u00f3n, queremos verlos triunfar y deseamos que desarrollen su m\u00e1ximo potencial para que juntas y juntos impulsemos la transformaci\u00f3n de&hellip; <a class=\"more-link\" href=\"https:\/\/www.zunoticia.com\/noticias-de-hidalgo\/2023\/05\/03\/natividad-castrejon-inauguro-el-encuentro-inade-cecyteh-hidalgo-2023\/\">Seguir leyendo <span class=\"screen-reader-text\">Natividad Castrej\u00f3n inaugur\u00f3 el encuentro INADE-CECyTEH Hidalgo 2023<\/span><\/a><\/p>\n","protected":false},"author":20,"featured_media":479961,"comment_status":"closed","ping_status":"open","sticky":false,"template":"","format":"standard","meta":{"rop_custom_images_group":[],"rop_custom_messages_group":[],"rop_publish_now":"initial","rop_publish_now_accounts":{"facebook_10159540855086992_322828327761733":""},"rop_publish_now_history":[],"rop_publish_now_status":"pending","footnotes":""},"categories":[208],"tags":[214],"class_list":["post-479960","post","type-post","status-publish","format-standard","has-post-thumbnail","hentry","category-estado","tag-estado","entry"],"_links":{"self":[{"href":"https:\/\/www.zunoticia.com\/noticias-de-hidalgo\/wp-json\/wp\/v2\/posts\/479960","targetHints":{"allow":["GET"]}}],"collection":[{"href":"https:\/\/www.zunoticia.com\/noticias-de-hidalgo\/wp-json\/wp\/v2\/posts"}],"about":[{"href":"https:\/\/www.zunoticia.com\/noticias-de-hidalgo\/wp-json\/wp\/v2\/types\/post"}],"author":[{"embeddable":true,"href":"https:\/\/www.zunoticia.com\/noticias-de-hidalgo\/wp-json\/wp\/v2\/users\/20"}],"replies":[{"embeddable":true,"href":"https:\/\/www.zunoticia.com\/noticias-de-hidalgo\/wp-json\/wp\/v2\/comments?post=479960"}],"version-history":[{"count":1,"href":"https:\/\/www.zunoticia.com\/noticias-de-hidalgo\/wp-json\/wp\/v2\/posts\/479960\/revisions"}],"predecessor-version":[{"id":479963,"href":"https:\/\/www.zunoticia.com\/noticias-de-hidalgo\/wp-json\/wp\/v2\/posts\/479960\/revisions\/479963"}],"wp:featuredmedia":[{"embeddable":true,"href":"https:\/\/www.zunoticia.com\/noticias-de-hidalgo\/wp-json\/wp\/v2\/media\/479961"}],"wp:attachment":[{"href":"https:\/\/www.zunoticia.com\/noticias-de-hidalgo\/wp-json\/wp\/v2\/media?parent=479960"}],"wp:term":[{"taxonomy":"category","embeddable":true,"href":"https:\/\/www.zunoticia.com\/noticias-de-hidalgo\/wp-json\/wp\/v2\/categories?post=479960"},{"taxonomy":"post_tag","embeddable":true,"href":"https:\/\/www.zunoticia.com\/noticias-de-hidalgo\/wp-json\/wp\/v2\/tags?post=479960"}],"curies":[{"name":"wp","href":"https:\/\/api.w.org\/{rel}","templated":true}]}}