{"id":479964,"date":"2023-05-03T17:11:34","date_gmt":"2023-05-03T23:11:34","guid":{"rendered":"https:\/\/www.zunoticia.com\/noticias-de-hidalgo\/?p=479964"},"modified":"2023-05-03T17:11:35","modified_gmt":"2023-05-03T23:11:35","slug":"organizan-ciclo-de-conferencias-sobre-salud-mental","status":"publish","type":"post","link":"https:\/\/www.zunoticia.com\/noticias-de-hidalgo\/2023\/05\/03\/organizan-ciclo-de-conferencias-sobre-salud-mental\/","title":{"rendered":"Organizan Ciclo de conferencias sobre Salud mental"},"content":{"rendered":"<aside class=\"mashsb-container mashsb-main mashsb-stretched\"><div class=\"mashsb-box\"><div class=\"mashsb-count mash-large\" style=\"float:left\"><div class=\"counts mashsbcount\">1<\/div><span class=\"mashsb-sharetext\">SHARES<\/span><\/div><div class=\"mashsb-buttons\"><a class=\"mashicon-facebook mash-large mash-center mashsb-noshadow\" href=\"https:\/\/www.facebook.com\/sharer.php?u=https%3A%2F%2Fwww.zunoticia.com%2Fnoticias-de-hidalgo%2F2023%2F05%2F03%2Forganizan-ciclo-de-conferencias-sobre-salud-mental%2F\" target=\"_top\" rel=\"nofollow\"><span class=\"icon\"><\/span><span class=\"text\">Share<\/span><\/a><a class=\"mashicon-twitter mash-large mash-center mashsb-noshadow\" href=\"https:\/\/twitter.com\/intent\/tweet?text=&amp;url=https:\/\/www.zunoticia.com\/noticias-de-hidalgo\/2023\/05\/03\/organizan-ciclo-de-conferencias-sobre-salud-mental\/\" target=\"_top\" rel=\"nofollow\"><span class=\"icon\"><\/span><span class=\"text\">Tweet<\/span><\/a><div class=\"onoffswitch2 mash-large mashsb-noshadow\" style=\"display:none\"><\/div><\/div>\n            <\/div>\n                <div style=\"clear:both\"><\/div><div class=\"mashsb-toggle-container\"><\/div><\/aside>\n            <!-- Share buttons by mashshare.net - Version: 4.0.47-->\n<p><\/p>\n\n\n\n<div class=\"wp-block-media-text alignwide is-stacked-on-mobile\"><figure class=\"wp-block-media-text__media\"><img fetchpriority=\"high\" decoding=\"async\" width=\"1024\" height=\"684\" src=\"https:\/\/www.zunoticia.com\/noticias-de-hidalgo\/wp-content\/uploads\/2023\/05\/03.05.2023-Conferencias-sobre-Salud-Mental-24-1024x684.jpg\" alt=\"\" class=\"wp-image-479965 size-full\" srcset=\"https:\/\/www.zunoticia.com\/noticias-de-hidalgo\/wp-content\/uploads\/2023\/05\/03.05.2023-Conferencias-sobre-Salud-Mental-24-1024x684.jpg 1024w, https:\/\/www.zunoticia.com\/noticias-de-hidalgo\/wp-content\/uploads\/2023\/05\/03.05.2023-Conferencias-sobre-Salud-Mental-24-300x200.jpg 300w, https:\/\/www.zunoticia.com\/noticias-de-hidalgo\/wp-content\/uploads\/2023\/05\/03.05.2023-Conferencias-sobre-Salud-Mental-24-768x513.jpg 768w, https:\/\/www.zunoticia.com\/noticias-de-hidalgo\/wp-content\/uploads\/2023\/05\/03.05.2023-Conferencias-sobre-Salud-Mental-24-1536x1025.jpg 1536w, https:\/\/www.zunoticia.com\/noticias-de-hidalgo\/wp-content\/uploads\/2023\/05\/03.05.2023-Conferencias-sobre-Salud-Mental-24-2048x1367.jpg 2048w, https:\/\/www.zunoticia.com\/noticias-de-hidalgo\/wp-content\/uploads\/2023\/05\/03.05.2023-Conferencias-sobre-Salud-Mental-24-1568x1047.jpg 1568w\" sizes=\"(max-width: 1024px) 100vw, 1024px\" \/><\/figure><div class=\"wp-block-media-text__content\">\n<p><em>Por Redacci\u00f3n\/Zunoticia<\/em><\/p>\n\n\n\n<p><strong>Pachuca de Soto, Hgo<\/strong>.- La Primera Comisi\u00f3n Permanente de Adultos Mayores, presidida por el diputado de Morena, Timoteo L\u00f3pez P\u00e9rez, organiz\u00f3 un ciclo de conferencias sobre salud mental de dicho sector de la poblaci\u00f3n.<\/p>\n\n\n\n<p>Las tem\u00e1ticas de las pl\u00e1ticas fueron: trastornos mentales en personas mayores, a cargo del psiquiatra Isaac Duran Segundo, y depresi\u00f3n, por parte de la geriatra, Cinthya Mustieles Rocha.<\/p>\n\n\n\n<p>El evento realizado en el lobby del Sal\u00f3n de Plenos del Congreso de Hidalgo cont\u00f3 con la presencia de los diputados, Osiris Leines Med\u00e9cigo, Miguel \u00c1ngel Mart\u00ednez G\u00f3mez y de la diputada Vanessa Escalante.<\/p>\n<\/div><\/div>\n","protected":false},"excerpt":{"rendered":"<p>Por Redacci\u00f3n\/Zunoticia Pachuca de Soto, Hgo.- La Primera Comisi\u00f3n Permanente de Adultos Mayores, presidida por el diputado de Morena, Timoteo L\u00f3pez P\u00e9rez, organiz\u00f3 un ciclo de conferencias sobre salud mental de dicho sector de la poblaci\u00f3n. Las tem\u00e1ticas de las pl\u00e1ticas fueron: trastornos mentales en personas mayores, a cargo del psiquiatra Isaac Duran Segundo, y&hellip; <a class=\"more-link\" href=\"https:\/\/www.zunoticia.com\/noticias-de-hidalgo\/2023\/05\/03\/organizan-ciclo-de-conferencias-sobre-salud-mental\/\">Seguir leyendo <span class=\"screen-reader-text\">Organizan Ciclo de conferencias sobre Salud mental<\/span><\/a><\/p>\n","protected":false},"author":20,"featured_media":0,"comment_status":"closed","ping_status":"open","sticky":false,"template":"","format":"standard","meta":{"rop_custom_images_group":[],"rop_custom_messages_group":[],"rop_publish_now":"initial","rop_publish_now_accounts":{"facebook_10159540855086992_322828327761733":""},"rop_publish_now_history":[],"rop_publish_now_status":"pending","footnotes":""},"categories":[208],"tags":[214],"class_list":["post-479964","post","type-post","status-publish","format-standard","hentry","category-estado","tag-estado","entry"],"_links":{"self":[{"href":"https:\/\/www.zunoticia.com\/noticias-de-hidalgo\/wp-json\/wp\/v2\/posts\/479964","targetHints":{"allow":["GET"]}}],"collection":[{"href":"https:\/\/www.zunoticia.com\/noticias-de-hidalgo\/wp-json\/wp\/v2\/posts"}],"about":[{"href":"https:\/\/www.zunoticia.com\/noticias-de-hidalgo\/wp-json\/wp\/v2\/types\/post"}],"author":[{"embeddable":true,"href":"https:\/\/www.zunoticia.com\/noticias-de-hidalgo\/wp-json\/wp\/v2\/users\/20"}],"replies":[{"embeddable":true,"href":"https:\/\/www.zunoticia.com\/noticias-de-hidalgo\/wp-json\/wp\/v2\/comments?post=479964"}],"version-history":[{"count":1,"href":"https:\/\/www.zunoticia.com\/noticias-de-hidalgo\/wp-json\/wp\/v2\/posts\/479964\/revisions"}],"predecessor-version":[{"id":479966,"href":"https:\/\/www.zunoticia.com\/noticias-de-hidalgo\/wp-json\/wp\/v2\/posts\/479964\/revisions\/479966"}],"wp:attachment":[{"href":"https:\/\/www.zunoticia.com\/noticias-de-hidalgo\/wp-json\/wp\/v2\/media?parent=479964"}],"wp:term":[{"taxonomy":"category","embeddable":true,"href":"https:\/\/www.zunoticia.com\/noticias-de-hidalgo\/wp-json\/wp\/v2\/categories?post=479964"},{"taxonomy":"post_tag","embeddable":true,"href":"https:\/\/www.zunoticia.com\/noticias-de-hidalgo\/wp-json\/wp\/v2\/tags?post=479964"}],"curies":[{"name":"wp","href":"https:\/\/api.w.org\/{rel}","templated":true}]}}