{"id":479968,"date":"2023-05-03T17:39:26","date_gmt":"2023-05-03T23:39:26","guid":{"rendered":"https:\/\/www.zunoticia.com\/noticias-de-hidalgo\/?p=479968"},"modified":"2023-05-03T17:39:27","modified_gmt":"2023-05-03T23:39:27","slug":"el-proyecto-de-cambio-de-techo-del-laminado-supera-los-15mdp-alcalde","status":"publish","type":"post","link":"https:\/\/www.zunoticia.com\/noticias-de-hidalgo\/2023\/05\/03\/el-proyecto-de-cambio-de-techo-del-laminado-supera-los-15mdp-alcalde\/","title":{"rendered":"El proyecto de cambio de techo del Laminado supera los 15MDP: Alcalde"},"content":{"rendered":"<aside class=\"mashsb-container mashsb-main mashsb-stretched\"><div class=\"mashsb-box\"><div class=\"mashsb-count mash-large\" style=\"float:left\"><div class=\"counts mashsbcount\">28<\/div><span class=\"mashsb-sharetext\">SHARES<\/span><\/div><div class=\"mashsb-buttons\"><a class=\"mashicon-facebook mash-large mash-center mashsb-noshadow\" href=\"https:\/\/www.facebook.com\/sharer.php?u=https%3A%2F%2Fwww.zunoticia.com%2Fnoticias-de-hidalgo%2F2023%2F05%2F03%2Fel-proyecto-de-cambio-de-techo-del-laminado-supera-los-15mdp-alcalde%2F\" target=\"_top\" rel=\"nofollow\"><span class=\"icon\"><\/span><span class=\"text\">Share<\/span><\/a><a class=\"mashicon-twitter mash-large mash-center mashsb-noshadow\" href=\"https:\/\/twitter.com\/intent\/tweet?text=&amp;url=https:\/\/www.zunoticia.com\/noticias-de-hidalgo\/2023\/05\/03\/el-proyecto-de-cambio-de-techo-del-laminado-supera-los-15mdp-alcalde\/\" target=\"_top\" rel=\"nofollow\"><span class=\"icon\"><\/span><span class=\"text\">Tweet<\/span><\/a><div class=\"onoffswitch2 mash-large mashsb-noshadow\" style=\"display:none\"><\/div><\/div>\n            <\/div>\n                <div style=\"clear:both\"><\/div><div class=\"mashsb-toggle-container\"><\/div><\/aside>\n            <!-- Share buttons by mashshare.net - Version: 4.0.47-->\n<p><\/p>\n\n\n\n<p><em>Por Salvador Altamirano\/Zunoticia<\/em><\/p>\n\n\n\n<p><strong>Huejutla, Hgo.-<\/strong> Entrevistado en torno a la gesti\u00f3n de los locatarios de la zona del laminado, consistente en la rehabilitaci\u00f3n o en su defecto cambio del techo de la galera, el presidente municipal Daniel Andrade Zurutuza manifest\u00f3 que, ya se tiene integrado el proyecto, el cual se cristalizar\u00e1 con una inversi\u00f3n superior a los 15 millones de pesos (MDP).<\/p>\n\n\n\n<p>Agreg\u00f3 que, para tal efecto, se encuentra en la gesti\u00f3n ante diferentes dependencias de los gobiernos federal y estatal, que ya tienen conocimiento de ello, \u201cestamos esperando una respuesta positiva para ver si la participaci\u00f3n ser\u00e1 bipartita, tripartita o de d\u00f3nde podr\u00eda emanar el recurso\u201d.<\/p>\n\n\n\n<p>Subray\u00f3 que, dadas las caracter\u00edsticas y la magnitud de la obra, dif\u00edcilmente podr\u00eda acceder en una sola exhibici\u00f3n de parte del municipio, y aunque la zona comercial se encuentra en terrenos municipales, hay que recordar que la posesi\u00f3n la tienen los locatarios y ser\u00eda en beneficio de ellos.<\/p>\n\n\n\n<p>En el mismo contexto, refiri\u00f3 que, en alg\u00fan momento se pens\u00f3 en un proyecto alterno en donde cada uno de los comerciantes pudiera generar alguna aportaci\u00f3n, \u201cpero por la magnitud y el costo de la obra les ser\u00eda muy complicado, por lo que estamos nosotros tocando las puertas, pero necesitamos la colaboraci\u00f3n, la suma y la voluntad de todos, ya que abrimos los caminos, pero necesitamos la determinaci\u00f3n y acompa\u00f1amiento para que su gesti\u00f3n pueda caminar\u201d.<\/p>\n\n\n\n<p>A pregunta formulada, coment\u00f3 que si los locatarios de la zona del laminado no han tenido una respuesta es porque no la han buscado, \u201cnosotros siempre estamos abiertos, y como hoy, todos los d\u00edas andamos en la calle, precisamente, escuchando a la ciudadan\u00eda, atendi\u00e9ndola y tratar que cada uno de los diferentes sectores de la poblaci\u00f3n pueda tener eco en sus gestiones\u201d.<\/p>\n\n\n\n<p>Andrade Zurutuza acentu\u00f3 \u201chay algunos temas que tienen que ver directamente con la injerencia del presupuesto del municipio, y de otros, como la del cambio del techo de la zona del laminado, necesitamos apoyo de otras instancias\u201d.<\/p>\n\n\n\n<p>Para finalizar, enfatiz\u00f3 que, como administraci\u00f3n est\u00e1n convencidos que el motor que rige a la ciudad tiene que ver con los temas cultural y gastron\u00f3mico, pero el empresarial, el sector econ\u00f3mico es fundamental para el desarrollo de cualquier pueblo y Huejutla vive del comercio, lo que nos ha dado fortaleza en comparaci\u00f3n a otros municipios que hace 40 o 50 a\u00f1os comercialmente nos llevaban ventaja, \u201choy estamos a la vanguardia en ese aspecto pero nos hace falta mejorar, como poder descentralizar la carga administrativa, sobre todo, de los comercios bancarios que hay en el primer cuadro de la ciudad, buscaremos alternativas para que ese comercio financiero se vaya a otros lugares\u201d.<\/p>\n\n\n\n<figure class=\"wp-block-image size-full\"><img fetchpriority=\"high\" decoding=\"async\" width=\"940\" height=\"788\" src=\"https:\/\/www.zunoticia.com\/noticias-de-hidalgo\/wp-content\/uploads\/2023\/05\/1-23.png\" alt=\"\" class=\"wp-image-479970\" srcset=\"https:\/\/www.zunoticia.com\/noticias-de-hidalgo\/wp-content\/uploads\/2023\/05\/1-23.png 940w, https:\/\/www.zunoticia.com\/noticias-de-hidalgo\/wp-content\/uploads\/2023\/05\/1-23-300x251.png 300w, https:\/\/www.zunoticia.com\/noticias-de-hidalgo\/wp-content\/uploads\/2023\/05\/1-23-768x644.png 768w\" sizes=\"(max-width: 940px) 100vw, 940px\" \/><\/figure>\n","protected":false},"excerpt":{"rendered":"<p>Por Salvador Altamirano\/Zunoticia Huejutla, Hgo.- Entrevistado en torno a la gesti\u00f3n de los locatarios de la zona del laminado, consistente en la rehabilitaci\u00f3n o en su defecto cambio del techo de la galera, el presidente municipal Daniel Andrade Zurutuza manifest\u00f3 que, ya se tiene integrado el proyecto, el cual se cristalizar\u00e1 con una inversi\u00f3n superior&hellip; <a class=\"more-link\" href=\"https:\/\/www.zunoticia.com\/noticias-de-hidalgo\/2023\/05\/03\/el-proyecto-de-cambio-de-techo-del-laminado-supera-los-15mdp-alcalde\/\">Seguir leyendo <span class=\"screen-reader-text\">El proyecto de cambio de techo del Laminado supera los 15MDP: Alcalde<\/span><\/a><\/p>\n","protected":false},"author":20,"featured_media":479969,"comment_status":"closed","ping_status":"open","sticky":false,"template":"","format":"standard","meta":{"rop_custom_images_group":[],"rop_custom_messages_group":[],"rop_publish_now":"initial","rop_publish_now_accounts":{"facebook_10159540855086992_322828327761733":""},"rop_publish_now_history":[],"rop_publish_now_status":"pending","footnotes":""},"categories":[181],"tags":[121],"class_list":["post-479968","post","type-post","status-publish","format-standard","has-post-thumbnail","hentry","category-huejutla","tag-huejutla","entry"],"_links":{"self":[{"href":"https:\/\/www.zunoticia.com\/noticias-de-hidalgo\/wp-json\/wp\/v2\/posts\/479968","targetHints":{"allow":["GET"]}}],"collection":[{"href":"https:\/\/www.zunoticia.com\/noticias-de-hidalgo\/wp-json\/wp\/v2\/posts"}],"about":[{"href":"https:\/\/www.zunoticia.com\/noticias-de-hidalgo\/wp-json\/wp\/v2\/types\/post"}],"author":[{"embeddable":true,"href":"https:\/\/www.zunoticia.com\/noticias-de-hidalgo\/wp-json\/wp\/v2\/users\/20"}],"replies":[{"embeddable":true,"href":"https:\/\/www.zunoticia.com\/noticias-de-hidalgo\/wp-json\/wp\/v2\/comments?post=479968"}],"version-history":[{"count":1,"href":"https:\/\/www.zunoticia.com\/noticias-de-hidalgo\/wp-json\/wp\/v2\/posts\/479968\/revisions"}],"predecessor-version":[{"id":479971,"href":"https:\/\/www.zunoticia.com\/noticias-de-hidalgo\/wp-json\/wp\/v2\/posts\/479968\/revisions\/479971"}],"wp:featuredmedia":[{"embeddable":true,"href":"https:\/\/www.zunoticia.com\/noticias-de-hidalgo\/wp-json\/wp\/v2\/media\/479969"}],"wp:attachment":[{"href":"https:\/\/www.zunoticia.com\/noticias-de-hidalgo\/wp-json\/wp\/v2\/media?parent=479968"}],"wp:term":[{"taxonomy":"category","embeddable":true,"href":"https:\/\/www.zunoticia.com\/noticias-de-hidalgo\/wp-json\/wp\/v2\/categories?post=479968"},{"taxonomy":"post_tag","embeddable":true,"href":"https:\/\/www.zunoticia.com\/noticias-de-hidalgo\/wp-json\/wp\/v2\/tags?post=479968"}],"curies":[{"name":"wp","href":"https:\/\/api.w.org\/{rel}","templated":true}]}}