{"id":479975,"date":"2023-05-03T18:09:29","date_gmt":"2023-05-04T00:09:29","guid":{"rendered":"https:\/\/www.zunoticia.com\/noticias-de-hidalgo\/?p=479975"},"modified":"2023-05-03T18:09:30","modified_gmt":"2023-05-04T00:09:30","slug":"imparten-platicas-de-derechos-de-los-ninos-en-primarias","status":"publish","type":"post","link":"https:\/\/www.zunoticia.com\/noticias-de-hidalgo\/2023\/05\/03\/imparten-platicas-de-derechos-de-los-ninos-en-primarias\/","title":{"rendered":"Imparten pl\u00e1ticas de derechos de los ni\u00f1os en primarias"},"content":{"rendered":"<aside class=\"mashsb-container mashsb-main mashsb-stretched\"><div class=\"mashsb-box\"><div class=\"mashsb-count mash-large\" style=\"float:left\"><div class=\"counts mashsbcount\">16<\/div><span class=\"mashsb-sharetext\">SHARES<\/span><\/div><div class=\"mashsb-buttons\"><a class=\"mashicon-facebook mash-large mash-center mashsb-noshadow\" href=\"https:\/\/www.facebook.com\/sharer.php?u=https%3A%2F%2Fwww.zunoticia.com%2Fnoticias-de-hidalgo%2F2023%2F05%2F03%2Fimparten-platicas-de-derechos-de-los-ninos-en-primarias%2F\" target=\"_top\" rel=\"nofollow\"><span class=\"icon\"><\/span><span class=\"text\">Share<\/span><\/a><a class=\"mashicon-twitter mash-large mash-center mashsb-noshadow\" href=\"https:\/\/twitter.com\/intent\/tweet?text=&amp;url=https:\/\/www.zunoticia.com\/noticias-de-hidalgo\/2023\/05\/03\/imparten-platicas-de-derechos-de-los-ninos-en-primarias\/\" target=\"_top\" rel=\"nofollow\"><span class=\"icon\"><\/span><span class=\"text\">Tweet<\/span><\/a><div class=\"onoffswitch2 mash-large mashsb-noshadow\" style=\"display:none\"><\/div><\/div>\n            <\/div>\n                <div style=\"clear:both\"><\/div><div class=\"mashsb-toggle-container\"><\/div><\/aside>\n            <!-- Share buttons by mashshare.net - Version: 4.0.47-->\n<p>\u00a0<\/p>\n\n\n\n<p><em>Por Roberto Meza\/Zunoticia<\/em><\/p>\n\n\n\n<p><strong>Yahualica, Hgo<\/strong>.- Con la finalidad de dar a conocer los derechos humanos y dem\u00e1s garant\u00edas de los ni\u00f1os y adolescentes, como elementos fundamentales para fortalecer el conocimiento y estudio de los mismos, mediante la focalizaci\u00f3n de esfuerzos con enfoque preventivo para contribuir a la protecci\u00f3n integral, el DIF local a trav\u00e9s del Programa de Atenci\u00f3n a Menores y Adolescentes en Riesgo -PAMAR- y el Sistema Municipal Integral de los derechos de los Ni\u00f1as, Ni\u00f1os Adolescentes -SIPINNA- impartieron un taller de derechos humanos.<\/p>\n\n\n\n<p>Lo anterior, por instrucciones de la titular del DIF local, Enfermera Petra Mart\u00ednez P\u00e9rez en coordinaci\u00f3n con SIPPINA Yahualica y Centro PAMAR, impartieron los talleres de \u201cDerecho de las ni\u00f1as y ni\u00f1os\u201d, &#8220;Emociones&#8221; y &#8220;Autoestima&#8221;, en las escuelas primarias generales de Pepeyocatitla y El Arenal.<\/p>\n\n\n\n<p>Lo que se busca con esto es mantener a los ni\u00f1os y ni\u00f1as en un ambiente sano para su desarrollo y ejerzan sus derechos, por lo que se brinda, protecci\u00f3n integral, jur\u00eddica-social y psicol\u00f3gica.<\/p>\n\n\n\n<figure class=\"wp-block-image size-full\"><img fetchpriority=\"high\" decoding=\"async\" width=\"940\" height=\"788\" src=\"https:\/\/www.zunoticia.com\/noticias-de-hidalgo\/wp-content\/uploads\/2023\/05\/2-24.png\" alt=\"\" class=\"wp-image-479977\" srcset=\"https:\/\/www.zunoticia.com\/noticias-de-hidalgo\/wp-content\/uploads\/2023\/05\/2-24.png 940w, https:\/\/www.zunoticia.com\/noticias-de-hidalgo\/wp-content\/uploads\/2023\/05\/2-24-300x251.png 300w, https:\/\/www.zunoticia.com\/noticias-de-hidalgo\/wp-content\/uploads\/2023\/05\/2-24-768x644.png 768w\" sizes=\"(max-width: 940px) 100vw, 940px\" \/><\/figure>\n","protected":false},"excerpt":{"rendered":"<p>\u00a0 Por Roberto Meza\/Zunoticia Yahualica, Hgo.- Con la finalidad de dar a conocer los derechos humanos y dem\u00e1s garant\u00edas de los ni\u00f1os y adolescentes, como elementos fundamentales para fortalecer el conocimiento y estudio de los mismos, mediante la focalizaci\u00f3n de esfuerzos con enfoque preventivo para contribuir a la protecci\u00f3n integral, el DIF local a trav\u00e9s&hellip; <a class=\"more-link\" href=\"https:\/\/www.zunoticia.com\/noticias-de-hidalgo\/2023\/05\/03\/imparten-platicas-de-derechos-de-los-ninos-en-primarias\/\">Seguir leyendo <span class=\"screen-reader-text\">Imparten pl\u00e1ticas de derechos de los ni\u00f1os en primarias<\/span><\/a><\/p>\n","protected":false},"author":20,"featured_media":479976,"comment_status":"closed","ping_status":"open","sticky":false,"template":"","format":"standard","meta":{"rop_custom_images_group":[],"rop_custom_messages_group":[],"rop_publish_now":"initial","rop_publish_now_accounts":{"facebook_10159540855086992_322828327761733":""},"rop_publish_now_history":[],"rop_publish_now_status":"pending","footnotes":""},"categories":[203],"tags":[123],"class_list":["post-479975","post","type-post","status-publish","format-standard","has-post-thumbnail","hentry","category-yahualica","tag-yahualica","entry"],"_links":{"self":[{"href":"https:\/\/www.zunoticia.com\/noticias-de-hidalgo\/wp-json\/wp\/v2\/posts\/479975","targetHints":{"allow":["GET"]}}],"collection":[{"href":"https:\/\/www.zunoticia.com\/noticias-de-hidalgo\/wp-json\/wp\/v2\/posts"}],"about":[{"href":"https:\/\/www.zunoticia.com\/noticias-de-hidalgo\/wp-json\/wp\/v2\/types\/post"}],"author":[{"embeddable":true,"href":"https:\/\/www.zunoticia.com\/noticias-de-hidalgo\/wp-json\/wp\/v2\/users\/20"}],"replies":[{"embeddable":true,"href":"https:\/\/www.zunoticia.com\/noticias-de-hidalgo\/wp-json\/wp\/v2\/comments?post=479975"}],"version-history":[{"count":1,"href":"https:\/\/www.zunoticia.com\/noticias-de-hidalgo\/wp-json\/wp\/v2\/posts\/479975\/revisions"}],"predecessor-version":[{"id":479978,"href":"https:\/\/www.zunoticia.com\/noticias-de-hidalgo\/wp-json\/wp\/v2\/posts\/479975\/revisions\/479978"}],"wp:featuredmedia":[{"embeddable":true,"href":"https:\/\/www.zunoticia.com\/noticias-de-hidalgo\/wp-json\/wp\/v2\/media\/479976"}],"wp:attachment":[{"href":"https:\/\/www.zunoticia.com\/noticias-de-hidalgo\/wp-json\/wp\/v2\/media?parent=479975"}],"wp:term":[{"taxonomy":"category","embeddable":true,"href":"https:\/\/www.zunoticia.com\/noticias-de-hidalgo\/wp-json\/wp\/v2\/categories?post=479975"},{"taxonomy":"post_tag","embeddable":true,"href":"https:\/\/www.zunoticia.com\/noticias-de-hidalgo\/wp-json\/wp\/v2\/tags?post=479975"}],"curies":[{"name":"wp","href":"https:\/\/api.w.org\/{rel}","templated":true}]}}