{"id":479979,"date":"2023-05-03T18:20:46","date_gmt":"2023-05-04T00:20:46","guid":{"rendered":"https:\/\/www.zunoticia.com\/noticias-de-hidalgo\/?p=479979"},"modified":"2023-05-03T18:20:47","modified_gmt":"2023-05-04T00:20:47","slug":"delegado-municipal-de-la-zona-centro-gestionara-estacionamiento-subterraneo","status":"publish","type":"post","link":"https:\/\/www.zunoticia.com\/noticias-de-hidalgo\/2023\/05\/03\/delegado-municipal-de-la-zona-centro-gestionara-estacionamiento-subterraneo\/","title":{"rendered":"Delegado municipal de la Zona Centro gestionar\u00e1 estacionamiento subterr\u00e1neo"},"content":{"rendered":"<aside class=\"mashsb-container mashsb-main mashsb-stretched\"><div class=\"mashsb-box\"><div class=\"mashsb-count mash-large\" style=\"float:left\"><div class=\"counts mashsbcount\">1<\/div><span class=\"mashsb-sharetext\">SHARES<\/span><\/div><div class=\"mashsb-buttons\"><a class=\"mashicon-facebook mash-large mash-center mashsb-noshadow\" href=\"https:\/\/www.facebook.com\/sharer.php?u=https%3A%2F%2Fwww.zunoticia.com%2Fnoticias-de-hidalgo%2F2023%2F05%2F03%2Fdelegado-municipal-de-la-zona-centro-gestionara-estacionamiento-subterraneo%2F\" target=\"_top\" rel=\"nofollow\"><span class=\"icon\"><\/span><span class=\"text\">Share<\/span><\/a><a class=\"mashicon-twitter mash-large mash-center mashsb-noshadow\" href=\"https:\/\/twitter.com\/intent\/tweet?text=&amp;url=https:\/\/www.zunoticia.com\/noticias-de-hidalgo\/2023\/05\/03\/delegado-municipal-de-la-zona-centro-gestionara-estacionamiento-subterraneo\/\" target=\"_top\" rel=\"nofollow\"><span class=\"icon\"><\/span><span class=\"text\">Tweet<\/span><\/a><div class=\"onoffswitch2 mash-large mashsb-noshadow\" style=\"display:none\"><\/div><\/div>\n            <\/div>\n                <div style=\"clear:both\"><\/div><div class=\"mashsb-toggle-container\"><\/div><\/aside>\n            <!-- Share buttons by mashshare.net - Version: 4.0.47-->\n<p><\/p>\n\n\n\n<p><em>Por Salvador Altamirano\/Zunoticia<\/em><\/p>\n\n\n\n<p><strong>Huejutla, Hgo<\/strong>.- Entrevistado en torno a la opini\u00f3n ciudadana, consistente en hacer un estacionamiento subterr\u00e1neo en la Plaza 21 de Mayo, el delegado municipal de la Zona Centro, Felipe de Jes\u00fas Rodr\u00edguez Vera, enfatiz\u00f3 que es una excelente idea, y hay que gestionar para materializar ese sue\u00f1o.<\/p>\n\n\n\n<p>A\u00f1adi\u00f3 que, es necesario que Huejutla d\u00e9 el paso para el siguiente nivel que es ciudad, ya que actualmente es \u201cun pueblo grande\u201d, un \u201cranchote\u201d, en donde no hay orden vehicular, los conductores se estacionan por doquier, hay una total anarqu\u00eda que le da un mal aspecto al Centro Hist\u00f3rico.<\/p>\n\n\n\n<p>Rememor\u00f3 que, hace algunos a\u00f1os hubo un proyecto de esa \u00edndole, el cual present\u00f3 el responsable de la empresa constructora, que hizo el estacionamiento subterr\u00e1neo en el Puerto de Tampico, Tamaulipas, pero no se sabe qu\u00e9 pas\u00f3, que no se dio el siguiente paso, o sea, cristalizar la obra.<\/p>\n\n\n\n<p>En el mismo contexto, detall\u00f3 que, el proyecto original de la remodelaci\u00f3n del Centro Hist\u00f3rico de Huejutla integraba andadores peatonales en donde est\u00e1n las calles aleda\u00f1as, el cual fue presentado por el gobierno estatal en la administraci\u00f3n municipal de Marco Antonio Ramos Moguel, pero fue cambiado, por lo que ser\u00eda pertinente que se volviera a retomar para que las personas puedan caminar con comodidad y seguridad como en el de Tampico, y los veh\u00edculos que ingresen al estacionamiento.<\/p>\n\n\n\n<p>Para finalizar, Rodr\u00edguez Vera coment\u00f3 que, para que se lleve a cabo esa obra hay que realizar gestiones, las cuales llevar\u00e1 a cabo de manera personal ante los gobiernos municipal y estatal, ya que ser\u00eda un gran paso al progreso.<\/p>\n\n\n\n<p><\/p>\n","protected":false},"excerpt":{"rendered":"<p>Por Salvador Altamirano\/Zunoticia Huejutla, Hgo.- Entrevistado en torno a la opini\u00f3n ciudadana, consistente en hacer un estacionamiento subterr\u00e1neo en la Plaza 21 de Mayo, el delegado municipal de la Zona Centro, Felipe de Jes\u00fas Rodr\u00edguez Vera, enfatiz\u00f3 que es una excelente idea, y hay que gestionar para materializar ese sue\u00f1o. A\u00f1adi\u00f3 que, es necesario que&hellip; <a class=\"more-link\" href=\"https:\/\/www.zunoticia.com\/noticias-de-hidalgo\/2023\/05\/03\/delegado-municipal-de-la-zona-centro-gestionara-estacionamiento-subterraneo\/\">Seguir leyendo <span class=\"screen-reader-text\">Delegado municipal de la Zona Centro gestionar\u00e1 estacionamiento subterr\u00e1neo<\/span><\/a><\/p>\n","protected":false},"author":20,"featured_media":479980,"comment_status":"closed","ping_status":"open","sticky":false,"template":"","format":"standard","meta":{"rop_custom_images_group":[],"rop_custom_messages_group":[],"rop_publish_now":"initial","rop_publish_now_accounts":{"facebook_10159540855086992_322828327761733":""},"rop_publish_now_history":[],"rop_publish_now_status":"pending","footnotes":""},"categories":[181],"tags":[121],"class_list":["post-479979","post","type-post","status-publish","format-standard","has-post-thumbnail","hentry","category-huejutla","tag-huejutla","entry"],"_links":{"self":[{"href":"https:\/\/www.zunoticia.com\/noticias-de-hidalgo\/wp-json\/wp\/v2\/posts\/479979","targetHints":{"allow":["GET"]}}],"collection":[{"href":"https:\/\/www.zunoticia.com\/noticias-de-hidalgo\/wp-json\/wp\/v2\/posts"}],"about":[{"href":"https:\/\/www.zunoticia.com\/noticias-de-hidalgo\/wp-json\/wp\/v2\/types\/post"}],"author":[{"embeddable":true,"href":"https:\/\/www.zunoticia.com\/noticias-de-hidalgo\/wp-json\/wp\/v2\/users\/20"}],"replies":[{"embeddable":true,"href":"https:\/\/www.zunoticia.com\/noticias-de-hidalgo\/wp-json\/wp\/v2\/comments?post=479979"}],"version-history":[{"count":1,"href":"https:\/\/www.zunoticia.com\/noticias-de-hidalgo\/wp-json\/wp\/v2\/posts\/479979\/revisions"}],"predecessor-version":[{"id":479981,"href":"https:\/\/www.zunoticia.com\/noticias-de-hidalgo\/wp-json\/wp\/v2\/posts\/479979\/revisions\/479981"}],"wp:featuredmedia":[{"embeddable":true,"href":"https:\/\/www.zunoticia.com\/noticias-de-hidalgo\/wp-json\/wp\/v2\/media\/479980"}],"wp:attachment":[{"href":"https:\/\/www.zunoticia.com\/noticias-de-hidalgo\/wp-json\/wp\/v2\/media?parent=479979"}],"wp:term":[{"taxonomy":"category","embeddable":true,"href":"https:\/\/www.zunoticia.com\/noticias-de-hidalgo\/wp-json\/wp\/v2\/categories?post=479979"},{"taxonomy":"post_tag","embeddable":true,"href":"https:\/\/www.zunoticia.com\/noticias-de-hidalgo\/wp-json\/wp\/v2\/tags?post=479979"}],"curies":[{"name":"wp","href":"https:\/\/api.w.org\/{rel}","templated":true}]}}