{"id":480008,"date":"2023-05-03T20:13:01","date_gmt":"2023-05-04T02:13:01","guid":{"rendered":"https:\/\/www.zunoticia.com\/noticias-de-hidalgo\/?p=480008"},"modified":"2023-05-03T20:13:02","modified_gmt":"2023-05-04T02:13:02","slug":"conmemoraran-un-aniversario-mas-en-la-colonia-5-de-mayo","status":"publish","type":"post","link":"https:\/\/www.zunoticia.com\/noticias-de-hidalgo\/2023\/05\/03\/conmemoraran-un-aniversario-mas-en-la-colonia-5-de-mayo\/","title":{"rendered":"Conmemorar\u00e1n un aniversario m\u00e1s en la Colonia 5 de Mayo"},"content":{"rendered":"<aside class=\"mashsb-container mashsb-main mashsb-stretched\"><div class=\"mashsb-box\"><div class=\"mashsb-count mash-large\" style=\"float:left\"><div class=\"counts mashsbcount\">17<\/div><span class=\"mashsb-sharetext\">SHARES<\/span><\/div><div class=\"mashsb-buttons\"><a class=\"mashicon-facebook mash-large mash-center mashsb-noshadow\" href=\"https:\/\/www.facebook.com\/sharer.php?u=https%3A%2F%2Fwww.zunoticia.com%2Fnoticias-de-hidalgo%2F2023%2F05%2F03%2Fconmemoraran-un-aniversario-mas-en-la-colonia-5-de-mayo%2F\" target=\"_top\" rel=\"nofollow\"><span class=\"icon\"><\/span><span class=\"text\">Share<\/span><\/a><a class=\"mashicon-twitter mash-large mash-center mashsb-noshadow\" href=\"https:\/\/twitter.com\/intent\/tweet?text=&amp;url=https:\/\/www.zunoticia.com\/noticias-de-hidalgo\/2023\/05\/03\/conmemoraran-un-aniversario-mas-en-la-colonia-5-de-mayo\/\" target=\"_top\" rel=\"nofollow\"><span class=\"icon\"><\/span><span class=\"text\">Tweet<\/span><\/a><div class=\"onoffswitch2 mash-large mashsb-noshadow\" style=\"display:none\"><\/div><\/div>\n            <\/div>\n                <div style=\"clear:both\"><\/div><div class=\"mashsb-toggle-container\"><\/div><\/aside>\n            <!-- Share buttons by mashshare.net - Version: 4.0.47-->\n<p><em>Por Karen Rivera\/Zunoticia<\/em><\/p>\n\n\n\n<p><strong>Huejutla de Reyes, Hgo.-<\/strong> Con la finalidad de no dejar desapercibido el d\u00eda y para continuar preservando las tradiciones, la Colonia 5 de Mayo realizar\u00e1 actividades culturales para hacerle honor a su sector.<\/p>\n\n\n\n<p>El Delegado del mencionado sector, Mois\u00e9s Loaiza Hern\u00e1ndez, junto con la Subdelegada, Paulina Nava Oviedo, realizaron las gestiones correspondientes ante el presidente, Daniel Andrade Zurutuza y a su vez acompa\u00f1ar al edil a la ofrenda floral que se realizar\u00e1 en punto de las 8:00 de la ma\u00f1ana en la plaza 5 de Mayo, acto c\u00edvico por el CLX Aniversario de la Batalla de Puebla.&nbsp;<\/p>\n\n\n\n<p>La m\u00e1xima autoridad de la Colonia inform\u00f3 que no quieren dejar pasar desapercibida una fecha conmemorativa, en la cual, nunca se ha realizado como tal el aniversario del citado sector.<\/p>\n\n\n\n<p>\u201cTiene una semejanza al evento hist\u00f3rico de la Batalla de Puebla, vamos a hacer un evento sencillo, pero significativo para nuestra colonia y hemos decidido acompa\u00f1ar al presidente municipal, en el homenaje al 5 de Mayo que es una ofrenda floral en el sector a las 8:00 de la ma\u00f1ana\u201d, cit\u00f3.<\/p>\n\n\n\n<p>Coment\u00f3 que en punto de las 17:00 horas se llevar\u00e1 a cabo un evento socio cultural, sin embargo, a partir de este mi\u00e9rcoles, invitar\u00e1n a los vecinos para que quienes deseen vender productos gastron\u00f3micos puedan acompa\u00f1arlos en esta actividad.<\/p>\n\n\n\n<p>Dijo que m\u00e1s tarde, a las 9:00 de la noche se iniciar\u00e1 un baile familiar donde el Tr\u00edo Huapanguero \u201cLos Reyes de Hidalgo\u201d, estar\u00e1 amenizando el evento, haciendo extensiva la invitaci\u00f3n a la poblaci\u00f3n y dem\u00e1s sectores para que acudan a zapatear al son de la quinta huapanguera y la jarana.<\/p>\n\n\n\n<p>Afirm\u00f3 el delegado que para esta ocasi\u00f3n se ten\u00eda programado un evento masivo con el grupo \u201cSelva Negra\u201d, no obstante, el sector no est\u00e1 en condiciones para ofrecer este tipo de espect\u00e1culos, lo que motiv\u00f3 a suspender el mismo y hacer actividades m\u00e1s sencillas.<\/p>\n\n\n\n<p>A\u00f1adi\u00f3 que esto ser\u00e1 un programa familiar donde pretenden rescatar la parte socio cultural, que anteriormente se ten\u00eda.<\/p>\n","protected":false},"excerpt":{"rendered":"<p>Por Karen Rivera\/Zunoticia Huejutla de Reyes, Hgo.- Con la finalidad de no dejar desapercibido el d\u00eda y para continuar preservando las tradiciones, la Colonia 5 de Mayo realizar\u00e1 actividades culturales para hacerle honor a su sector. El Delegado del mencionado sector, Mois\u00e9s Loaiza Hern\u00e1ndez, junto con la Subdelegada, Paulina Nava Oviedo, realizaron las gestiones correspondientes&hellip; <a class=\"more-link\" href=\"https:\/\/www.zunoticia.com\/noticias-de-hidalgo\/2023\/05\/03\/conmemoraran-un-aniversario-mas-en-la-colonia-5-de-mayo\/\">Seguir leyendo <span class=\"screen-reader-text\">Conmemorar\u00e1n un aniversario m\u00e1s en la Colonia 5 de Mayo<\/span><\/a><\/p>\n","protected":false},"author":12,"featured_media":479998,"comment_status":"closed","ping_status":"open","sticky":false,"template":"","format":"standard","meta":{"rop_custom_images_group":[],"rop_custom_messages_group":[],"rop_publish_now":"initial","rop_publish_now_accounts":{"facebook_10159540855086992_322828327761733":""},"rop_publish_now_history":[],"rop_publish_now_status":"pending","footnotes":""},"categories":[181],"tags":[121],"class_list":["post-480008","post","type-post","status-publish","format-standard","has-post-thumbnail","hentry","category-huejutla","tag-huejutla","entry"],"_links":{"self":[{"href":"https:\/\/www.zunoticia.com\/noticias-de-hidalgo\/wp-json\/wp\/v2\/posts\/480008","targetHints":{"allow":["GET"]}}],"collection":[{"href":"https:\/\/www.zunoticia.com\/noticias-de-hidalgo\/wp-json\/wp\/v2\/posts"}],"about":[{"href":"https:\/\/www.zunoticia.com\/noticias-de-hidalgo\/wp-json\/wp\/v2\/types\/post"}],"author":[{"embeddable":true,"href":"https:\/\/www.zunoticia.com\/noticias-de-hidalgo\/wp-json\/wp\/v2\/users\/12"}],"replies":[{"embeddable":true,"href":"https:\/\/www.zunoticia.com\/noticias-de-hidalgo\/wp-json\/wp\/v2\/comments?post=480008"}],"version-history":[{"count":1,"href":"https:\/\/www.zunoticia.com\/noticias-de-hidalgo\/wp-json\/wp\/v2\/posts\/480008\/revisions"}],"predecessor-version":[{"id":480014,"href":"https:\/\/www.zunoticia.com\/noticias-de-hidalgo\/wp-json\/wp\/v2\/posts\/480008\/revisions\/480014"}],"wp:featuredmedia":[{"embeddable":true,"href":"https:\/\/www.zunoticia.com\/noticias-de-hidalgo\/wp-json\/wp\/v2\/media\/479998"}],"wp:attachment":[{"href":"https:\/\/www.zunoticia.com\/noticias-de-hidalgo\/wp-json\/wp\/v2\/media?parent=480008"}],"wp:term":[{"taxonomy":"category","embeddable":true,"href":"https:\/\/www.zunoticia.com\/noticias-de-hidalgo\/wp-json\/wp\/v2\/categories?post=480008"},{"taxonomy":"post_tag","embeddable":true,"href":"https:\/\/www.zunoticia.com\/noticias-de-hidalgo\/wp-json\/wp\/v2\/tags?post=480008"}],"curies":[{"name":"wp","href":"https:\/\/api.w.org\/{rel}","templated":true}]}}