{"id":480013,"date":"2023-05-03T20:17:37","date_gmt":"2023-05-04T02:17:37","guid":{"rendered":"https:\/\/www.zunoticia.com\/noticias-de-hidalgo\/?p=480013"},"modified":"2023-05-03T20:17:39","modified_gmt":"2023-05-04T02:17:39","slug":"ya-estamos-en-tramites-con-el-inah-prisco-m","status":"publish","type":"post","link":"https:\/\/www.zunoticia.com\/noticias-de-hidalgo\/2023\/05\/03\/ya-estamos-en-tramites-con-el-inah-prisco-m\/","title":{"rendered":"Ya estamos en tr\u00e1mites con el INAH: Prisco M."},"content":{"rendered":"<aside class=\"mashsb-container mashsb-main mashsb-stretched\"><div class=\"mashsb-box\"><div class=\"mashsb-count mash-large\" style=\"float:left\"><div class=\"counts mashsbcount\">60<\/div><span class=\"mashsb-sharetext\">SHARES<\/span><\/div><div class=\"mashsb-buttons\"><a class=\"mashicon-facebook mash-large mash-center mashsb-noshadow\" href=\"https:\/\/www.facebook.com\/sharer.php?u=https%3A%2F%2Fwww.zunoticia.com%2Fnoticias-de-hidalgo%2F2023%2F05%2F03%2Fya-estamos-en-tramites-con-el-inah-prisco-m%2F\" target=\"_top\" rel=\"nofollow\"><span class=\"icon\"><\/span><span class=\"text\">Share<\/span><\/a><a class=\"mashicon-twitter mash-large mash-center mashsb-noshadow\" href=\"https:\/\/twitter.com\/intent\/tweet?text=&amp;url=https:\/\/www.zunoticia.com\/noticias-de-hidalgo\/2023\/05\/03\/ya-estamos-en-tramites-con-el-inah-prisco-m\/\" target=\"_top\" rel=\"nofollow\"><span class=\"icon\"><\/span><span class=\"text\">Tweet<\/span><\/a><div class=\"onoffswitch2 mash-large mashsb-noshadow\" style=\"display:none\"><\/div><\/div>\n            <\/div>\n                <div style=\"clear:both\"><\/div><div class=\"mashsb-toggle-container\"><\/div><\/aside>\n            <!-- Share buttons by mashshare.net - Version: 4.0.47-->\n<ul class=\"wp-block-list\">\n<li>\u201cDe manera peri\u00f3dica sostenemos reuniones para ver, para tener las validaciones y autorizaciones y saber qu\u00e9 es lo que nos van a permitir hacer en este lugar\u201d, manifest\u00f3 el Comisionado Estatal para el Desarrollo Sostenible de los Pueblos Ind\u00edgenas.<\/li>\n<\/ul>\n\n\n\n<p><em>Por Karen Rivera\/Zunoticia<\/em><\/p>\n\n\n\n<p><strong>Huejutla de Reyes, Hgo.-<\/strong> Un importante proyecto se desarrollar\u00e1 pr\u00f3ximamente en la regi\u00f3n huasteca hidalguense, el cual detonar\u00e1 la econom\u00eda y dejar\u00e1 a su paso el conocimiento ancestral que ese centro ceremonial guarda, el hallazgo de cinco pir\u00e1mides dentro de las instalaciones del Colegio de Bachillerato Tecnol\u00f3gico y Agropecuario plantel 5 ha sido motivo para que el Gobernador Julio Menchaca Salazar comience a rescatar, fortalecer e impulsar esta zona arqueol\u00f3gica.<\/p>\n\n\n\n<p>El Comisionado Estatal para el Desarrollo Sostenible de los Pueblos Ind\u00edgenas, Prisco Manuel Guti\u00e9rrez, inform\u00f3 que durante la tarde de este mi\u00e9rcoles, con el presidente municipal, Daniel Andrade Zurutuza, \u201cse llev\u00f3 a cabo la firma de colaboraci\u00f3n que permite trabajos t\u00e9cnicos y coordinados para que las dos dependencias podamos transversalizar esfuerzos para poder efectuar la concreci\u00f3n de proyectos, programas, la ejecuci\u00f3n de modelos de pol\u00edticas p\u00fablicas que pudi\u00e9ramos traer a Huejutla y que sirvan a las comunidades ind\u00edgenas que integran el municipio\u201d.<\/p>\n\n\n\n<p>A\u00f1adi\u00f3 que, \u201cEsta colaboraci\u00f3n va de la mano para poder ayudar a diferentes en temas individuales o colectivos que poseen los pueblos ind\u00edgenas de Huejutla y que tienen que ver con la capital, hay tr\u00e1mites de salud, educaci\u00f3n, de infraestructura y de seguridad\u201d.<\/p>\n\n\n\n<p>Indic\u00f3, \u201cNos estamos coordinando para el fortalecimiento de lo que representa el centro ceremonial de la huasteca que, es justamente aqu\u00ed en Huejutla y est\u00e1 ubicado en la escuela del CBTa, estamos en los tr\u00e1mites con el Instituto Nacional de Antropolog\u00eda e Historia (INAH), para poder llevar a cabo y tener las autorizaciones y validaciones como Gobierno del Estado, entrar acelerar, rescatar y fortalecer e impulsar, lo que implica de manera colateral los beneficios de este proyecto que es importante, al gobernador le gust\u00f3 y le interes\u00f3 mucho y que trae una connotaci\u00f3n hist\u00f3rica, antropol\u00f3gica, la cosmovisi\u00f3n de los pueblos ind\u00edgenas est\u00e1 intr\u00ednseca y de qu\u00e9 manera se viv\u00eda en esta regi\u00f3n de la huasteca\u201d.<\/p>\n\n\n\n<p>Coment\u00f3 que, en lo moderno, \u201ces el impulso a la cultura, el turismo, implica un flujo de econom\u00eda de mayor concentraci\u00f3n en esta regi\u00f3n y en ese sentido vamos a buscar que el proyecto sea transversal de manera integral y socialmente responsable con las comunidades y empresas ind\u00edgenas que pudieran verse involucradas para el beneficio de esta zona\u201d.<\/p>\n\n\n\n<p>Agreg\u00f3, \u201cEstamos en pl\u00e1ticas con el INAH y tenemos las reuniones de manera peri\u00f3dica para tener las validaciones y autorizaciones y saber qu\u00e9 es lo que nos van a permitir hacer en este lugar y coordinar algunas inversiones de recursos en ciertos temas de remodelaci\u00f3n y correcci\u00f3n de algunos monumentos que se tienen, son cinco pir\u00e1mides, sin embargo, el INAH es la autoridad competente y suficiente para que podamos iniciar con estos trabajos\u201d.<\/p>\n","protected":false},"excerpt":{"rendered":"<p>Por Karen Rivera\/Zunoticia Huejutla de Reyes, Hgo.- Un importante proyecto se desarrollar\u00e1 pr\u00f3ximamente en la regi\u00f3n huasteca hidalguense, el cual detonar\u00e1 la econom\u00eda y dejar\u00e1 a su paso el conocimiento ancestral que ese centro ceremonial guarda, el hallazgo de cinco pir\u00e1mides dentro de las instalaciones del Colegio de Bachillerato Tecnol\u00f3gico y Agropecuario plantel 5 ha&hellip; <a class=\"more-link\" href=\"https:\/\/www.zunoticia.com\/noticias-de-hidalgo\/2023\/05\/03\/ya-estamos-en-tramites-con-el-inah-prisco-m\/\">Seguir leyendo <span class=\"screen-reader-text\">Ya estamos en tr\u00e1mites con el INAH: Prisco M.<\/span><\/a><\/p>\n","protected":false},"author":12,"featured_media":479996,"comment_status":"closed","ping_status":"open","sticky":false,"template":"","format":"standard","meta":{"rop_custom_images_group":[],"rop_custom_messages_group":[],"rop_publish_now":"initial","rop_publish_now_accounts":{"facebook_10159540855086992_322828327761733":""},"rop_publish_now_history":[],"rop_publish_now_status":"pending","footnotes":""},"categories":[181],"tags":[121],"class_list":["post-480013","post","type-post","status-publish","format-standard","has-post-thumbnail","hentry","category-huejutla","tag-huejutla","entry"],"_links":{"self":[{"href":"https:\/\/www.zunoticia.com\/noticias-de-hidalgo\/wp-json\/wp\/v2\/posts\/480013","targetHints":{"allow":["GET"]}}],"collection":[{"href":"https:\/\/www.zunoticia.com\/noticias-de-hidalgo\/wp-json\/wp\/v2\/posts"}],"about":[{"href":"https:\/\/www.zunoticia.com\/noticias-de-hidalgo\/wp-json\/wp\/v2\/types\/post"}],"author":[{"embeddable":true,"href":"https:\/\/www.zunoticia.com\/noticias-de-hidalgo\/wp-json\/wp\/v2\/users\/12"}],"replies":[{"embeddable":true,"href":"https:\/\/www.zunoticia.com\/noticias-de-hidalgo\/wp-json\/wp\/v2\/comments?post=480013"}],"version-history":[{"count":1,"href":"https:\/\/www.zunoticia.com\/noticias-de-hidalgo\/wp-json\/wp\/v2\/posts\/480013\/revisions"}],"predecessor-version":[{"id":480016,"href":"https:\/\/www.zunoticia.com\/noticias-de-hidalgo\/wp-json\/wp\/v2\/posts\/480013\/revisions\/480016"}],"wp:featuredmedia":[{"embeddable":true,"href":"https:\/\/www.zunoticia.com\/noticias-de-hidalgo\/wp-json\/wp\/v2\/media\/479996"}],"wp:attachment":[{"href":"https:\/\/www.zunoticia.com\/noticias-de-hidalgo\/wp-json\/wp\/v2\/media?parent=480013"}],"wp:term":[{"taxonomy":"category","embeddable":true,"href":"https:\/\/www.zunoticia.com\/noticias-de-hidalgo\/wp-json\/wp\/v2\/categories?post=480013"},{"taxonomy":"post_tag","embeddable":true,"href":"https:\/\/www.zunoticia.com\/noticias-de-hidalgo\/wp-json\/wp\/v2\/tags?post=480013"}],"curies":[{"name":"wp","href":"https:\/\/api.w.org\/{rel}","templated":true}]}}