{"id":480025,"date":"2023-05-03T20:43:58","date_gmt":"2023-05-04T02:43:58","guid":{"rendered":"https:\/\/www.zunoticia.com\/noticias-de-hidalgo\/?p=480025"},"modified":"2023-05-03T20:43:59","modified_gmt":"2023-05-04T02:43:59","slug":"presentaron-cartelera-deportiva-de-festejos-de-el-tordo","status":"publish","type":"post","link":"https:\/\/www.zunoticia.com\/noticias-de-hidalgo\/2023\/05\/03\/presentaron-cartelera-deportiva-de-festejos-de-el-tordo\/","title":{"rendered":"Presentaron cartelera deportiva de festejos de \u201cEl Tordo\u201d"},"content":{"rendered":"<aside class=\"mashsb-container mashsb-main mashsb-stretched\"><div class=\"mashsb-box\"><div class=\"mashsb-count mash-large\" style=\"float:left\"><div class=\"counts mashsbcount\">16<\/div><span class=\"mashsb-sharetext\">SHARES<\/span><\/div><div class=\"mashsb-buttons\"><a class=\"mashicon-facebook mash-large mash-center mashsb-noshadow\" href=\"https:\/\/www.facebook.com\/sharer.php?u=https%3A%2F%2Fwww.zunoticia.com%2Fnoticias-de-hidalgo%2F2023%2F05%2F03%2Fpresentaron-cartelera-deportiva-de-festejos-de-el-tordo%2F\" target=\"_top\" rel=\"nofollow\"><span class=\"icon\"><\/span><span class=\"text\">Share<\/span><\/a><a class=\"mashicon-twitter mash-large mash-center mashsb-noshadow\" href=\"https:\/\/twitter.com\/intent\/tweet?text=&amp;url=https:\/\/www.zunoticia.com\/noticias-de-hidalgo\/2023\/05\/03\/presentaron-cartelera-deportiva-de-festejos-de-el-tordo\/\" target=\"_top\" rel=\"nofollow\"><span class=\"icon\"><\/span><span class=\"text\">Tweet<\/span><\/a><div class=\"onoffswitch2 mash-large mashsb-noshadow\" style=\"display:none\"><\/div><\/div>\n            <\/div>\n                <div style=\"clear:both\"><\/div><div class=\"mashsb-toggle-container\"><\/div><\/aside>\n            <!-- Share buttons by mashshare.net - Version: 4.0.47-->\n<p><em>Por Jos\u00e9 Luis Romero Ruiz\/Zunoticia<\/em><\/p>\n\n\n\n<p><strong>Huejutla, Hgo.-<\/strong> El presidente municipal present\u00f3 la cartelera deportiva del 157 aniversario de la gesta heroica de Antonio Reyes Cabrera \u201cEl Tordo\u201d, ante los diferentes medios de comunicaci\u00f3n y deportistas invitados.<\/p>\n\n\n\n<p>El evento se celebr\u00f3 a las 12:00 horas en la sala de cabildos, y en la mesa de honor estuvieron presentes el Alcalde Daniel Andrade Zurutuza, el director de Desarrollo Humano Sotero Ram\u00edrez Ram\u00edrez, el Director de Educaci\u00f3n Municipal Leoncio y el Coordinador Municipal del Deporte Asael Medina Morales.<\/p>\n\n\n\n<p>El presidente municipal agradeci\u00f3 la presencia de algunos atletas de diferentes disciplinas deportivas y a los diferentes medios de comunicaci\u00f3n y comenz\u00f3 con la programaci\u00f3n de actividades arrancando el s\u00e1bado 6 de mayo del presente a\u00f1o con un torneo de Cachibol en la Unidad Deportiva \u201cColalambre\u201d a las 9:00 horas, y el 7 de los corrientes se efectuar\u00e1 el Senderismo a las 7:00 horas en la Unidad Deportiva de Tehuetl\u00e1n, Hidalgo.<\/p>\n\n\n\n<p>El 13 y 14 de mayo se realizar\u00e1 la Copa Infantil y Juvenil de F\u00fatbol, y el 14 habr\u00e1 evento de B\u00e9isbol en Unidad Deportiva \u201cColalambre\u201d; el 18 de los corrientes inaugurar\u00e1n el torneo de la Liga Municipal de Voleibol de Huejutla.<\/p>\n\n\n\n<p>El 20 de mayo se realizar\u00e1 el medio marat\u00f3n 21, 10. 5 Kil\u00f3metros a las 7:00 horas la salida ser\u00e1 frente a la Alcald\u00eda, y a las 18:00 horas iniciar\u00e1 el recorrido de Tehuetl\u00e1n hasta Huejutla, pasando por los 4 barrios de la ciudad.<\/p>\n\n\n\n<p>Para el 21 de mayo habr\u00e1 evento Ciclista, ese mismo d\u00eda se efectuar\u00e1 el torneo de B\u00e1squetbol varonil; del 25 al 28 de mayo se desarrollar\u00e1 un torneo de infantil de B\u00e1squetbol, el 27 de los corrientes culminar\u00e1 con 3 eventos: el torneo de voleibol femenil libre, y habr\u00e1 actividad de zumba para el p\u00fablico en general, y cerrar\u00e1n con una funci\u00f3n de Box, con peleadores amateurs.<\/p>\n","protected":false},"excerpt":{"rendered":"<p>Por Jos\u00e9 Luis Romero Ruiz\/Zunoticia Huejutla, Hgo.- El presidente municipal present\u00f3 la cartelera deportiva del 157 aniversario de la gesta heroica de Antonio Reyes Cabrera \u201cEl Tordo\u201d, ante los diferentes medios de comunicaci\u00f3n y deportistas invitados. El evento se celebr\u00f3 a las 12:00 horas en la sala de cabildos, y en la mesa de honor&hellip; <a class=\"more-link\" href=\"https:\/\/www.zunoticia.com\/noticias-de-hidalgo\/2023\/05\/03\/presentaron-cartelera-deportiva-de-festejos-de-el-tordo\/\">Seguir leyendo <span class=\"screen-reader-text\">Presentaron cartelera deportiva de festejos de \u201cEl Tordo\u201d<\/span><\/a><\/p>\n","protected":false},"author":12,"featured_media":480001,"comment_status":"closed","ping_status":"open","sticky":false,"template":"","format":"standard","meta":{"rop_custom_images_group":[],"rop_custom_messages_group":[],"rop_publish_now":"initial","rop_publish_now_accounts":{"facebook_10159540855086992_322828327761733":""},"rop_publish_now_history":[],"rop_publish_now_status":"pending","footnotes":""},"categories":[177],"tags":[215],"class_list":["post-480025","post","type-post","status-publish","format-standard","has-post-thumbnail","hentry","category-deportes","tag-deportes","entry"],"_links":{"self":[{"href":"https:\/\/www.zunoticia.com\/noticias-de-hidalgo\/wp-json\/wp\/v2\/posts\/480025","targetHints":{"allow":["GET"]}}],"collection":[{"href":"https:\/\/www.zunoticia.com\/noticias-de-hidalgo\/wp-json\/wp\/v2\/posts"}],"about":[{"href":"https:\/\/www.zunoticia.com\/noticias-de-hidalgo\/wp-json\/wp\/v2\/types\/post"}],"author":[{"embeddable":true,"href":"https:\/\/www.zunoticia.com\/noticias-de-hidalgo\/wp-json\/wp\/v2\/users\/12"}],"replies":[{"embeddable":true,"href":"https:\/\/www.zunoticia.com\/noticias-de-hidalgo\/wp-json\/wp\/v2\/comments?post=480025"}],"version-history":[{"count":1,"href":"https:\/\/www.zunoticia.com\/noticias-de-hidalgo\/wp-json\/wp\/v2\/posts\/480025\/revisions"}],"predecessor-version":[{"id":480026,"href":"https:\/\/www.zunoticia.com\/noticias-de-hidalgo\/wp-json\/wp\/v2\/posts\/480025\/revisions\/480026"}],"wp:featuredmedia":[{"embeddable":true,"href":"https:\/\/www.zunoticia.com\/noticias-de-hidalgo\/wp-json\/wp\/v2\/media\/480001"}],"wp:attachment":[{"href":"https:\/\/www.zunoticia.com\/noticias-de-hidalgo\/wp-json\/wp\/v2\/media?parent=480025"}],"wp:term":[{"taxonomy":"category","embeddable":true,"href":"https:\/\/www.zunoticia.com\/noticias-de-hidalgo\/wp-json\/wp\/v2\/categories?post=480025"},{"taxonomy":"post_tag","embeddable":true,"href":"https:\/\/www.zunoticia.com\/noticias-de-hidalgo\/wp-json\/wp\/v2\/tags?post=480025"}],"curies":[{"name":"wp","href":"https:\/\/api.w.org\/{rel}","templated":true}]}}