{"id":480630,"date":"2023-05-08T15:22:15","date_gmt":"2023-05-08T21:22:15","guid":{"rendered":"https:\/\/www.zunoticia.com\/noticias-de-hidalgo\/?p=480630"},"modified":"2023-05-08T15:22:16","modified_gmt":"2023-05-08T21:22:16","slug":"celebraran-en-grande-a-las-mamas","status":"publish","type":"post","link":"https:\/\/www.zunoticia.com\/noticias-de-hidalgo\/2023\/05\/08\/celebraran-en-grande-a-las-mamas\/","title":{"rendered":"Celebrar\u00e1n en grande a las mam\u00e1s"},"content":{"rendered":"<aside class=\"mashsb-container mashsb-main mashsb-stretched\"><div class=\"mashsb-box\"><div class=\"mashsb-count mash-large\" style=\"float:left\"><div class=\"counts mashsbcount\">20<\/div><span class=\"mashsb-sharetext\">SHARES<\/span><\/div><div class=\"mashsb-buttons\"><a class=\"mashicon-facebook mash-large mash-center mashsb-noshadow\" href=\"https:\/\/www.facebook.com\/sharer.php?u=https%3A%2F%2Fwww.zunoticia.com%2Fnoticias-de-hidalgo%2F2023%2F05%2F08%2Fcelebraran-en-grande-a-las-mamas%2F\" target=\"_top\" rel=\"nofollow\"><span class=\"icon\"><\/span><span class=\"text\">Share<\/span><\/a><a class=\"mashicon-twitter mash-large mash-center mashsb-noshadow\" href=\"https:\/\/twitter.com\/intent\/tweet?text=&amp;url=https:\/\/www.zunoticia.com\/noticias-de-hidalgo\/2023\/05\/08\/celebraran-en-grande-a-las-mamas\/\" target=\"_top\" rel=\"nofollow\"><span class=\"icon\"><\/span><span class=\"text\">Tweet<\/span><\/a><div class=\"onoffswitch2 mash-large mashsb-noshadow\" style=\"display:none\"><\/div><\/div>\n            <\/div>\n                <div style=\"clear:both\"><\/div><div class=\"mashsb-toggle-container\"><\/div><\/aside>\n            <!-- Share buttons by mashshare.net - Version: 4.0.47-->\n<p>\u2022 Sorpresas, regalos y diversi\u00f3n se esperan para todas las asistentes.<\/p>\n\n\n\n<p><em>Por Karen Rivera\/ Zunoticia<\/em><\/p>\n\n\n\n<p><strong>San Felipe Orizatl\u00e1n, Hgo<\/strong>.- Este martes, en punto de las 18:00 horas, se estar\u00e1 llevando a cabo la celebraci\u00f3n del D\u00eda de las Madres, festejo que se realizar\u00e1 en la explanada de la presidencia municipal.<\/p>\n\n\n\n<p>La alcaldesa, Erika Saab Lara, estar\u00e1 encabezando este magno evento, donde dar\u00e1 muchas sorpresas a las mam\u00e1s, a quienes felicitar\u00e1 en su d\u00eda.<\/p>\n\n\n\n<p>Durante la actividad se presentar\u00e1 el show del payaso &#8220;Tribol\u00edn&#8221;, as\u00ed como el musical de &#8220;Cosas del amor&#8221;. Tambi\u00e9n se ofrecer\u00e1 comida, atenci\u00f3n y har\u00e1n rifas para las reinas del hogar.<\/p>\n\n\n\n<p>Finalmente, se les hace una atenta invitaci\u00f3n a las amas de casa para que asistan a este evento que se har\u00e1 en su honor.<\/p>\n\n\n\n<p><\/p>\n","protected":false},"excerpt":{"rendered":"<p>\u2022 Sorpresas, regalos y diversi\u00f3n se esperan para todas las asistentes. Por Karen Rivera\/ Zunoticia San Felipe Orizatl\u00e1n, Hgo.- Este martes, en punto de las 18:00 horas, se estar\u00e1 llevando a cabo la celebraci\u00f3n del D\u00eda de las Madres, festejo que se realizar\u00e1 en la explanada de la presidencia municipal. La alcaldesa, Erika Saab Lara,&hellip; <a class=\"more-link\" href=\"https:\/\/www.zunoticia.com\/noticias-de-hidalgo\/2023\/05\/08\/celebraran-en-grande-a-las-mamas\/\">Seguir leyendo <span class=\"screen-reader-text\">Celebrar\u00e1n en grande a las mam\u00e1s<\/span><\/a><\/p>\n","protected":false},"author":20,"featured_media":480631,"comment_status":"closed","ping_status":"open","sticky":false,"template":"","format":"standard","meta":{"rop_custom_images_group":[],"rop_custom_messages_group":[],"rop_publish_now":"initial","rop_publish_now_accounts":{"facebook_10159540855086992_322828327761733":""},"rop_publish_now_history":[],"rop_publish_now_status":"pending","footnotes":""},"categories":[180],"tags":[129],"class_list":["post-480630","post","type-post","status-publish","format-standard","has-post-thumbnail","hentry","category-orizatlan","tag-orizatlan","entry"],"_links":{"self":[{"href":"https:\/\/www.zunoticia.com\/noticias-de-hidalgo\/wp-json\/wp\/v2\/posts\/480630","targetHints":{"allow":["GET"]}}],"collection":[{"href":"https:\/\/www.zunoticia.com\/noticias-de-hidalgo\/wp-json\/wp\/v2\/posts"}],"about":[{"href":"https:\/\/www.zunoticia.com\/noticias-de-hidalgo\/wp-json\/wp\/v2\/types\/post"}],"author":[{"embeddable":true,"href":"https:\/\/www.zunoticia.com\/noticias-de-hidalgo\/wp-json\/wp\/v2\/users\/20"}],"replies":[{"embeddable":true,"href":"https:\/\/www.zunoticia.com\/noticias-de-hidalgo\/wp-json\/wp\/v2\/comments?post=480630"}],"version-history":[{"count":1,"href":"https:\/\/www.zunoticia.com\/noticias-de-hidalgo\/wp-json\/wp\/v2\/posts\/480630\/revisions"}],"predecessor-version":[{"id":480632,"href":"https:\/\/www.zunoticia.com\/noticias-de-hidalgo\/wp-json\/wp\/v2\/posts\/480630\/revisions\/480632"}],"wp:featuredmedia":[{"embeddable":true,"href":"https:\/\/www.zunoticia.com\/noticias-de-hidalgo\/wp-json\/wp\/v2\/media\/480631"}],"wp:attachment":[{"href":"https:\/\/www.zunoticia.com\/noticias-de-hidalgo\/wp-json\/wp\/v2\/media?parent=480630"}],"wp:term":[{"taxonomy":"category","embeddable":true,"href":"https:\/\/www.zunoticia.com\/noticias-de-hidalgo\/wp-json\/wp\/v2\/categories?post=480630"},{"taxonomy":"post_tag","embeddable":true,"href":"https:\/\/www.zunoticia.com\/noticias-de-hidalgo\/wp-json\/wp\/v2\/tags?post=480630"}],"curies":[{"name":"wp","href":"https:\/\/api.w.org\/{rel}","templated":true}]}}