{"id":480707,"date":"2023-05-08T20:56:22","date_gmt":"2023-05-09T02:56:22","guid":{"rendered":"https:\/\/www.zunoticia.com\/noticias-de-hidalgo\/?p=480707"},"modified":"2023-05-08T20:56:24","modified_gmt":"2023-05-09T02:56:24","slug":"firman-convenio-universidad-trilingue-y-gobierno-de-orizatlan","status":"publish","type":"post","link":"https:\/\/www.zunoticia.com\/noticias-de-hidalgo\/2023\/05\/08\/firman-convenio-universidad-trilingue-y-gobierno-de-orizatlan\/","title":{"rendered":"Firman convenio Universidad Triling\u00fce y gobierno de Orizatl\u00e1n"},"content":{"rendered":"<aside class=\"mashsb-container mashsb-main mashsb-stretched\"><div class=\"mashsb-box\"><div class=\"mashsb-count mash-large\" style=\"float:left\"><div class=\"counts mashsbcount\">22<\/div><span class=\"mashsb-sharetext\">SHARES<\/span><\/div><div class=\"mashsb-buttons\"><a class=\"mashicon-facebook mash-large mash-center mashsb-noshadow\" href=\"https:\/\/www.facebook.com\/sharer.php?u=https%3A%2F%2Fwww.zunoticia.com%2Fnoticias-de-hidalgo%2F2023%2F05%2F08%2Ffirman-convenio-universidad-trilingue-y-gobierno-de-orizatlan%2F\" target=\"_top\" rel=\"nofollow\"><span class=\"icon\"><\/span><span class=\"text\">Share<\/span><\/a><a class=\"mashicon-twitter mash-large mash-center mashsb-noshadow\" href=\"https:\/\/twitter.com\/intent\/tweet?text=&amp;url=https:\/\/www.zunoticia.com\/noticias-de-hidalgo\/2023\/05\/08\/firman-convenio-universidad-trilingue-y-gobierno-de-orizatlan\/\" target=\"_top\" rel=\"nofollow\"><span class=\"icon\"><\/span><span class=\"text\">Tweet<\/span><\/a><div class=\"onoffswitch2 mash-large mashsb-noshadow\" style=\"display:none\"><\/div><\/div>\n            <\/div>\n                <div style=\"clear:both\"><\/div><div class=\"mashsb-toggle-container\"><\/div><\/aside>\n            <!-- Share buttons by mashshare.net - Version: 4.0.47-->\n<p><em>Por Redacci\u00f3n\/Zunoticia<\/em><\/p>\n\n\n\n<p><strong>San Felipe Orizatl\u00e1n, Hgo.-<\/strong> Con la firma del convenio de colaboraci\u00f3n con la Universidad Triling\u00fce Plantel Huejutla, se pone en el camino del fortalecimiento educativo, generando oportunidades para todas y todos los que deseen seguir estudiando de manera virtual, con la visi\u00f3n de la Presidente Municipal Erika Saab Lara de consolidar nuevos rumbos en materia de educaci\u00f3n.<\/p>\n\n\n\n<figure class=\"wp-block-image size-large\"><img fetchpriority=\"high\" decoding=\"async\" width=\"1024\" height=\"682\" src=\"https:\/\/www.zunoticia.com\/noticias-de-hidalgo\/wp-content\/uploads\/2023\/05\/eZy-Watermark-08-05-2023-08-38-55-5500p.m.-1024x682.jpg\" alt=\"\" class=\"wp-image-480713\" srcset=\"https:\/\/www.zunoticia.com\/noticias-de-hidalgo\/wp-content\/uploads\/2023\/05\/eZy-Watermark-08-05-2023-08-38-55-5500p.m.-1024x682.jpg 1024w, https:\/\/www.zunoticia.com\/noticias-de-hidalgo\/wp-content\/uploads\/2023\/05\/eZy-Watermark-08-05-2023-08-38-55-5500p.m.-300x200.jpg 300w, https:\/\/www.zunoticia.com\/noticias-de-hidalgo\/wp-content\/uploads\/2023\/05\/eZy-Watermark-08-05-2023-08-38-55-5500p.m.-768x512.jpg 768w, https:\/\/www.zunoticia.com\/noticias-de-hidalgo\/wp-content\/uploads\/2023\/05\/eZy-Watermark-08-05-2023-08-38-55-5500p.m..jpg 1280w\" sizes=\"(max-width: 1024px) 100vw, 1024px\" \/><\/figure>\n\n\n\n<p>Con la presencia de Hershelt Contreras Guerrero Director Operativo de la Rector\u00eda de la Universidad Multiling\u00fce, Eunice Avil\u00e9s Directora del Centro de Idiomas, Aar\u00f3n Mart\u00ednez Vargas Director del Centro Universitario Triling\u00fce Plantel Huejutla, Camilo Melo Rivera Secretario Municipal, Cirilo Humberto de la Cruz S\u00edndico Procurador Municipal, las y los regidores, Rosalba Nevenka Camargo Hern\u00e1ndez Directora de Educaci\u00f3n y Cultura, as\u00ed como diversos funcionarios del H. Ayuntamiento, se da un paso m\u00e1s en el rumbo de la educaci\u00f3n.<\/p>\n\n\n\n<figure class=\"wp-block-image size-large\"><img decoding=\"async\" width=\"1024\" height=\"682\" src=\"https:\/\/www.zunoticia.com\/noticias-de-hidalgo\/wp-content\/uploads\/2023\/05\/eZy-Watermark-08-05-2023-08-39-29-2010p.m.-1024x682.jpg\" alt=\"\" class=\"wp-image-480711\" srcset=\"https:\/\/www.zunoticia.com\/noticias-de-hidalgo\/wp-content\/uploads\/2023\/05\/eZy-Watermark-08-05-2023-08-39-29-2010p.m.-1024x682.jpg 1024w, https:\/\/www.zunoticia.com\/noticias-de-hidalgo\/wp-content\/uploads\/2023\/05\/eZy-Watermark-08-05-2023-08-39-29-2010p.m.-300x200.jpg 300w, https:\/\/www.zunoticia.com\/noticias-de-hidalgo\/wp-content\/uploads\/2023\/05\/eZy-Watermark-08-05-2023-08-39-29-2010p.m.-768x512.jpg 768w, https:\/\/www.zunoticia.com\/noticias-de-hidalgo\/wp-content\/uploads\/2023\/05\/eZy-Watermark-08-05-2023-08-39-29-2010p.m..jpg 1280w\" sizes=\"(max-width: 1024px) 100vw, 1024px\" \/><\/figure>\n\n\n\n<p>En su mensaje la alcaldesa dijo que, esta firma de convenio es con el prop\u00f3sito de ayudar a quienes busquen terminar sus estudios y as\u00ed poder darles la oportunidad, adem\u00e1s la edil agradeci\u00f3 que la CUT volte\u00e9 a ver al municipio y ampl\u00ede la oferta educativa a nivel superior, para los habitantes de Orizatl\u00e1n, sobre todo, con la modalidad a distancia, que permite que quienes trabajan o atienden otras cuestiones, tengan la posibilidad de llevar a cabo o concluir su educaci\u00f3n profesional y por ende, tener mejores perspectivas laborales y calidad de vida.<\/p>\n\n\n\n<figure class=\"wp-block-image size-large\"><img decoding=\"async\" width=\"1024\" height=\"682\" src=\"https:\/\/www.zunoticia.com\/noticias-de-hidalgo\/wp-content\/uploads\/2023\/05\/eZy-Watermark-08-05-2023-08-40-01-7010p.m.-1024x682.jpg\" alt=\"\" class=\"wp-image-480710\" srcset=\"https:\/\/www.zunoticia.com\/noticias-de-hidalgo\/wp-content\/uploads\/2023\/05\/eZy-Watermark-08-05-2023-08-40-01-7010p.m.-1024x682.jpg 1024w, https:\/\/www.zunoticia.com\/noticias-de-hidalgo\/wp-content\/uploads\/2023\/05\/eZy-Watermark-08-05-2023-08-40-01-7010p.m.-300x200.jpg 300w, https:\/\/www.zunoticia.com\/noticias-de-hidalgo\/wp-content\/uploads\/2023\/05\/eZy-Watermark-08-05-2023-08-40-01-7010p.m.-768x512.jpg 768w, https:\/\/www.zunoticia.com\/noticias-de-hidalgo\/wp-content\/uploads\/2023\/05\/eZy-Watermark-08-05-2023-08-40-01-7010p.m..jpg 1280w\" sizes=\"(max-width: 1024px) 100vw, 1024px\" \/><\/figure>\n\n\n\n<p>Hershelt Contreras Guerrero, Director Operativo de la Rector\u00eda de la Universidad Multiling\u00fce, recalc\u00f3 la importancia de continuar con los estudios a quienes est\u00e9n interesados, para que puedan tener m\u00e1s y mejores perspectivas mediante m\u00e1s educaci\u00f3n, mencion\u00f3 \u201cYo quiero decirles que hemos estado apost\u00e1ndole a la educaci\u00f3n, creemos mucho en la capacitaci\u00f3n, en la educaci\u00f3n y nosotros hemos implementado un escenario donde podamos transitar ofreciendo los beneficios de&nbsp;este&nbsp;convenio\u201d.<\/p>\n","protected":false},"excerpt":{"rendered":"<p>Por Redacci\u00f3n\/Zunoticia San Felipe Orizatl\u00e1n, Hgo.- Con la firma del convenio de colaboraci\u00f3n con la Universidad Triling\u00fce Plantel Huejutla, se pone en el camino del fortalecimiento educativo, generando oportunidades para todas y todos los que deseen seguir estudiando de manera virtual, con la visi\u00f3n de la Presidente Municipal Erika Saab Lara de consolidar nuevos rumbos&hellip; <a class=\"more-link\" href=\"https:\/\/www.zunoticia.com\/noticias-de-hidalgo\/2023\/05\/08\/firman-convenio-universidad-trilingue-y-gobierno-de-orizatlan\/\">Seguir leyendo <span class=\"screen-reader-text\">Firman convenio Universidad Triling\u00fce y gobierno de Orizatl\u00e1n<\/span><\/a><\/p>\n","protected":false},"author":12,"featured_media":480712,"comment_status":"closed","ping_status":"open","sticky":false,"template":"","format":"standard","meta":{"rop_custom_images_group":[],"rop_custom_messages_group":[],"rop_publish_now":"initial","rop_publish_now_accounts":{"facebook_10159540855086992_322828327761733":""},"rop_publish_now_history":[],"rop_publish_now_status":"pending","footnotes":""},"categories":[180],"tags":[129],"class_list":["post-480707","post","type-post","status-publish","format-standard","has-post-thumbnail","hentry","category-orizatlan","tag-orizatlan","entry"],"_links":{"self":[{"href":"https:\/\/www.zunoticia.com\/noticias-de-hidalgo\/wp-json\/wp\/v2\/posts\/480707","targetHints":{"allow":["GET"]}}],"collection":[{"href":"https:\/\/www.zunoticia.com\/noticias-de-hidalgo\/wp-json\/wp\/v2\/posts"}],"about":[{"href":"https:\/\/www.zunoticia.com\/noticias-de-hidalgo\/wp-json\/wp\/v2\/types\/post"}],"author":[{"embeddable":true,"href":"https:\/\/www.zunoticia.com\/noticias-de-hidalgo\/wp-json\/wp\/v2\/users\/12"}],"replies":[{"embeddable":true,"href":"https:\/\/www.zunoticia.com\/noticias-de-hidalgo\/wp-json\/wp\/v2\/comments?post=480707"}],"version-history":[{"count":1,"href":"https:\/\/www.zunoticia.com\/noticias-de-hidalgo\/wp-json\/wp\/v2\/posts\/480707\/revisions"}],"predecessor-version":[{"id":480720,"href":"https:\/\/www.zunoticia.com\/noticias-de-hidalgo\/wp-json\/wp\/v2\/posts\/480707\/revisions\/480720"}],"wp:featuredmedia":[{"embeddable":true,"href":"https:\/\/www.zunoticia.com\/noticias-de-hidalgo\/wp-json\/wp\/v2\/media\/480712"}],"wp:attachment":[{"href":"https:\/\/www.zunoticia.com\/noticias-de-hidalgo\/wp-json\/wp\/v2\/media?parent=480707"}],"wp:term":[{"taxonomy":"category","embeddable":true,"href":"https:\/\/www.zunoticia.com\/noticias-de-hidalgo\/wp-json\/wp\/v2\/categories?post=480707"},{"taxonomy":"post_tag","embeddable":true,"href":"https:\/\/www.zunoticia.com\/noticias-de-hidalgo\/wp-json\/wp\/v2\/tags?post=480707"}],"curies":[{"name":"wp","href":"https:\/\/api.w.org\/{rel}","templated":true}]}}