{"id":480940,"date":"2023-05-10T12:04:27","date_gmt":"2023-05-10T18:04:27","guid":{"rendered":"https:\/\/www.zunoticia.com\/noticias-de-hidalgo\/?p=480940"},"modified":"2023-05-10T12:04:28","modified_gmt":"2023-05-10T18:04:28","slug":"secretaria-de-cultura-y-uaeh-celebran-20-anos-del-instituto-de-artes-con-expo-en-el-cuartel-del-arte","status":"publish","type":"post","link":"https:\/\/www.zunoticia.com\/noticias-de-hidalgo\/2023\/05\/10\/secretaria-de-cultura-y-uaeh-celebran-20-anos-del-instituto-de-artes-con-expo-en-el-cuartel-del-arte\/","title":{"rendered":"Secretar\u00eda de Cultura y UAEH celebran 20 a\u00f1os del Instituto de Artes con expo en el Cuartel del Arte"},"content":{"rendered":"<aside class=\"mashsb-container mashsb-main mashsb-stretched\"><div class=\"mashsb-box\"><div class=\"mashsb-count mash-large\" style=\"float:left\"><div class=\"counts mashsbcount\">18<\/div><span class=\"mashsb-sharetext\">SHARES<\/span><\/div><div class=\"mashsb-buttons\"><a class=\"mashicon-facebook mash-large mash-center mashsb-noshadow\" href=\"https:\/\/www.facebook.com\/sharer.php?u=https%3A%2F%2Fwww.zunoticia.com%2Fnoticias-de-hidalgo%2F2023%2F05%2F10%2Fsecretaria-de-cultura-y-uaeh-celebran-20-anos-del-instituto-de-artes-con-expo-en-el-cuartel-del-arte%2F\" target=\"_top\" rel=\"nofollow\"><span class=\"icon\"><\/span><span class=\"text\">Share<\/span><\/a><a class=\"mashicon-twitter mash-large mash-center mashsb-noshadow\" href=\"https:\/\/twitter.com\/intent\/tweet?text=&amp;url=https:\/\/www.zunoticia.com\/noticias-de-hidalgo\/2023\/05\/10\/secretaria-de-cultura-y-uaeh-celebran-20-anos-del-instituto-de-artes-con-expo-en-el-cuartel-del-arte\/\" target=\"_top\" rel=\"nofollow\"><span class=\"icon\"><\/span><span class=\"text\">Tweet<\/span><\/a><div class=\"onoffswitch2 mash-large mashsb-noshadow\" style=\"display:none\"><\/div><\/div>\n            <\/div>\n                <div style=\"clear:both\"><\/div><div class=\"mashsb-toggle-container\"><\/div><\/aside>\n            <!-- Share buttons by mashshare.net - Version: 4.0.47-->\n<p><\/p>\n\n\n\n<ul class=\"wp-block-list\">\n<li>Est\u00e1 integrada por una selecci\u00f3n de m\u00e1s de 140 piezas bi y tridimensionales de estudiantes, egresados, egresadas y docentes.<\/li>\n<\/ul>\n\n\n\n<p><em>Por Redacci\u00f3n\/Zunoticia<\/em><\/p>\n\n\n\n<p><strong>Pachuca de Soto, Hgo.-<\/strong> La Secretar\u00eda de Cultura, dirigida por Tania Er\u00e9ndira Meza Escorza, y la Universidad Aut\u00f3noma del Estado de Hidalgo (UAEH) inaugurar\u00e1n este jueves 11 de mayo la exposici\u00f3n <em>20 Aniversario del Instituto de Artes<\/em>, en el Cuartel del Arte, a las 18:00 horas.<\/p>\n\n\n\n<p>Esta muestra colectiva est\u00e1 integrada por una selecci\u00f3n de m\u00e1s de 140 piezas <em>bi<\/em> y tridimensionales de estudiantes, egresados, egresadas y docentes del Instituto de Artes de la UAEH.<\/p>\n\n\n\n<p>La dependencia estatal y la Aut\u00f3noma de Hidalgo informaron que este trabajo conjunto se realiza para conmemorar los 20 a\u00f1os de existencia del Instituto de Artes (IDA), as\u00ed como la creaci\u00f3n de la Licenciatura en Artes Visuales. Esta muestra colectiva se integr\u00f3 mediante convocatoria durante el a\u00f1o 2021 y una exposici\u00f3n realizada en 2022.&nbsp;<\/p>\n\n\n\n<p>Para este a\u00f1o 2023, el Cuartel del Arte, la galer\u00eda de exposiciones m\u00e1s importante del estado, recibe una exposici\u00f3n ampliada, para la cual se integraron m\u00e1s piezas y se hizo un nuevo trabajo de curadur\u00eda a cargo de la Coordinaci\u00f3n de Artes Visuales del IDA y del equipo de museograf\u00eda de la Secretar\u00eda de Cultura.<\/p>\n\n\n\n<p>La UAEH dio a conocer que la obra reunida en esta exposici\u00f3n da cuenta de una parte fundamental del trabajo acad\u00e9mico que realiza el Instituto de Artes y se aprovecha como un espacio donde las ideas se expresan y socializan libremente.<\/p>\n\n\n\n<p>Adem\u00e1s, la Licenciatura en Artes Visuales no s\u00f3lo satisface el inter\u00e9s regional por la formaci\u00f3n art\u00edstica profesional, sino que, por medio del trabajo sistem\u00e1tico, el aprendizaje t\u00e9cnico, la revisi\u00f3n de la historia y la discusi\u00f3n conceptual tambi\u00e9n incide en el desarrollo de la actividad creativa, la formaci\u00f3n de p\u00fablicos y, por extensi\u00f3n, se integra a los diferentes procesos que dan forma a la cultura.&nbsp;<\/p>\n\n\n\n<p>Asimismo, la Aut\u00f3noma estatal reconoci\u00f3 el compromiso docente y la participaci\u00f3n estudiantil que fueron necesarios para mantener activa esta importante funci\u00f3n social de la licenciatura, que inicia en el aula y los talleres, y culmina con la exhibici\u00f3n del resultado.<\/p>\n\n\n\n<p>Con la integraci\u00f3n de esta exposici\u00f3n colectiva inicia un nuevo ciclo de trabajo en el \u00e1rea acad\u00e9mica de Artes Visuales, que incluye un proceso de ajuste curricular y afianzar\u00e1 la pertinencia del programa educativo y su justificaci\u00f3n en los \u00e1mbitos social, disciplinar e institucional.<\/p>\n\n\n\n<p>Dicho programa acad\u00e9mico cuenta con 31 generaciones de egresados y egresadas que lo convierten en una figura que participa e incide en el desarrollo del entorno y su renovaci\u00f3n constante propicia, desde el \u00e1mbito de las artes, una sociedad que promueve la integraci\u00f3n y la convivencia.<\/p>\n\n\n\n<p>La Secretar\u00eda de Cultura invita a acudir a la inauguraci\u00f3n de la exposici\u00f3n <em>20 Aniversario del Instituto de Artes<\/em>, que estar\u00e1 abierta al p\u00fablico en el Cuartel del Arte durante los meses de mayo y junio, de martes a domingo, de 10:00 a 18:00 horas.<\/p>\n\n\n\n<p>En concordancia con la instrucci\u00f3n del gobernador Julio Menchaca Salazar, la actual administraci\u00f3n busca hacer un uso responsable de los bienes que pertenecen a las y los hidalguenses para facilitar el acceso de la poblaci\u00f3n a la cultura&nbsp;y&nbsp;el&nbsp;arte.<\/p>\n\n\n\n<figure class=\"wp-block-image size-full\"><img fetchpriority=\"high\" decoding=\"async\" width=\"940\" height=\"788\" src=\"https:\/\/www.zunoticia.com\/noticias-de-hidalgo\/wp-content\/uploads\/2023\/05\/Diseno-sin-titulo-1-9.png\" alt=\"\" class=\"wp-image-480942\" srcset=\"https:\/\/www.zunoticia.com\/noticias-de-hidalgo\/wp-content\/uploads\/2023\/05\/Diseno-sin-titulo-1-9.png 940w, https:\/\/www.zunoticia.com\/noticias-de-hidalgo\/wp-content\/uploads\/2023\/05\/Diseno-sin-titulo-1-9-300x251.png 300w, https:\/\/www.zunoticia.com\/noticias-de-hidalgo\/wp-content\/uploads\/2023\/05\/Diseno-sin-titulo-1-9-768x644.png 768w\" sizes=\"(max-width: 940px) 100vw, 940px\" \/><\/figure>\n","protected":false},"excerpt":{"rendered":"<p>Por Redacci\u00f3n\/Zunoticia Pachuca de Soto, Hgo.- La Secretar\u00eda de Cultura, dirigida por Tania Er\u00e9ndira Meza Escorza, y la Universidad Aut\u00f3noma del Estado de Hidalgo (UAEH) inaugurar\u00e1n este jueves 11 de mayo la exposici\u00f3n 20 Aniversario del Instituto de Artes, en el Cuartel del Arte, a las 18:00 horas. Esta muestra colectiva est\u00e1 integrada por una&hellip; <a class=\"more-link\" href=\"https:\/\/www.zunoticia.com\/noticias-de-hidalgo\/2023\/05\/10\/secretaria-de-cultura-y-uaeh-celebran-20-anos-del-instituto-de-artes-con-expo-en-el-cuartel-del-arte\/\">Seguir leyendo <span class=\"screen-reader-text\">Secretar\u00eda de Cultura y UAEH celebran 20 a\u00f1os del Instituto de Artes con expo en el Cuartel del Arte<\/span><\/a><\/p>\n","protected":false},"author":20,"featured_media":480941,"comment_status":"closed","ping_status":"open","sticky":false,"template":"","format":"standard","meta":{"rop_custom_images_group":[],"rop_custom_messages_group":[],"rop_publish_now":"initial","rop_publish_now_accounts":{"facebook_10159540855086992_322828327761733":""},"rop_publish_now_history":[],"rop_publish_now_status":"pending","footnotes":""},"categories":[208],"tags":[214],"class_list":["post-480940","post","type-post","status-publish","format-standard","has-post-thumbnail","hentry","category-estado","tag-estado","entry"],"_links":{"self":[{"href":"https:\/\/www.zunoticia.com\/noticias-de-hidalgo\/wp-json\/wp\/v2\/posts\/480940","targetHints":{"allow":["GET"]}}],"collection":[{"href":"https:\/\/www.zunoticia.com\/noticias-de-hidalgo\/wp-json\/wp\/v2\/posts"}],"about":[{"href":"https:\/\/www.zunoticia.com\/noticias-de-hidalgo\/wp-json\/wp\/v2\/types\/post"}],"author":[{"embeddable":true,"href":"https:\/\/www.zunoticia.com\/noticias-de-hidalgo\/wp-json\/wp\/v2\/users\/20"}],"replies":[{"embeddable":true,"href":"https:\/\/www.zunoticia.com\/noticias-de-hidalgo\/wp-json\/wp\/v2\/comments?post=480940"}],"version-history":[{"count":1,"href":"https:\/\/www.zunoticia.com\/noticias-de-hidalgo\/wp-json\/wp\/v2\/posts\/480940\/revisions"}],"predecessor-version":[{"id":480943,"href":"https:\/\/www.zunoticia.com\/noticias-de-hidalgo\/wp-json\/wp\/v2\/posts\/480940\/revisions\/480943"}],"wp:featuredmedia":[{"embeddable":true,"href":"https:\/\/www.zunoticia.com\/noticias-de-hidalgo\/wp-json\/wp\/v2\/media\/480941"}],"wp:attachment":[{"href":"https:\/\/www.zunoticia.com\/noticias-de-hidalgo\/wp-json\/wp\/v2\/media?parent=480940"}],"wp:term":[{"taxonomy":"category","embeddable":true,"href":"https:\/\/www.zunoticia.com\/noticias-de-hidalgo\/wp-json\/wp\/v2\/categories?post=480940"},{"taxonomy":"post_tag","embeddable":true,"href":"https:\/\/www.zunoticia.com\/noticias-de-hidalgo\/wp-json\/wp\/v2\/tags?post=480940"}],"curies":[{"name":"wp","href":"https:\/\/api.w.org\/{rel}","templated":true}]}}