{"id":480944,"date":"2023-05-10T14:14:49","date_gmt":"2023-05-10T20:14:49","guid":{"rendered":"https:\/\/www.zunoticia.com\/noticias-de-hidalgo\/?p=480944"},"modified":"2023-05-10T14:14:50","modified_gmt":"2023-05-10T20:14:50","slug":"manana-entregare-los-obsequios-a-las-madres-de-la-zona-centro-delegado","status":"publish","type":"post","link":"https:\/\/www.zunoticia.com\/noticias-de-hidalgo\/2023\/05\/10\/manana-entregare-los-obsequios-a-las-madres-de-la-zona-centro-delegado\/","title":{"rendered":"Ma\u00f1ana entregar\u00e9 los obsequios a las madres de la Zona Centro: Delegado"},"content":{"rendered":"<aside class=\"mashsb-container mashsb-main mashsb-stretched\"><div class=\"mashsb-box\"><div class=\"mashsb-count mash-large\" style=\"float:left\"><div class=\"counts mashsbcount\">53<\/div><span class=\"mashsb-sharetext\">SHARES<\/span><\/div><div class=\"mashsb-buttons\"><a class=\"mashicon-facebook mash-large mash-center mashsb-noshadow\" href=\"https:\/\/www.facebook.com\/sharer.php?u=https%3A%2F%2Fwww.zunoticia.com%2Fnoticias-de-hidalgo%2F2023%2F05%2F10%2Fmanana-entregare-los-obsequios-a-las-madres-de-la-zona-centro-delegado%2F\" target=\"_top\" rel=\"nofollow\"><span class=\"icon\"><\/span><span class=\"text\">Share<\/span><\/a><a class=\"mashicon-twitter mash-large mash-center mashsb-noshadow\" href=\"https:\/\/twitter.com\/intent\/tweet?text=&amp;url=https:\/\/www.zunoticia.com\/noticias-de-hidalgo\/2023\/05\/10\/manana-entregare-los-obsequios-a-las-madres-de-la-zona-centro-delegado\/\" target=\"_top\" rel=\"nofollow\"><span class=\"icon\"><\/span><span class=\"text\">Tweet<\/span><\/a><div class=\"onoffswitch2 mash-large mashsb-noshadow\" style=\"display:none\"><\/div><\/div>\n            <\/div>\n                <div style=\"clear:both\"><\/div><div class=\"mashsb-toggle-container\"><\/div><\/aside>\n            <!-- Share buttons by mashshare.net - Version: 4.0.47-->\n<p><\/p>\n\n\n\n<p><\/p>\n\n\n\n<p><em>Por Salvador Altamirano\/Zunoticia<\/em><\/p>\n\n\n\n<p><strong>Huejutla, Hgo.-<\/strong> \u201cPersonal del ayuntamiento que preside Daniel Andrade Zurutuza, por motivo del D\u00eda de las Madres, ya me hizo llegar los obsequios que cada a\u00f1o, por tradici\u00f3n, se entregan a cada una de las progenitoras que residen en el sector\u201d.<\/p>\n\n\n\n<p>Lo anterior, fue expresado por el delegado municipal de la Zona Centro, Felipe de Jes\u00fas Rodr\u00edguez Vera, quien agreg\u00f3 que, ma\u00f1ana (jueves), en la tarde \u2013 noche, personalmente pasar\u00e1 a entregar en cada uno de los hogares en donde hay madres de familia, su correspondiente obsequio.<\/p>\n\n\n\n<p>A pregunta formulada, detall\u00f3 que, para tal efecto le entregaron un total de 350 regalos, consistentes en utensilios para el trabajo dom\u00e9stico diario, entre ellos cubetas. Y si me sobran -dijo-, le dar\u00e9 un regalo a cada mam\u00e1 que pase por enfrente de mi casa.<\/p>\n\n\n\n<p>Anteponi\u00e9ndose a los obsequios, el representante delegacional de la Zona Centro, envi\u00f3 una efusiva felicitaci\u00f3n por su d\u00eda a todas las madres que residen no solamente en la colonia, sino en todo Huejutla, tanto a las que viven como las que ya se adelantaron en el camino.<\/p>\n\n\n\n<p>Para finalizar, Rodr\u00edguez Vera recomend\u00f3 a quienes todav\u00eda tienen la fortuna de tener a su madre viva, \u201cque las cuiden porque no reto\u00f1an&#8221; -acentu\u00f3 coloquialmente-, que las quieran, y como dice una trillada expresi\u00f3n popular, &#8220;en vida, hermano, en vida&#8221;.<\/p>\n\n\n\n<p><\/p>\n","protected":false},"excerpt":{"rendered":"<p>Por Salvador Altamirano\/Zunoticia Huejutla, Hgo.- \u201cPersonal del ayuntamiento que preside Daniel Andrade Zurutuza, por motivo del D\u00eda de las Madres, ya me hizo llegar los obsequios que cada a\u00f1o, por tradici\u00f3n, se entregan a cada una de las progenitoras que residen en el sector\u201d. Lo anterior, fue expresado por el delegado municipal de la Zona&hellip; <a class=\"more-link\" href=\"https:\/\/www.zunoticia.com\/noticias-de-hidalgo\/2023\/05\/10\/manana-entregare-los-obsequios-a-las-madres-de-la-zona-centro-delegado\/\">Seguir leyendo <span class=\"screen-reader-text\">Ma\u00f1ana entregar\u00e9 los obsequios a las madres de la Zona Centro: Delegado<\/span><\/a><\/p>\n","protected":false},"author":20,"featured_media":480945,"comment_status":"closed","ping_status":"open","sticky":false,"template":"","format":"standard","meta":{"rop_custom_images_group":[],"rop_custom_messages_group":[],"rop_publish_now":"initial","rop_publish_now_accounts":{"facebook_10159540855086992_322828327761733":""},"rop_publish_now_history":[],"rop_publish_now_status":"pending","footnotes":""},"categories":[181],"tags":[121],"class_list":["post-480944","post","type-post","status-publish","format-standard","has-post-thumbnail","hentry","category-huejutla","tag-huejutla","entry"],"_links":{"self":[{"href":"https:\/\/www.zunoticia.com\/noticias-de-hidalgo\/wp-json\/wp\/v2\/posts\/480944","targetHints":{"allow":["GET"]}}],"collection":[{"href":"https:\/\/www.zunoticia.com\/noticias-de-hidalgo\/wp-json\/wp\/v2\/posts"}],"about":[{"href":"https:\/\/www.zunoticia.com\/noticias-de-hidalgo\/wp-json\/wp\/v2\/types\/post"}],"author":[{"embeddable":true,"href":"https:\/\/www.zunoticia.com\/noticias-de-hidalgo\/wp-json\/wp\/v2\/users\/20"}],"replies":[{"embeddable":true,"href":"https:\/\/www.zunoticia.com\/noticias-de-hidalgo\/wp-json\/wp\/v2\/comments?post=480944"}],"version-history":[{"count":1,"href":"https:\/\/www.zunoticia.com\/noticias-de-hidalgo\/wp-json\/wp\/v2\/posts\/480944\/revisions"}],"predecessor-version":[{"id":480946,"href":"https:\/\/www.zunoticia.com\/noticias-de-hidalgo\/wp-json\/wp\/v2\/posts\/480944\/revisions\/480946"}],"wp:featuredmedia":[{"embeddable":true,"href":"https:\/\/www.zunoticia.com\/noticias-de-hidalgo\/wp-json\/wp\/v2\/media\/480945"}],"wp:attachment":[{"href":"https:\/\/www.zunoticia.com\/noticias-de-hidalgo\/wp-json\/wp\/v2\/media?parent=480944"}],"wp:term":[{"taxonomy":"category","embeddable":true,"href":"https:\/\/www.zunoticia.com\/noticias-de-hidalgo\/wp-json\/wp\/v2\/categories?post=480944"},{"taxonomy":"post_tag","embeddable":true,"href":"https:\/\/www.zunoticia.com\/noticias-de-hidalgo\/wp-json\/wp\/v2\/tags?post=480944"}],"curies":[{"name":"wp","href":"https:\/\/api.w.org\/{rel}","templated":true}]}}